{"id":22782,"date":"2021-08-13T15:14:07","date_gmt":"2021-08-13T19:14:07","guid":{"rendered":"https:\/\/portal.sma.gob.cl\/?p=22782"},"modified":"2021-08-13T15:14:07","modified_gmt":"2021-08-13T19:14:07","slug":"declaracion-publica-caso-sma-enap","status":"publish","type":"post","link":"https:\/\/portal.sma.gob.cl\/index.php\/declaracion-publica-caso-sma-enap\/","title":{"rendered":"DECLARACI\u00d3N P\u00daBLICA CASO SMA &#8211; ENAP"},"content":{"rendered":"<p><strong>Tema:<\/strong> Fallo Segundo Tribunal Ambiental<\/p>\n<p><strong>Cu\u00f1a:<\/strong> Crist\u00f3bal De La Maza, Superintendente del Medio Ambiente.<\/p>\n<p>Santiago, 13 de agosto de 2021.- \u201cEl actuar de la Superintendencia del Medio Ambiente (SMA) se ajusta a derecho. Hemos entregado a ENAP todas las garant\u00edas de defensa en el procedimiento sancionatorio en curso. La emergencia ambiental del 2018 en las comunas de Quintero y Puchuncav\u00ed es una de las mayores de la historia reciente y lo m\u00ednimo que se merece la Comunidad es conocer que sucedi\u00f3. Para que esto no se repita, la SMA debe concluir su investigaci\u00f3n y que la justicia ambiental act\u00fae. Es por ello que se impugnar\u00e1 la sentencia ante la Corte Suprema\u201d.<\/p>\n","protected":false},"excerpt":{"rendered":"<p>Tema: Fallo Segundo Tribunal Ambiental Cu\u00f1a: Crist\u00f3bal De La Maza, Superintendente del Medio Ambiente. Santiago, 13 de agosto de 2021.- \u201cEl actuar de la Superintendencia del Medio Ambiente (SMA) se ajusta a derecho. Hemos entregado a ENAP todas las garant\u00edas de defensa en el procedimiento sancionatorio en curso. La emergencia ambiental del 2018 en las comunas <a href=\"https:\/\/portal.sma.gob.cl\/index.php\/declaracion-publica-caso-sma-enap\/\">Leer m\u00e1s<\/a><\/p>\n","protected":false},"author":3,"featured_media":22781,"comment_status":"open","ping_status":"open","sticky":false,"template":"","format":"standard","meta":{"footnotes":""},"categories":[90,107],"tags":[],"class_list":["post-22782","post","type-post","status-publish","format-standard","has-post-thumbnail","hentry","category-comunicados-noticias","category-destacado"],"_links":{"self":[{"href":"https:\/\/portal.sma.gob.cl\/index.php\/wp-json\/wp\/v2\/posts\/22782","targetHints":{"allow":["GET"]}}],"collection":[{"href":"https:\/\/portal.sma.gob.cl\/index.php\/wp-json\/wp\/v2\/posts"}],"about":[{"href":"https:\/\/portal.sma.gob.cl\/index.php\/wp-json\/wp\/v2\/types\/post"}],"author":[{"embeddable":true,"href":"https:\/\/portal.sma.gob.cl\/index.php\/wp-json\/wp\/v2\/users\/3"}],"replies":[{"embeddable":true,"href":"https:\/\/portal.sma.gob.cl\/index.php\/wp-json\/wp\/v2\/comments?post=22782"}],"version-history":[{"count":1,"href":"https:\/\/portal.sma.gob.cl\/index.php\/wp-json\/wp\/v2\/posts\/22782\/revisions"}],"predecessor-version":[{"id":22783,"href":"https:\/\/portal.sma.gob.cl\/index.php\/wp-json\/wp\/v2\/posts\/22782\/revisions\/22783"}],"wp:featuredmedia":[{"embeddable":true,"href":"https:\/\/portal.sma.gob.cl\/index.php\/wp-json\/wp\/v2\/media\/22781"}],"wp:attachment":[{"href":"https:\/\/portal.sma.gob.cl\/index.php\/wp-json\/wp\/v2\/media?parent=22782"}],"wp:term":[{"taxonomy":"category","embeddable":true,"href":"https:\/\/portal.sma.gob.cl\/index.php\/wp-json\/wp\/v2\/categories?post=22782"},{"taxonomy":"post_tag","embeddable":true,"href":"https:\/\/portal.sma.gob.cl\/index.php\/wp-json\/wp\/v2\/tags?post=22782"}],"curies":[{"name":"wp","href":"https:\/\/api.w.org\/{rel}","templated":true}]}}