{"id":22805,"date":"2021-08-18T18:45:55","date_gmt":"2021-08-18T22:45:55","guid":{"rendered":"https:\/\/portal.sma.gob.cl\/?p=22805"},"modified":"2025-07-21T15:32:17","modified_gmt":"2025-07-21T19:32:17","slug":"para-fuentes-estacionarias-sma-actualiza-catastro-del-sistema-de-seguimiento-atmosferico-sisat","status":"publish","type":"post","link":"https:\/\/portal.sma.gob.cl\/index.php\/para-fuentes-estacionarias-sma-actualiza-catastro-del-sistema-de-seguimiento-atmosferico-sisat\/","title":{"rendered":"Para Fuentes Estacionarias: SMA Actualiza Catastro del Sistema de Seguimiento Atmosf\u00e9rico (SISAT)"},"content":{"rendered":"<p><strong>La actualizaci\u00f3n de la plataforma SISAT, permitir\u00e1 disponer en l\u00ednea de un catastro y variables operacionales que determinar\u00e1 el nivel de actividad de las fuentes afectas de manera de estimar sus emisiones, y as\u00ed disponer de informaci\u00f3n oportuna para las fiscalizaciones ambientales.<\/strong><\/p>\n<p><strong>Santiago 18 de agosto de 2021.-<\/strong> A comienzo de este mes, la Superintendencia del Medio Ambiente (SMA) actualiz\u00f3 el m\u00f3dulo de Catastro del Sistema de Seguimiento Atmosf\u00e9rico -SISAT- que da cumplimiento al <strong>\u201cProtocolo de Conexi\u00f3n y Reporte de Variables Operacionales de Motores de Combusti\u00f3n Interna para Generaci\u00f3n El\u00e9ctrica\u201d, <\/strong>publicado el 07 de mayo en el Diario Oficial, a trav\u00e9s de la Res. N\u00b0743 de 2021.<\/p>\n<p>Dicha instrucci\u00f3n establece exigencias para las fuentes estacionarias, tales como el Catastro de Grupos Electr\u00f3genos y Reporte en L\u00ednea de horas de funcionamiento y consumo de combustible para este tipo de fuentes.<\/p>\n<p>De esta manera, los grupos electr\u00f3genos (GE) que cuenten con una potencia t\u00e9rmica nominal menor a 500 KWt, s\u00f3lo deber\u00e1n realizar el catastro en el sistema. Aquellas en cambio, que tengan una potencia t\u00e9rmica mayor o igual a dicho valor, deber\u00e1n realizar el <strong>catastro y el reporte en l\u00ednea<\/strong> de las variables operacionales <strong>a contar desde el 1\u00b0 de enero de 2022<\/strong>.<\/p>\n<p>Para dar cumplimiento al Protocolo de Conexi\u00f3n, los titulares de establecimientos afectos deber\u00e1n registrar y reportar, a trav\u00e9s de este m\u00f3dulo, las caracter\u00edsticas de este tipo de fuentes estacionarias, de manera similar a lo reportado en el Registro de Fuentes y Procesos (RFP) del Ministerio del Medio Ambiente (MMA), en un plazo de 3 meses desde habilitado el m\u00f3dulo en SISAT.<\/p>\n<p>Esta actualizaci\u00f3n dice relaci\u00f3n con la habilitaci\u00f3n del catastro para fuentes de Grupos Electr\u00f3genos; revisi\u00f3n de inconsistencias entre las fuentes estacionarias registrada en SISAT y en el RFP del MMA; adem\u00e1s del c\u00e1lculo autom\u00e1tico en la plataforma de la potencia t\u00e9rmica nominal (MWt) de acuerdo con el valor de consumo de combustible nominal de fuentes como: calderas, turbinas, procesos con combusti\u00f3n y grupos electr\u00f3genos, informado por el encargado del establecimiento.<\/p>\n<p>Asimismo, y en el marco del proceso de asistencia al cumplimiento a establecimientos afectos a las obligaciones de las Res. Exenta N\u00b0 2452\/2020 y N\u00b0 743\/2021, la Superintendencia del Medio Ambiente, <strong>program\u00f3 la realizaci\u00f3n de un Taller en l\u00ednea dirigido a los encargados de establecimientos afectos a estas instrucciones a nivel nacional.<\/strong><\/p>\n<p>La actividad se realizar\u00e1 el <strong>jueves 26 de agosto a las 11:00 hrs., mediante la plataforma Microsoft Teams, y las inscripciones ser\u00e1n a trav\u00e9s del correo electr\u00f3nico <\/strong><a href=\"mailto:tallersma@sma.gob.cl\"><strong>tallersma@sma.gob.cl<\/strong><\/a><strong>. <\/strong>Indicando en el asunto \u201cTaller SISAT 26-08-2021\u201d y en el contenido el nombre del participante, instituci\u00f3n a la que pertenece (o si es persona natural), comuna y mail de contacto.<\/p>\n","protected":false},"excerpt":{"rendered":"<p>La actualizaci\u00f3n de la plataforma SISAT, permitir\u00e1 disponer en l\u00ednea de un catastro y variables operacionales que determinar\u00e1 el nivel de actividad de las fuentes afectas de manera de estimar sus emisiones, y as\u00ed disponer de informaci\u00f3n oportuna para las fiscalizaciones ambientales. Santiago 18 de agosto de 2021.- A comienzo de este mes, la Superintendencia del <a href=\"https:\/\/portal.sma.gob.cl\/index.php\/para-fuentes-estacionarias-sma-actualiza-catastro-del-sistema-de-seguimiento-atmosferico-sisat\/\">Leer m\u00e1s<\/a><\/p>\n","protected":false},"author":3,"featured_media":22809,"comment_status":"open","ping_status":"open","sticky":false,"template":"","format":"standard","meta":{"footnotes":""},"categories":[90,107,283],"tags":[],"class_list":["post-22805","post","type-post","status-publish","format-standard","has-post-thumbnail","hentry","category-comunicados-noticias","category-destacado","category-sisat"],"_links":{"self":[{"href":"https:\/\/portal.sma.gob.cl\/index.php\/wp-json\/wp\/v2\/posts\/22805","targetHints":{"allow":["GET"]}}],"collection":[{"href":"https:\/\/portal.sma.gob.cl\/index.php\/wp-json\/wp\/v2\/posts"}],"about":[{"href":"https:\/\/portal.sma.gob.cl\/index.php\/wp-json\/wp\/v2\/types\/post"}],"author":[{"embeddable":true,"href":"https:\/\/portal.sma.gob.cl\/index.php\/wp-json\/wp\/v2\/users\/3"}],"replies":[{"embeddable":true,"href":"https:\/\/portal.sma.gob.cl\/index.php\/wp-json\/wp\/v2\/comments?post=22805"}],"version-history":[{"count":1,"href":"https:\/\/portal.sma.gob.cl\/index.php\/wp-json\/wp\/v2\/posts\/22805\/revisions"}],"predecessor-version":[{"id":22806,"href":"https:\/\/portal.sma.gob.cl\/index.php\/wp-json\/wp\/v2\/posts\/22805\/revisions\/22806"}],"wp:featuredmedia":[{"embeddable":true,"href":"https:\/\/portal.sma.gob.cl\/index.php\/wp-json\/wp\/v2\/media\/22809"}],"wp:attachment":[{"href":"https:\/\/portal.sma.gob.cl\/index.php\/wp-json\/wp\/v2\/media?parent=22805"}],"wp:term":[{"taxonomy":"category","embeddable":true,"href":"https:\/\/portal.sma.gob.cl\/index.php\/wp-json\/wp\/v2\/categories?post=22805"},{"taxonomy":"post_tag","embeddable":true,"href":"https:\/\/portal.sma.gob.cl\/index.php\/wp-json\/wp\/v2\/tags?post=22805"}],"curies":[{"name":"wp","href":"https:\/\/api.w.org\/{rel}","templated":true}]}}