{"id":22855,"date":"2021-09-07T17:54:45","date_gmt":"2021-09-07T20:54:45","guid":{"rendered":"https:\/\/portal.sma.gob.cl\/?p=22855"},"modified":"2021-09-07T17:54:45","modified_gmt":"2021-09-07T20:54:45","slug":"antofagasta-regulados-se-capacitan-en-gestion-de-ruidos","status":"publish","type":"post","link":"https:\/\/portal.sma.gob.cl\/index.php\/antofagasta-regulados-se-capacitan-en-gestion-de-ruidos\/","title":{"rendered":"Antofagasta: Regulados se Capacitan en Gesti\u00f3n de Ruidos"},"content":{"rendered":"<p><strong>La actividad -desarrollada a trav\u00e9s de videoconferencia- cont\u00f3 con la apertura y participaci\u00f3n del Superintendente Crist\u00f3bal De La Maza, y estuvo orientada a explicar c\u00f3mo opera la gesti\u00f3n de denuncias por ruidos molestos a titulares de locales nocturnos, gimnasios, salones de eventos y discotecas de Antofagasta.<\/strong><\/p>\n<p><strong>Antofagasta, 07 de septiembre de 2021.- <\/strong>El Superintendente del Medio Ambiente, Crist\u00f3bal De La Maza, inaugur\u00f3 esta ma\u00f1ana el <strong>Taller \u201cGesti\u00f3n de Ruido\u201d<\/strong>, dirigido a titulares de locales nocturnos, gimnasios, salones de eventos y discotecas de la ciudad de Antofagasta y que fue organizado por la Oficina Regional de esta zona del pa\u00eds, en conjunto con el Departamento de Gesti\u00f3n Institucional (DGI) y la Divisi\u00f3n de Fiscal\u00eda de la instituci\u00f3n.<\/p>\n<p>El encuentro, que tuvo por objetivo generar una instancia de di\u00e1logo y acercamiento respecto a las materias de sanci\u00f3n de la Superintendencia del Medio Ambiente (SMA) frente al incumplimiento del <strong>D.S. N\u00b038 que regula la Norma de Ruido<\/strong>, se desarroll\u00f3 a trav\u00e9s de videoconferencia y fue moderado por la Jefa Regional de la instituci\u00f3n en Antofagasta, Sandra Cortez.<\/p>\n<p>\u201cConstantemente realizamos talleres centrados en la gesti\u00f3n de ruido porque m\u00e1s del 50% de las denuncias que recibimos en la regi\u00f3n, y en casi todo el pa\u00eds, est\u00e1n asociadas a ellos. De aqu\u00ed la importancia de que las empresas titulares de fuentes fijas reguladas por esta normativa conozcan sobre dicho marco regulatorio y tambi\u00e9n sobre nuestra gesti\u00f3n en esta materia\u201d, explic\u00f3 Cortez.<\/p>\n<p>Los participantes profundizaron sobre los principales aspectos procedimentales y normativos del decreto que rige para este emisor, as\u00ed como tambi\u00e9n el procedimiento de fiscalizaci\u00f3n que se realiza ante este tipo de denuncias, presentado por Carlos Cares, fiscalizador del equipo de regional.<\/p>\n<p>Por su parte, el Superintendente De La Maza valor\u00f3 el inter\u00e9s de la audiencia en conocer c\u00f3mo act\u00faa la SMA en esta materia. \u201cHemos fijado como l\u00ednea de acci\u00f3n estrat\u00e9gica la gesti\u00f3n de denuncias por ruido y es importante destacar que, en el \u00faltimo tiempo, su tramitaci\u00f3n ha sido agilizada considerablemente porque sabemos que es un problema que afecta a la ciudadan\u00eda\u201d, recalc\u00f3 la autoridad.<\/p>\n<p>En paralelo, -continu\u00f3 De La Maza-, estamos impulsando acciones preventivas en el sector regulado e inst\u00e1ndolos a recurrir cada vez que sea necesario, a la asistencia al cumplimiento de dicha normativa ambiental con el objeto de lograr una mejor convivencia entre las empresas y su entorno, resguardando el marco legal ambiental vigente en nuestro pa\u00eds, indic\u00f3.<\/p>\n<p>Al t\u00e9rmino de la presentaci\u00f3n, se dispuso de una ronda de preguntas, respecto a los tiempos que duran los procedimientos sancionatorios vinculados a la Norma de Ruido, y que fueron resueltas por el Fiscal Instructor de la SMA Sebasti\u00e1n Tapia, en conjunto con Carlos Cares y Sandra Cortez.<\/p>\n","protected":false},"excerpt":{"rendered":"<p>La actividad -desarrollada a trav\u00e9s de videoconferencia- cont\u00f3 con la apertura y participaci\u00f3n del Superintendente Crist\u00f3bal De La Maza, y estuvo orientada a explicar c\u00f3mo opera la gesti\u00f3n de denuncias por ruidos molestos a titulares de locales nocturnos, gimnasios, salones de eventos y discotecas de Antofagasta. Antofagasta, 07 de septiembre de 2021.- El Superintendente del Medio <a href=\"https:\/\/portal.sma.gob.cl\/index.php\/antofagasta-regulados-se-capacitan-en-gestion-de-ruidos\/\">Leer m\u00e1s<\/a><\/p>\n","protected":false},"author":3,"featured_media":22854,"comment_status":"open","ping_status":"open","sticky":false,"template":"","format":"standard","meta":{"footnotes":""},"categories":[90,107],"tags":[],"class_list":["post-22855","post","type-post","status-publish","format-standard","has-post-thumbnail","hentry","category-comunicados-noticias","category-destacado"],"_links":{"self":[{"href":"https:\/\/portal.sma.gob.cl\/index.php\/wp-json\/wp\/v2\/posts\/22855","targetHints":{"allow":["GET"]}}],"collection":[{"href":"https:\/\/portal.sma.gob.cl\/index.php\/wp-json\/wp\/v2\/posts"}],"about":[{"href":"https:\/\/portal.sma.gob.cl\/index.php\/wp-json\/wp\/v2\/types\/post"}],"author":[{"embeddable":true,"href":"https:\/\/portal.sma.gob.cl\/index.php\/wp-json\/wp\/v2\/users\/3"}],"replies":[{"embeddable":true,"href":"https:\/\/portal.sma.gob.cl\/index.php\/wp-json\/wp\/v2\/comments?post=22855"}],"version-history":[{"count":1,"href":"https:\/\/portal.sma.gob.cl\/index.php\/wp-json\/wp\/v2\/posts\/22855\/revisions"}],"predecessor-version":[{"id":22856,"href":"https:\/\/portal.sma.gob.cl\/index.php\/wp-json\/wp\/v2\/posts\/22855\/revisions\/22856"}],"wp:featuredmedia":[{"embeddable":true,"href":"https:\/\/portal.sma.gob.cl\/index.php\/wp-json\/wp\/v2\/media\/22854"}],"wp:attachment":[{"href":"https:\/\/portal.sma.gob.cl\/index.php\/wp-json\/wp\/v2\/media?parent=22855"}],"wp:term":[{"taxonomy":"category","embeddable":true,"href":"https:\/\/portal.sma.gob.cl\/index.php\/wp-json\/wp\/v2\/categories?post=22855"},{"taxonomy":"post_tag","embeddable":true,"href":"https:\/\/portal.sma.gob.cl\/index.php\/wp-json\/wp\/v2\/tags?post=22855"}],"curies":[{"name":"wp","href":"https:\/\/api.w.org\/{rel}","templated":true}]}}