{"id":22873,"date":"2021-09-23T13:06:43","date_gmt":"2021-09-23T16:06:43","guid":{"rendered":"https:\/\/portal.sma.gob.cl\/?p=22873"},"modified":"2021-09-23T13:06:43","modified_gmt":"2021-09-23T16:06:43","slug":"superintendente-de-la-maza-refuerza-ejes-estrategicos-con-enfasis-en-territorios-prioritarios-e-inteligencia-ambiental","status":"publish","type":"post","link":"https:\/\/portal.sma.gob.cl\/index.php\/superintendente-de-la-maza-refuerza-ejes-estrategicos-con-enfasis-en-territorios-prioritarios-e-inteligencia-ambiental\/","title":{"rendered":"Superintendente De La Maza Refuerza Ejes Estrat\u00e9gicos con \u00c9nfasis en Territorios Prioritarios e Inteligencia Ambiental"},"content":{"rendered":"<p><strong>Con presencia de Jefaturas Regionales y Nivel Central, la instituci\u00f3n retom\u00f3 actividad anual de coordinaci\u00f3n -que se extendi\u00f3 por tres d\u00edas- que permiti\u00f3 generar v\u00ednculos y alcanzar objetivos propuestos dados los lineamientos fijados para el per\u00edodo 2021 \u2013 2022.<\/strong><\/p>\n<p><strong>Santiago, 23 de septiembre de 2021.- <\/strong>El Superintendente del Medio Ambiente, Crist\u00f3bal De La Maza se reuni\u00f3 con jefes regionales y de nivel central en <strong>\u201cJornada de Trabajo del Equipo Directivo 2021\u201d<\/strong>, destacando los ejes estrat\u00e9gicos de la instituci\u00f3n con \u00e9nfasis en Territorios Prioritarios e Inteligencia Ambiental.<\/p>\n<p>En el encuentro, la autoridad destac\u00f3 la importancia de volver a reunirse presencialmente con su equipo, despu\u00e9s de todo este per\u00edodo en que la tecnolog\u00eda ha sido una aliada en esta nueva modalidad de trabajo. Al respecto, De La Maza se\u00f1al\u00f3 que \u201cesta oportunidad nos permite volver a generar v\u00ednculos y alcanzar los objetivos que nos hemos propuesto dados los lineamientos estrat\u00e9gicos que hemos fijado para el per\u00edodo 2021 \u2013 2022\u201d.<\/p>\n<p>Durante este tiempo -continu\u00f3 De La Maza-, hemos seguido trabajando a distancia con la certeza que todos los equipos desde Arica a Magallanes, han desplegado sus m\u00e1ximos esfuerzos por cumplir con nuestra misi\u00f3n para el resguardo del medio ambiente.<\/p>\n<p>La actividad cont\u00f3 adem\u00e1s con la presencia del <strong>Subsecretario del Medio Ambiente, Javier Naranjo<\/strong>, quien indic\u00f3 estar agradecido de participar de esta jornada de planificaci\u00f3n anual de jefaturas. \u201cNo cabe duda que la Superintendencia del Medio Ambiente ha sido, es y ser\u00e1 el brazo operativo de nuestra institucionalidad ambiental, lo cual, tiene muchas dimensiones\u201d.<\/p>\n<p>A\u00f1adi\u00f3 que hoy, en un contexto donde la ciudadan\u00eda tiene m\u00faltiples demandas, su rol es fundamental. La SMA debe seguir manteniendo su accionar y frente a ello, \u201clos invito a seguir trabajando coordinadamente entre todos los actores que formamos parte de esta Institucionalidad y relevar un servicio oportuno, tanto a la ciudadan\u00eda como a los regulados\u201d, destac\u00f3 la autoridad.<\/p>\n<p>Por su parte <strong>Hern\u00e1n Br\u00fccher, Director Ejecutivo del Servicio de Evaluaci\u00f3n Ambiental (SEA)<\/strong> adem\u00e1s de destacar y agradecer la invitaci\u00f3n del Superintendente, se\u00f1al\u00f3 que entre instituciones primas hermanas, es muy importante mantener siempre el di\u00e1logo y comunicarnos permanentemente en miras del cuidado y la protecci\u00f3n del medio ambiente. \u201cLos insto a que sigamos potenciando esta comunicaci\u00f3n continua entre ustedes y nuestros directores regionales\u201d, enfatiz\u00f3 la autoridad.<\/p>\n<p>La jornada de trabajo que se extendi\u00f3 por tres d\u00edas, sirvi\u00f3 para que el equipo directivo conociera en profundidad los avances de la <strong>Estrategia Ambiental<\/strong>, la <strong>priorizaci\u00f3n de nuevos Territorios<\/strong> y el estado de avance del <strong>Sistema de Denuncias Ciudadanas<\/strong>, iniciativa presentada este a\u00f1o por la SMA y que est\u00e1 reforzando la entidad para mejorar dicha gesti\u00f3n. Adem\u00e1s, conocieron el trabajo de la Comisi\u00f3n de Medio Ambiente del Congreso y las principales propuestas que han surgido en esta instancia legislativa.<\/p>\n","protected":false},"excerpt":{"rendered":"<p>Con presencia de Jefaturas Regionales y Nivel Central, la instituci\u00f3n retom\u00f3 actividad anual de coordinaci\u00f3n -que se extendi\u00f3 por tres d\u00edas- que permiti\u00f3 generar v\u00ednculos y alcanzar objetivos propuestos dados los lineamientos fijados para el per\u00edodo 2021 \u2013 2022. Santiago, 23 de septiembre de 2021.- El Superintendente del Medio Ambiente, Crist\u00f3bal De La Maza se reuni\u00f3 <a href=\"https:\/\/portal.sma.gob.cl\/index.php\/superintendente-de-la-maza-refuerza-ejes-estrategicos-con-enfasis-en-territorios-prioritarios-e-inteligencia-ambiental\/\">Leer m\u00e1s<\/a><\/p>\n","protected":false},"author":3,"featured_media":22871,"comment_status":"open","ping_status":"open","sticky":false,"template":"","format":"standard","meta":{"footnotes":""},"categories":[90,107],"tags":[],"class_list":["post-22873","post","type-post","status-publish","format-standard","has-post-thumbnail","hentry","category-comunicados-noticias","category-destacado"],"_links":{"self":[{"href":"https:\/\/portal.sma.gob.cl\/index.php\/wp-json\/wp\/v2\/posts\/22873","targetHints":{"allow":["GET"]}}],"collection":[{"href":"https:\/\/portal.sma.gob.cl\/index.php\/wp-json\/wp\/v2\/posts"}],"about":[{"href":"https:\/\/portal.sma.gob.cl\/index.php\/wp-json\/wp\/v2\/types\/post"}],"author":[{"embeddable":true,"href":"https:\/\/portal.sma.gob.cl\/index.php\/wp-json\/wp\/v2\/users\/3"}],"replies":[{"embeddable":true,"href":"https:\/\/portal.sma.gob.cl\/index.php\/wp-json\/wp\/v2\/comments?post=22873"}],"version-history":[{"count":1,"href":"https:\/\/portal.sma.gob.cl\/index.php\/wp-json\/wp\/v2\/posts\/22873\/revisions"}],"predecessor-version":[{"id":22874,"href":"https:\/\/portal.sma.gob.cl\/index.php\/wp-json\/wp\/v2\/posts\/22873\/revisions\/22874"}],"wp:featuredmedia":[{"embeddable":true,"href":"https:\/\/portal.sma.gob.cl\/index.php\/wp-json\/wp\/v2\/media\/22871"}],"wp:attachment":[{"href":"https:\/\/portal.sma.gob.cl\/index.php\/wp-json\/wp\/v2\/media?parent=22873"}],"wp:term":[{"taxonomy":"category","embeddable":true,"href":"https:\/\/portal.sma.gob.cl\/index.php\/wp-json\/wp\/v2\/categories?post=22873"},{"taxonomy":"post_tag","embeddable":true,"href":"https:\/\/portal.sma.gob.cl\/index.php\/wp-json\/wp\/v2\/tags?post=22873"}],"curies":[{"name":"wp","href":"https:\/\/api.w.org\/{rel}","templated":true}]}}