{"id":22877,"date":"2021-09-23T19:27:46","date_gmt":"2021-09-23T22:27:46","guid":{"rendered":"https:\/\/portal.sma.gob.cl\/?p=22877"},"modified":"2023-09-07T15:32:25","modified_gmt":"2023-09-07T18:32:25","slug":"sma-arica-dicto-taller-de-asistencia-al-cumplimiento-a-regulados-centrado-en-la-autodenuncia","status":"publish","type":"post","link":"https:\/\/portal.sma.gob.cl\/index.php\/sma-arica-dicto-taller-de-asistencia-al-cumplimiento-a-regulados-centrado-en-la-autodenuncia\/","title":{"rendered":"SMA Arica Dict\u00f3 Taller de Asistencia al Cumplimiento a Regulados Centrado en la Autodenuncia"},"content":{"rendered":"<p><strong>La actividad -que cont\u00f3 con la apertura del Superintendente del Medio Ambiente, Crist\u00f3bal De La Maza- estuvo orientada a explicar c\u00f3mo opera la Gesti\u00f3n de Autodenuncia. En ella participaron representantes de titulares del sector energ\u00eda, miner\u00eda, acuicultura y servicios p\u00fablicos, entre otros.<\/strong><\/p>\n<p><strong>Arica, 23 de septiembre de 2021.-<\/strong> El Superintendente del Medio Ambiente, Crist\u00f3bal De La Maza inaugur\u00f3 esta ma\u00f1ana el Taller <strong>\u201cGesti\u00f3n de Autodenuncia\u201d<\/strong> dirigido a titulares del sector energ\u00eda, miner\u00eda, acuicultura y servicios p\u00fablicos, entre otros.<\/p>\n<p>En la oportunidad, el Superintendente De La Maza destac\u00f3 la importancia de la Gesti\u00f3n de Autodenuncia se\u00f1alando que \u201ces otra manera de incentivar el cumplimiento del regulado, pues de esta forma podemos asistir a los titulares en su presentaci\u00f3n, orient\u00e1ndolos en la comprensi\u00f3n de las obligaciones que emanan de los instrumentos de car\u00e1cter ambiental\u201d, destac\u00f3 la autoridad.<\/p>\n<p>El encuentro -organizado por la Oficina Regional de Arica en conjunto con el Departamento de Gesti\u00f3n Institucional y Fiscal\u00eda- estuvo a cargo de su jefatura Tania Gonz\u00e1lez y de \u00c1lvaro N\u00fa\u00f1ez, Fiscal Instructor asociado a la regi\u00f3n, quienes tuvieron a su cargo revisar y explicar las etapas de este procedimiento (presentaci\u00f3n, admisi\u00f3n y desarrollo del plan de cumplimiento respectivo).<\/p>\n<p>\u201cInvitamos a nuestros titulares a que eval\u00faen permanentemente sus compromisos ambientales, debido que en nuestras actividades de fiscalizaci\u00f3n nos guiamos por el permiso autorizado, por lo que, si la inspecci\u00f3n detecta cambios en la ejecuci\u00f3n de la actividad de la empresa, \u00e9sta debe estar respaldada por la autoridad pertinente\u201d, explic\u00f3 Tania Gonz\u00e1lez.<\/p>\n<p>Al t\u00e9rmino de la presentaci\u00f3n, se dispuso de una ronda de preguntas respecto del tema, las que fueron resueltas por ambos funcionarios de la instituci\u00f3n.<\/p>\n","protected":false},"excerpt":{"rendered":"<p>La actividad -que cont\u00f3 con la apertura del Superintendente del Medio Ambiente, Crist\u00f3bal De La Maza- estuvo orientada a explicar c\u00f3mo opera la Gesti\u00f3n de Autodenuncia. En ella participaron representantes de titulares del sector energ\u00eda, miner\u00eda, acuicultura y servicios p\u00fablicos, entre otros. Arica, 23 de septiembre de 2021.- El Superintendente del Medio Ambiente, Crist\u00f3bal De La <a href=\"https:\/\/portal.sma.gob.cl\/index.php\/sma-arica-dicto-taller-de-asistencia-al-cumplimiento-a-regulados-centrado-en-la-autodenuncia\/\">Leer m\u00e1s<\/a><\/p>\n","protected":false},"author":3,"featured_media":22875,"comment_status":"open","ping_status":"open","sticky":false,"template":"","format":"standard","meta":{"footnotes":""},"categories":[90,107],"tags":[],"class_list":["post-22877","post","type-post","status-publish","format-standard","has-post-thumbnail","hentry","category-comunicados-noticias","category-destacado"],"_links":{"self":[{"href":"https:\/\/portal.sma.gob.cl\/index.php\/wp-json\/wp\/v2\/posts\/22877","targetHints":{"allow":["GET"]}}],"collection":[{"href":"https:\/\/portal.sma.gob.cl\/index.php\/wp-json\/wp\/v2\/posts"}],"about":[{"href":"https:\/\/portal.sma.gob.cl\/index.php\/wp-json\/wp\/v2\/types\/post"}],"author":[{"embeddable":true,"href":"https:\/\/portal.sma.gob.cl\/index.php\/wp-json\/wp\/v2\/users\/3"}],"replies":[{"embeddable":true,"href":"https:\/\/portal.sma.gob.cl\/index.php\/wp-json\/wp\/v2\/comments?post=22877"}],"version-history":[{"count":1,"href":"https:\/\/portal.sma.gob.cl\/index.php\/wp-json\/wp\/v2\/posts\/22877\/revisions"}],"predecessor-version":[{"id":22878,"href":"https:\/\/portal.sma.gob.cl\/index.php\/wp-json\/wp\/v2\/posts\/22877\/revisions\/22878"}],"wp:featuredmedia":[{"embeddable":true,"href":"https:\/\/portal.sma.gob.cl\/index.php\/wp-json\/wp\/v2\/media\/22875"}],"wp:attachment":[{"href":"https:\/\/portal.sma.gob.cl\/index.php\/wp-json\/wp\/v2\/media?parent=22877"}],"wp:term":[{"taxonomy":"category","embeddable":true,"href":"https:\/\/portal.sma.gob.cl\/index.php\/wp-json\/wp\/v2\/categories?post=22877"},{"taxonomy":"post_tag","embeddable":true,"href":"https:\/\/portal.sma.gob.cl\/index.php\/wp-json\/wp\/v2\/tags?post=22877"}],"curies":[{"name":"wp","href":"https:\/\/api.w.org\/{rel}","templated":true}]}}