{"id":22910,"date":"2021-10-13T16:09:18","date_gmt":"2021-10-13T19:09:18","guid":{"rendered":"https:\/\/portal.sma.gob.cl\/?p=22910"},"modified":"2021-10-13T16:30:51","modified_gmt":"2021-10-13T19:30:51","slug":"proyecto-totoral-el-quisco-sma-formulo-2-cargos-graves-a-vertedero-que-opera-al-interior-de-santuario-y-sin-permiso-ambiental","status":"publish","type":"post","link":"https:\/\/portal.sma.gob.cl\/index.php\/proyecto-totoral-el-quisco-sma-formulo-2-cargos-graves-a-vertedero-que-opera-al-interior-de-santuario-y-sin-permiso-ambiental\/","title":{"rendered":"Proyecto Totoral, El Quisco: SMA Formul\u00f3 2 Cargos Graves a Vertedero que Opera al Interior de Santuario y Sin Permiso Ambiental"},"content":{"rendered":"<p><strong>Las infracciones se cursaron por ejecutar dicho proyecto sin contar con la Resoluci\u00f3n de Calificaci\u00f3n Ambiental (RCA) que lo autorice en los l\u00edmites del Santuario de la Naturaleza Quebrada de C\u00f3rdova y, por no dar respuesta a los Requerimientos de Informaci\u00f3n solicitados por la SMA desde mayo de 2018 a la fecha. <\/strong><\/p>\n<p><strong>Valpara\u00edso, 13 de octubre de 2021.-<\/strong> La Superintendencia del Medio Ambiente (SMA) formul\u00f3 dos cargos <strong>Graves<\/strong> contra <strong>Luis Garc\u00eda Jofr\u00e9<\/strong>, titular del <strong>\u201cVertedero El Totoral\u201d<\/strong>, ubicado en camino El Totoral, comuna de El Quisco, Regi\u00f3n de Valpara\u00edso. El titular podr\u00eda arriesgar una multa de hasta 10 mil UTA (Unidad Tributaria Anual).<\/p>\n<p>El proyecto se ubica dentro de los l\u00edmites del <strong>Santuario de la Naturaleza Quebrada de C\u00f3rdova<\/strong>, declarado como tal por el Ministerio del Medio Ambiente en julio de 2017 y contempla la cuenca baja del estero El Rosario, ubicada en el l\u00edmite de las comunas de El Quisco y El Tabo, Provincia de San Antonio, Regi\u00f3n de Valpara\u00edso, comprende una superficie aproximada total de 137,43 hect\u00e1reas.<\/p>\n<p>Es justamente en este sector que se localiza este predio que se usa como vertedero para la recepci\u00f3n, acopio y disposici\u00f3n de residuos de materiales de origen vegetal, residuos inorg\u00e1nicos y escombros de la construcci\u00f3n, provenientes principalmente de actividades municipales.<\/p>\n<p>El primer cargo que formul\u00f3 la Superintendencia dice relaci\u00f3n con la ejecuci\u00f3n de un proyecto de acumulaci\u00f3n y disposici\u00f3n de residuos org\u00e1nicos y escombros, junto con la construcci\u00f3n de un camino interior, dentro de los l\u00edmites del <strong>Santuario<\/strong> que adem\u00e1s contempla la ejecuci\u00f3n de actividades de extracci\u00f3n de \u00e1ridos a tan s\u00f3lo 13,2 mts. del lugar, ambos sin contar con la respectiva Resoluci\u00f3n de Calificaci\u00f3n Ambiental (RCA).<\/p>\n<p>El segundo cargo se imput\u00f3 por no dar respuesta a los Requerimientos de Informaci\u00f3n realizados por la Oficina Regional de Valpara\u00edso, el 7 de mayo de 2018 y adem\u00e1s de ser reiterado con fecha 16 de agosto de 2021 tampoco fue recepcionado por la SMA.<\/p>\n<p>Seg\u00fan confirm\u00f3 el Superintendente del Medio Ambiente, Crist\u00f3bal De La Maza, de acuerdo con los resultados obtenidos tras la exhaustiva investigaci\u00f3n llevada adelante por funcionarios de la SMA, \u201cse pudo constatar que la intervenci\u00f3n en Quebrada de C\u00f3rdova alcanz\u00f3 un \u00e1rea aproximada de 0,46 hect\u00e1reas, afectaci\u00f3n que se encuentra dentro de los l\u00edmites del sitio que debe conservar el ecosistema terrestre de bosque escler\u00f3filo mediterr\u00e1neo costero, en particular de Litre y Peumo\u201d, indic\u00f3.<\/p>\n<p>Conforme a que las actividades desarrolladas por el titular, -continu\u00f3 De La Maza-, han traspasado los l\u00edmites de su predio, interviniendo y afectando el Santuario, se pudo constatar que el proyecto debi\u00f3 haber sido sometido al Servicio de Evaluaci\u00f3n de Impacto Ambiental (SEIA) antes de su ejecuci\u00f3n, obligaci\u00f3n que hasta la fecha no se ha realizado, m\u00e1s a\u00fan cuando se tratan de actividades consistentes en la acumulaci\u00f3n y disposici\u00f3n de residuos del tipo org\u00e1nico de origen vegetal y escombros, adem\u00e1s de la construcci\u00f3n de un camino interior, sostuvo.<\/p>\n<p><strong>DENUNCIAS<\/strong><\/p>\n<p>Tras una denuncia ciudadana realizada en abril de 2018 ante la SMA, se realizaron diversas acciones entre las que destacan, Requerimiento de Informaci\u00f3n al titular (07 de mayo de 2018); oficio a Seremi de Salud de Valpara\u00edso (01 de agosto de 2018) y al Consejo de Monumentos Nacionales (13 de agosto de 2019), quien finalmente constat\u00f3 tras una fiscalizaci\u00f3n, que \u201cparte del vertedero se encontraba dentro del Santuario afect\u00e1ndose la flora y fauna nativa del lugar, por lo que solicit\u00f3 iniciar las investigaciones correspondientes para establecer si se configuraba delito de da\u00f1o a Monumento Nacional, de acuerdo a lo establecido en la Ley de Monumentos Nacionales\u201d.<\/p>\n<p>A lo anterior se a\u00f1ade que funcionarios de la Oficina Regional de la SMA de Valpara\u00edso, tambi\u00e9n realizaron una inspecci\u00f3n ambiental posterior, la que sumada a la denuncia interpuesta por la Municipalidad de El Quisco, en junio de 2018, incorpor\u00f3 un Informe elaborado por la Oficina de Medio Ambiente del Municipio que concluy\u00f3 una posible elusi\u00f3n al SEIA.<\/p>\n<p>En relaci\u00f3n con los cargos <strong>Graves<\/strong>, <strong>Luis Garc\u00eda Jofr\u00e9<\/strong> arriesga desde la Revocaci\u00f3n de la Resoluci\u00f3n de Calificaci\u00f3n Ambiental, Clausura o Multa de hasta 5.000 Unidades Tributarias Anuales (UTA) para cada infracci\u00f3n.<\/p>\n<p>Por \u00faltimo, el titular del proyecto tendr\u00e1 un plazo de 10 d\u00edas h\u00e1biles para presentar un <strong>Programa de Cumplimiento<\/strong> <strong>(PdC) <\/strong>y de 15 d\u00edas h\u00e1biles para formular sus <strong>Descargos<\/strong>, ambos plazos contados desde la notificaci\u00f3n al titular.<\/p>\n<p>Para mayor detalle, acceder a las formulaciones de cargos en el Sistema Nacional de Informaci\u00f3n de Fiscalizaci\u00f3n Ambiental (SNIFA):<\/p>\n<p><a href=\"https:\/\/snifa.sma.gob.cl\/Sancionatorio\/Ficha\/2727\">https:\/\/snifa.sma.gob.cl\/Sancionatorio\/Ficha\/2727<\/a><\/p>\n","protected":false},"excerpt":{"rendered":"<p>Las infracciones se cursaron por ejecutar dicho proyecto sin contar con la Resoluci\u00f3n de Calificaci\u00f3n Ambiental (RCA) que lo autorice en los l\u00edmites del Santuario de la Naturaleza Quebrada de C\u00f3rdova y, por no dar respuesta a los Requerimientos de Informaci\u00f3n solicitados por la SMA desde mayo de 2018 a la fecha. Valpara\u00edso, 13 de octubre <a href=\"https:\/\/portal.sma.gob.cl\/index.php\/proyecto-totoral-el-quisco-sma-formulo-2-cargos-graves-a-vertedero-que-opera-al-interior-de-santuario-y-sin-permiso-ambiental\/\">Leer m\u00e1s<\/a><\/p>\n","protected":false},"author":3,"featured_media":22912,"comment_status":"open","ping_status":"open","sticky":false,"template":"","format":"standard","meta":{"footnotes":""},"categories":[90,107],"tags":[],"class_list":["post-22910","post","type-post","status-publish","format-standard","has-post-thumbnail","hentry","category-comunicados-noticias","category-destacado"],"_links":{"self":[{"href":"https:\/\/portal.sma.gob.cl\/index.php\/wp-json\/wp\/v2\/posts\/22910","targetHints":{"allow":["GET"]}}],"collection":[{"href":"https:\/\/portal.sma.gob.cl\/index.php\/wp-json\/wp\/v2\/posts"}],"about":[{"href":"https:\/\/portal.sma.gob.cl\/index.php\/wp-json\/wp\/v2\/types\/post"}],"author":[{"embeddable":true,"href":"https:\/\/portal.sma.gob.cl\/index.php\/wp-json\/wp\/v2\/users\/3"}],"replies":[{"embeddable":true,"href":"https:\/\/portal.sma.gob.cl\/index.php\/wp-json\/wp\/v2\/comments?post=22910"}],"version-history":[{"count":1,"href":"https:\/\/portal.sma.gob.cl\/index.php\/wp-json\/wp\/v2\/posts\/22910\/revisions"}],"predecessor-version":[{"id":22911,"href":"https:\/\/portal.sma.gob.cl\/index.php\/wp-json\/wp\/v2\/posts\/22910\/revisions\/22911"}],"wp:featuredmedia":[{"embeddable":true,"href":"https:\/\/portal.sma.gob.cl\/index.php\/wp-json\/wp\/v2\/media\/22912"}],"wp:attachment":[{"href":"https:\/\/portal.sma.gob.cl\/index.php\/wp-json\/wp\/v2\/media?parent=22910"}],"wp:term":[{"taxonomy":"category","embeddable":true,"href":"https:\/\/portal.sma.gob.cl\/index.php\/wp-json\/wp\/v2\/categories?post=22910"},{"taxonomy":"post_tag","embeddable":true,"href":"https:\/\/portal.sma.gob.cl\/index.php\/wp-json\/wp\/v2\/tags?post=22910"}],"curies":[{"name":"wp","href":"https:\/\/api.w.org\/{rel}","templated":true}]}}