{"id":22928,"date":"2021-10-26T18:48:11","date_gmt":"2021-10-26T21:48:11","guid":{"rendered":"https:\/\/portal.sma.gob.cl\/?p=22928"},"modified":"2021-10-26T18:48:11","modified_gmt":"2021-10-26T21:48:11","slug":"tras-ser-declarada-zona-latente-por-so2-y-saturada-por-mp10-superintendente-del-medio-ambiente-inauguro-delegacion-en-catemu","status":"publish","type":"post","link":"https:\/\/portal.sma.gob.cl\/index.php\/tras-ser-declarada-zona-latente-por-so2-y-saturada-por-mp10-superintendente-del-medio-ambiente-inauguro-delegacion-en-catemu\/","title":{"rendered":"Tras ser Declarada Zona Latente por SO2 y Saturada por MP10: Superintendente del Medio Ambiente Inaugur\u00f3 Delegaci\u00f3n en Catemu"},"content":{"rendered":"<p><strong>Con esta oficina la instituci\u00f3n avanza con su Estrategia de Priorizar Territorios que por su vulnerabilidad ambiental requieren mayor cobertura de fiscalizaci\u00f3n. <\/strong><\/p>\n<p><strong>Catemu, 26 de octubre de 2021.-<\/strong> El Superintendente del Medio Ambiente, Crist\u00f3bal De La Maza junto al alcalde de Catemu, Rodrigo D\u00edaz, inauguraron la Delegaci\u00f3n Exclusiva de la SMA en Catemu, cuyo objetivo ser\u00e1 velar por el cumplimiento del futuro Plan de Descontaminaci\u00f3n Atmosf\u00e9rico (PDA) de la ciudad, realizar el seguimiento, efectuar las fiscalizaciones de las medidas del mencionado Plan y de otras obligaciones establecidas por la normativa ambiental. Lo que permitir\u00e1 seguir avanzando en la descontaminaci\u00f3n de Catemu.<\/p>\n<p>Seg\u00fan explic\u00f3 Rodrigo D\u00edaz, \u201cnuestra intenci\u00f3n es buscar una cooperaci\u00f3n entre ambas entidades lo que incluye, habilitar en la Municipalidad el funcionamiento de la oficina que permitir\u00e1 a este servicio llevar a cabo las labores que le son propias\u201d. La Delegaci\u00f3n estar\u00e1 ubicada en Borja Garc\u00eda Huidobro N\u00b025, en las dependencias del Municipio.<\/p>\n<p>La SMA -argument\u00f3 Crist\u00f3bal De La Maza- es la instituci\u00f3n encargada de verificar que se cumpla con la norma de calidad ambiental a lo largo de todo el territorio nacional. \u201cPara la comuna de Catemu, nuestro \u00faltimo informe de agosto de 2020, mostr\u00f3 que est\u00e1n en condici\u00f3n de latencia para el contaminante Di\u00f3xido de Azufre (SO2), que no s\u00f3lo irrita las v\u00edas respiratorias, sino tambi\u00e9n genera un mayor riesgo de enfermedades cardiovasculares.<\/p>\n<p>Agreg\u00f3 que la normativa deber\u00e1 implementar un Plan de Prevenci\u00f3n de modo que los niveles de calidad ambiental detectados se reduzcan a los niveles m\u00e1ximos aceptados por nuestra legislaci\u00f3n nacional. \u201cTambi\u00e9n hay que recordar que la comuna est\u00e1 saturada por MP 10 superando en un 40% la normativa. Ambos contaminantes est\u00e1n relacionados, siendo el SO2 precursor de MP 2.5, por lo que es un contaminante especialmente peligroso.\u201d<\/p>\n<p>\u201cLa Delegaci\u00f3n Exclusiva y permanente en esta zona del pa\u00eds, permitir\u00e1 que reforcemos nuestro despliegue territorial en la Regi\u00f3n de Valpara\u00edso, logrando una respuesta m\u00e1s \u00e1gil que permita un mejor comportamiento ambiental de la industria en esta zona del pa\u00eds\u201d, sostuvo De La Maza.<\/p>\n<p>\u201cEstamos muy contentos de poder inaugurar junto a la SMA esta oficina que tiene por objetivo fortalecer la actividad fiscalizadora en la regi\u00f3n y fundamentalmente atender a la ciudadan\u00eda y sus denuncias, adem\u00e1s de informar el quehacer de la Superintendencia en la zona en el marco del uso racional y eficiente de los recursos presupuestarios de ambos servicios\u201d, indic\u00f3 el edil.<\/p>\n<p><strong>Convenio de Ruidos<\/strong><\/p>\n<p>En el marco del acuerdo ambas entidades firmaron adem\u00e1s un Convenio de Ruidos que busca capacitar a los funcionarios municipales en las t\u00e9cnicas apropiadas de medici\u00f3n de ruidos molestos de fuentes fijas, uno de los principales problemas denunciados por la ciudadan\u00eda.<\/p>\n<p>De este modo, funcionarios municipales podr\u00e1n medir ruidos en la comuna, utilizando son\u00f3metros calibrados y con las t\u00e9cnicas que se deben aplicar seg\u00fan el Decreto Supremo N\u00b038 de 2011 del Ministerio del Medio Ambiente.<\/p>\n<p>El convenio tendr\u00e1 una duraci\u00f3n de cuatro a\u00f1os, contados desde la fecha de entrada en vigor de la resoluci\u00f3n que lo apruebe y se renovar\u00e1 autom\u00e1tica y sucesivamente, por per\u00edodos de dos a\u00f1os.<\/p>\n<p>Entre las materias que se abordan en el documento, se encuentran capacitaciones que la Superintendencia del Medio Ambiente entregar\u00e1 a funcionarios municipales sobre directrices respecto del sentido y alcance de la Norma de Emisi\u00f3n de Ruidos, de las metodolog\u00edas aplicables a \u00e9stas, el uso de equipos y la realizaci\u00f3n de zonificaci\u00f3n, entre otros. Adem\u00e1s, podr\u00e1 recibir denuncias relativas a ruidos molestos y velar porque las presentaciones cumplan con todos los requisitos legales establecidas en la Ley Org\u00e1nica de la SMA.<\/p>\n<p>Esto se traduce en estrechar la cercan\u00eda con la comunidad, una mayor protecci\u00f3n ambiental. Toda vez que el ruido es un contaminante que deteriora r\u00e1pidamente la calidad de vida de la poblaci\u00f3n.<\/p>\n","protected":false},"excerpt":{"rendered":"<p>Con esta oficina la instituci\u00f3n avanza con su Estrategia de Priorizar Territorios que por su vulnerabilidad ambiental requieren mayor cobertura de fiscalizaci\u00f3n. Catemu, 26 de octubre de 2021.- El Superintendente del Medio Ambiente, Crist\u00f3bal De La Maza junto al alcalde de Catemu, Rodrigo D\u00edaz, inauguraron la Delegaci\u00f3n Exclusiva de la SMA en Catemu, cuyo objetivo ser\u00e1 <a href=\"https:\/\/portal.sma.gob.cl\/index.php\/tras-ser-declarada-zona-latente-por-so2-y-saturada-por-mp10-superintendente-del-medio-ambiente-inauguro-delegacion-en-catemu\/\">Leer m\u00e1s<\/a><\/p>\n","protected":false},"author":3,"featured_media":22932,"comment_status":"open","ping_status":"open","sticky":false,"template":"","format":"standard","meta":{"footnotes":""},"categories":[90,107],"tags":[],"class_list":["post-22928","post","type-post","status-publish","format-standard","has-post-thumbnail","hentry","category-comunicados-noticias","category-destacado"],"_links":{"self":[{"href":"https:\/\/portal.sma.gob.cl\/index.php\/wp-json\/wp\/v2\/posts\/22928","targetHints":{"allow":["GET"]}}],"collection":[{"href":"https:\/\/portal.sma.gob.cl\/index.php\/wp-json\/wp\/v2\/posts"}],"about":[{"href":"https:\/\/portal.sma.gob.cl\/index.php\/wp-json\/wp\/v2\/types\/post"}],"author":[{"embeddable":true,"href":"https:\/\/portal.sma.gob.cl\/index.php\/wp-json\/wp\/v2\/users\/3"}],"replies":[{"embeddable":true,"href":"https:\/\/portal.sma.gob.cl\/index.php\/wp-json\/wp\/v2\/comments?post=22928"}],"version-history":[{"count":1,"href":"https:\/\/portal.sma.gob.cl\/index.php\/wp-json\/wp\/v2\/posts\/22928\/revisions"}],"predecessor-version":[{"id":22929,"href":"https:\/\/portal.sma.gob.cl\/index.php\/wp-json\/wp\/v2\/posts\/22928\/revisions\/22929"}],"wp:featuredmedia":[{"embeddable":true,"href":"https:\/\/portal.sma.gob.cl\/index.php\/wp-json\/wp\/v2\/media\/22932"}],"wp:attachment":[{"href":"https:\/\/portal.sma.gob.cl\/index.php\/wp-json\/wp\/v2\/media?parent=22928"}],"wp:term":[{"taxonomy":"category","embeddable":true,"href":"https:\/\/portal.sma.gob.cl\/index.php\/wp-json\/wp\/v2\/categories?post=22928"},{"taxonomy":"post_tag","embeddable":true,"href":"https:\/\/portal.sma.gob.cl\/index.php\/wp-json\/wp\/v2\/tags?post=22928"}],"curies":[{"name":"wp","href":"https:\/\/api.w.org\/{rel}","templated":true}]}}