{"id":22974,"date":"2021-11-09T17:28:51","date_gmt":"2021-11-09T20:28:51","guid":{"rendered":"https:\/\/portal.sma.gob.cl\/?p=22974"},"modified":"2021-11-09T17:41:08","modified_gmt":"2021-11-09T20:41:08","slug":"sma-notifico-a-watts-osorno-por-4-cargos-incluido-dano-ambiental-al-rio-damas","status":"publish","type":"post","link":"https:\/\/portal.sma.gob.cl\/index.php\/sma-notifico-a-watts-osorno-por-4-cargos-incluido-dano-ambiental-al-rio-damas\/","title":{"rendered":"SMA notific\u00f3 a Watt\u00b4s Osorno por 4 Cargos Incluido Da\u00f1o Ambiental al R\u00edo Damas"},"content":{"rendered":"<p><strong>Los cargos ser\u00edan, entre otros, por descargar residuos industriales l\u00edquidos en reiteradas oportunidades; operar deficientemente la Planta de Tratamiento y no informar la inactividad del equipo medidor de caudal ultras\u00f3nico, cargo clasificado como Grav\u00edsimo porque se habr\u00eda impedido \u201cdeliberadamente la fiscalizaci\u00f3n, de la Superintendencia\u201d.<\/strong><\/p>\n<p><strong>Osorno, 04 de noviembre de 2021.-<\/strong> La Superintendencia de Medio Ambiente formul\u00f3 cuatro cargos contra la empresa Watt\u2019s S.A. titular del <strong>proyecto \u201cPlanta de Tratamiento de Residuos Industriales L\u00edquidos\u201d<\/strong> (PTR) ubicada en la comuna de Osorno, Regi\u00f3n de Los Lagos, por una serie de incumplimientos a la normativa ambiental constatando, incluso, contaminaci\u00f3n al R\u00edo Damas de la misma localidad.<\/p>\n<p>Los cargos imputados a la empresa son por <strong>descargar residuos industriales l\u00edquidos (RILES) con superaci\u00f3n de par\u00e1metros, en reiteradas oportunidades entre el 26 de febrero de 2019 hasta el 24 de marzo de 2021, afectando como consecuencia, la calidad de aguas del cuerpo receptor<\/strong>.<\/p>\n<p>Tambi\u00e9n por \u201c<strong>operar deficientemente la Planta de Tratamiento<\/strong>\u201d y \u201c<strong>no efectuar la cloraci\u00f3n ni el control de hipoclorito de los Riles de forma previa a la descarga al R\u00edo Damas\u201d<\/strong>, lo cual se constat\u00f3 en las actividades de inspecci\u00f3n realizadas por el equipo de fiscalizadores de la Oficina Regional SMA Los Lagos, los d\u00edas 20 de julio de 2020 y 3 de marzo de 2021, respectivamente.<\/p>\n<p>A lo anterior, se agrega el cargo <strong>por \u201cno informar la inactividad del equipo medidor de caudal ultras\u00f3nico de las aguas de condensado\u201d<\/strong>, cargo clasificado como <strong>Grav\u00edsimo<\/strong> porque se habr\u00eda impedido \u201cdeliberadamente la fiscalizaci\u00f3n, por ende, encubriendo una infracci\u00f3n o evitado el ejercicio de las atribuciones de la Superintendencia\u201d.<\/p>\n<p>Crist\u00f3bal De La Maza, Superintendente de Medio Ambiente manifest\u00f3 que \u201caqu\u00ed existe un efecto de contaminaci\u00f3n permanente e hist\u00f3rico en el R\u00edo Damas, que requiere ser subsanado con urgencia y esperamos que esto ocurra en este procedimiento sancionatorio&#8221;.<\/p>\n<p>La autoridad, a\u00f1adi\u00f3 que esta formulaci\u00f3n es parte de la estrategia territorial de los R\u00edos Rahue y Damas, donde hemos priorizado doce instalaciones relevantes para su fiscalizaci\u00f3n. \u201cA la fecha hemos levantado cargos a ocho titulares, incluida Watt\u2019s y con esto queremos avanzar en mejorar la calidad ambiental de este territorio de manera significativa, aunque todav\u00eda persista la necesidad de mayor normativa que permita acciones m\u00e1s profundas\u201d, sostuvo.<\/p>\n<p>Cabe se\u00f1alar que, respecto de las infracciones <strong>Graves<\/strong> la letra b) del art\u00edculo 39 de la Ley Org\u00e1nica de la SMA (LOSMA), dispone que \u00e9stas podr\u00e1n ser objeto de revocaci\u00f3n de la Resoluci\u00f3n de Calificaci\u00f3n Ambiental, Clausura o Multa de hasta 5.000 Unidades Tributarias Anuales (UTA).<\/p>\n<p>En tanto y con relaci\u00f3n a los cargos clasificados como <strong>Grav\u00edsimos<\/strong>, la letra a) del art\u00edculo 39 de la misma normativa ambiental, se\u00f1ala que \u00e9stas podr\u00e1n ser objeto de Revocaci\u00f3n de la RCA, Clausura o Multa de hasta 10.000 UTA\u2019s.<\/p>\n<p>Por \u00faltimo, el titular del proyecto cuenta con un plazo de 10 d\u00edas h\u00e1biles para presentar un Programa de Cumplimiento (PdC) y de 15 d\u00edas h\u00e1biles para formular sus Descargos, ambos plazos contados desde la notificaci\u00f3n al titular.<\/p>\n<p>Para mayor detalle, acceder a las formulaciones de cargos en el Sistema Nacional de Informaci\u00f3n de Fiscalizaci\u00f3n Ambiental (SNIFA):<\/p>\n<p><a href=\"https:\/\/snifa.sma.gob.cl\/Sancionatorio\/Ficha\/2734\">https:\/\/snifa.sma.gob.cl\/Sancionatorio\/Ficha\/2734<\/a><\/p>\n","protected":false},"excerpt":{"rendered":"<p>Los cargos ser\u00edan, entre otros, por descargar residuos industriales l\u00edquidos en reiteradas oportunidades; operar deficientemente la Planta de Tratamiento y no informar la inactividad del equipo medidor de caudal ultras\u00f3nico, cargo clasificado como Grav\u00edsimo porque se habr\u00eda impedido \u201cdeliberadamente la fiscalizaci\u00f3n, de la Superintendencia\u201d. Osorno, 04 de noviembre de 2021.- La Superintendencia de Medio Ambiente formul\u00f3 <a href=\"https:\/\/portal.sma.gob.cl\/index.php\/sma-notifico-a-watts-osorno-por-4-cargos-incluido-dano-ambiental-al-rio-damas\/\">Leer m\u00e1s<\/a><\/p>\n","protected":false},"author":3,"featured_media":22972,"comment_status":"open","ping_status":"open","sticky":false,"template":"","format":"standard","meta":{"footnotes":""},"categories":[90,107],"tags":[],"class_list":["post-22974","post","type-post","status-publish","format-standard","has-post-thumbnail","hentry","category-comunicados-noticias","category-destacado"],"_links":{"self":[{"href":"https:\/\/portal.sma.gob.cl\/index.php\/wp-json\/wp\/v2\/posts\/22974","targetHints":{"allow":["GET"]}}],"collection":[{"href":"https:\/\/portal.sma.gob.cl\/index.php\/wp-json\/wp\/v2\/posts"}],"about":[{"href":"https:\/\/portal.sma.gob.cl\/index.php\/wp-json\/wp\/v2\/types\/post"}],"author":[{"embeddable":true,"href":"https:\/\/portal.sma.gob.cl\/index.php\/wp-json\/wp\/v2\/users\/3"}],"replies":[{"embeddable":true,"href":"https:\/\/portal.sma.gob.cl\/index.php\/wp-json\/wp\/v2\/comments?post=22974"}],"version-history":[{"count":1,"href":"https:\/\/portal.sma.gob.cl\/index.php\/wp-json\/wp\/v2\/posts\/22974\/revisions"}],"predecessor-version":[{"id":22975,"href":"https:\/\/portal.sma.gob.cl\/index.php\/wp-json\/wp\/v2\/posts\/22974\/revisions\/22975"}],"wp:featuredmedia":[{"embeddable":true,"href":"https:\/\/portal.sma.gob.cl\/index.php\/wp-json\/wp\/v2\/media\/22972"}],"wp:attachment":[{"href":"https:\/\/portal.sma.gob.cl\/index.php\/wp-json\/wp\/v2\/media?parent=22974"}],"wp:term":[{"taxonomy":"category","embeddable":true,"href":"https:\/\/portal.sma.gob.cl\/index.php\/wp-json\/wp\/v2\/categories?post=22974"},{"taxonomy":"post_tag","embeddable":true,"href":"https:\/\/portal.sma.gob.cl\/index.php\/wp-json\/wp\/v2\/tags?post=22974"}],"curies":[{"name":"wp","href":"https:\/\/api.w.org\/{rel}","templated":true}]}}