{"id":22981,"date":"2021-11-15T15:11:55","date_gmt":"2021-11-15T18:11:55","guid":{"rendered":"https:\/\/portal.sma.gob.cl\/?p=22981"},"modified":"2021-11-15T15:11:55","modified_gmt":"2021-11-15T18:11:55","slug":"sma-levanto-cargos-a-cal-austral-por-incumplimientos-clasificados-como-gravisimos","status":"publish","type":"post","link":"https:\/\/portal.sma.gob.cl\/index.php\/sma-levanto-cargos-a-cal-austral-por-incumplimientos-clasificados-como-gravisimos\/","title":{"rendered":"SMA Levant\u00f3 Cargos a Cal Austral por Incumplimientos Clasificados como Grav\u00edsimos"},"content":{"rendered":"<p><strong>Infracciones en su permiso ambiental, sobre todo por deficiente manejo de los acopios de los conchales y de lixiviados forman parte de las faltas, entre ellas dos calificadas como grav\u00edsimas.<\/strong><\/p>\n<p><strong>Chilo\u00e9, 15 de noviembre de 2021.-<\/strong> La Superintendencia del Medio Ambiente formul\u00f3 cargos en contra de la empresa <strong>Cal Austral S.A<\/strong>, titular del proyecto \u201c<strong>Acopio de Conchas y Planta de Cal Agr\u00edcola Chilo\u00e9<\/strong>\u201d, ubicada en el sector de Tey, comuna de Castro, Regi\u00f3n de Los Lagos, por diversos incumplimientos ambientales levantados en fiscalizaciones realizadas tras denuncias ciudadanas contra las operaciones de la planta.<\/p>\n<p>\u201cSe trata de dos infracciones <strong>Grav\u00edsimas, una Grave y otra Leve<\/strong>, por infracciones que detectamos que estaban generando olores molestos, ofensivos hacia la comunidad de Puacura con los que me reun\u00ed personalmente para informarles de estos avances\u201d, se\u00f1al\u00f3 Crist\u00f3bal De La Maza, Superintendente del Medio Ambiente, tras su reciente visita a la Regi\u00f3n de Los Lagos. La multa podr\u00eda llegar hasta los $ 8 mil millones por los cargos formulados por la Superintendencia de Medio tras su deficiente operaci\u00f3n.<\/p>\n<p>De La Maza a\u00f1adi\u00f3 que existe una comunidad que ha sido afectada por a\u00f1os con respecto a la mala operaci\u00f3n de la planta, en particular respecto al acopio de conchales sin tener las autorizaciones para disponer en esos sitios, de materia org\u00e1nica y esto est\u00e1 generando altas concentraciones de gases que generan olores molestos y un deterioro significativo en la calidad de vida de esta comunidad.<\/p>\n<p>Cabe destacar que la SMA ya hab\u00eda ordenado <strong>Medidas Provisionales Pre Procedimentales<\/strong>, en julio de 2021, de manera que la incentivar a la empresa a volver al cumplimiento normativo retirando parte de las pilas de acopio de conchales y de lixiviados que manten\u00edan en el recinto. No obstante, esas medidas no fueron cumplidas por el titular en su totalidad y, por lo tanto, la SMA procedi\u00f3 a realizar esta formulaci\u00f3n de cargos.<\/p>\n<p>Para la autoridad, Chilo\u00e9 est\u00e1 priorizado y la idea es dar celeridad a los casos que est\u00e1 siguiendo la entidad en esta zona. \u201cHemos fiscalizado el ciento por ciento de las instalaciones que definimos como relevantes en esta regi\u00f3n. Ahora se est\u00e1n abriendo algunos de estos procedimientos, entre ellos, los de Puntra (El Roble), el procedimiento contra el Vertedero del Municipio de Castro, algunos industriales como Resiter, Aconser y Corcovado en Mocopulli\u201d, apunt\u00f3.<\/p>\n<p>La empresa tendr\u00e1 un plazo de 10 d\u00edas h\u00e1biles para presentar un <strong>Programa de Cumplimiento<\/strong> y de 15 d\u00edas h\u00e1biles para formular sus <strong>Descargos<\/strong>, ambos plazos contados desde la notificaci\u00f3n de la resoluci\u00f3n.<\/p>\n<p><strong>RECURSO <\/strong><\/p>\n<p>Cabe destacar que a esta acci\u00f3n de la SMA se suma la arista judicial que se est\u00e1 siguiendo por este caso, ya que el municipio de Dalcahue inform\u00f3 que la Corte de Apelaciones de Puerto Montt acogi\u00f3 el Recurso de Protecci\u00f3n interpuesto en contra del titular.<\/p>\n<p>Como parte de la tramitaci\u00f3n de tal acci\u00f3n legal, la Corte acogi\u00f3 la Orden de No Innovar que impidi\u00f3 a la empresa continuar recibiendo conchilla para procesar.<\/p>\n<p>Por \u00faltimo, el dictamen da cuenta que, para operar, el titular deber\u00e1 dar estricto cumplimiento a la Resoluci\u00f3n de Calificaci\u00f3n Ambiental y todas las medidas provisorias y\/o definitivas ordenadas por la SMA y por la Autoridad Sanitaria.<\/p>\n<p>Para mayor detalle, acceder a la formulaci\u00f3n de cargos en el Sistema Nacional de Informaci\u00f3n de Fiscalizaci\u00f3n Ambiental (SNIFA):<\/p>\n<p><a href=\"https:\/\/snifa.sma.gob.cl\/Sancionatorio\/Ficha\/2733\">https:\/\/snifa.sma.gob.cl\/Sancionatorio\/Ficha\/2733<\/a><\/p>\n","protected":false},"excerpt":{"rendered":"<p>Infracciones en su permiso ambiental, sobre todo por deficiente manejo de los acopios de los conchales y de lixiviados forman parte de las faltas, entre ellas dos calificadas como grav\u00edsimas. Chilo\u00e9, 15 de noviembre de 2021.- La Superintendencia del Medio Ambiente formul\u00f3 cargos en contra de la empresa Cal Austral S.A, titular del proyecto \u201cAcopio de <a href=\"https:\/\/portal.sma.gob.cl\/index.php\/sma-levanto-cargos-a-cal-austral-por-incumplimientos-clasificados-como-gravisimos\/\">Leer m\u00e1s<\/a><\/p>\n","protected":false},"author":3,"featured_media":22978,"comment_status":"open","ping_status":"open","sticky":false,"template":"","format":"standard","meta":{"footnotes":""},"categories":[90,107],"tags":[],"class_list":["post-22981","post","type-post","status-publish","format-standard","has-post-thumbnail","hentry","category-comunicados-noticias","category-destacado"],"_links":{"self":[{"href":"https:\/\/portal.sma.gob.cl\/index.php\/wp-json\/wp\/v2\/posts\/22981","targetHints":{"allow":["GET"]}}],"collection":[{"href":"https:\/\/portal.sma.gob.cl\/index.php\/wp-json\/wp\/v2\/posts"}],"about":[{"href":"https:\/\/portal.sma.gob.cl\/index.php\/wp-json\/wp\/v2\/types\/post"}],"author":[{"embeddable":true,"href":"https:\/\/portal.sma.gob.cl\/index.php\/wp-json\/wp\/v2\/users\/3"}],"replies":[{"embeddable":true,"href":"https:\/\/portal.sma.gob.cl\/index.php\/wp-json\/wp\/v2\/comments?post=22981"}],"version-history":[{"count":1,"href":"https:\/\/portal.sma.gob.cl\/index.php\/wp-json\/wp\/v2\/posts\/22981\/revisions"}],"predecessor-version":[{"id":22982,"href":"https:\/\/portal.sma.gob.cl\/index.php\/wp-json\/wp\/v2\/posts\/22981\/revisions\/22982"}],"wp:featuredmedia":[{"embeddable":true,"href":"https:\/\/portal.sma.gob.cl\/index.php\/wp-json\/wp\/v2\/media\/22978"}],"wp:attachment":[{"href":"https:\/\/portal.sma.gob.cl\/index.php\/wp-json\/wp\/v2\/media?parent=22981"}],"wp:term":[{"taxonomy":"category","embeddable":true,"href":"https:\/\/portal.sma.gob.cl\/index.php\/wp-json\/wp\/v2\/categories?post=22981"},{"taxonomy":"post_tag","embeddable":true,"href":"https:\/\/portal.sma.gob.cl\/index.php\/wp-json\/wp\/v2\/tags?post=22981"}],"curies":[{"name":"wp","href":"https:\/\/api.w.org\/{rel}","templated":true}]}}