{"id":23000,"date":"2021-11-23T17:10:20","date_gmt":"2021-11-23T20:10:20","guid":{"rendered":"https:\/\/portal.sma.gob.cl\/?p=23000"},"modified":"2021-11-23T17:10:39","modified_gmt":"2021-11-23T20:10:39","slug":"tras-formularsele-4-cargos-en-octubre-de-este-ano-de-la-maza-instruyo-medidas-provisionales-a-cal-austral-s-a","status":"publish","type":"post","link":"https:\/\/portal.sma.gob.cl\/index.php\/tras-formularsele-4-cargos-en-octubre-de-este-ano-de-la-maza-instruyo-medidas-provisionales-a-cal-austral-s-a\/","title":{"rendered":"Tras formul\u00e1rsele 4 cargos en octubre de este a\u00f1o : De La Maza Instruy\u00f3 Medidas Provisionales a Cal Austral S.A."},"content":{"rendered":"<p><strong>E<\/strong><strong>n treinta d\u00edas de corrido el titular deber\u00e1, entre otras medidas, ejecutar el retiro inmediato de todas las conchas acopiadas en el lado Sur para ser trasladadas y dispuesta en un sitio final autorizado, evitando con ello una posible contaminaci\u00f3n de aguas subterr\u00e1neas y emanaciones de \u00e1cido sulfh\u00eddrico con riesgo al medio ambiente y a la salud de la poblaci\u00f3n.<\/strong><\/p>\n<p><strong>Los Lagos, 23 de noviembre de 2021.-<\/strong> El Superintendente del Medio Ambiente, Crist\u00f3bal De La Maza, orden\u00f3 Medidas Provisionales (MP) -por 30 d\u00edas corridos- a <strong>Cal Austral S.A.<\/strong>, titular del proyecto <strong>\u201c<\/strong><strong>Acopio de Conchas y Planta de Cal Agr<\/strong><strong>\u00ed<\/strong><strong>cola Chilo<\/strong><strong>\u00e9\u201d<\/strong>, debido al deficiente manejo en el acopio de conchillas, en el sistema de aguas lluvias y lixiviados y manejo de gases, que producen escurrimiento de residuos l\u00edquidos sin tratar en direcci\u00f3n a un estero sin nombre, posible contaminaci\u00f3n de aguas subterr\u00e1neas y emanaciones de \u00e1cido sulfh\u00eddrico, lo que conllevar\u00eda riesgo al medio ambiente y a la salud de la poblaci\u00f3n.<\/p>\n<p>Es importante recordar que el titular se encuentra actualmente en un procedimiento sancionatorio, tras la formulaci\u00f3n de cargos realizada en octubre de 2021 tras denuncias ciudadanas contra las operaciones de la empresa por posibles incumplimientos ambientales constatados en fiscalizaciones realizadas.<\/p>\n<p>Seg\u00fan indic\u00f3 la jefa de la SMA en los Lagos, Ivonne Mansilla- en el marco del proceso sancionatorio que inici\u00f3 la Superintendencia del Medio Ambiente a esta empresa, ubicada en el sector de Puacura en Dalcahue y de las diversas labores de fiscalizaci\u00f3n que sea han realizado se ha decidido ordenar nuevamente una serie de medidas provisionales con el fin de impedir el riesgo ambiental que significa la operaci\u00f3n de esta planta.<\/p>\n<p>La primera medida instruida -sostuvo la jefa regional- es la de <strong>realizar el retiro inmediato de toda la concha fresca acopiada en lado Sur de la pila Noreste para ser trasladada y dispuesta en un sitio de disposici\u00f3n final autorizado<\/strong>. Para ello deber\u00e1 presentar un cronograma de retiro que indique las medidas tendientes a minimizar la generaci\u00f3n de olores y registrar las fechas que deber\u00e1n informarse a la comunidad aleda\u00f1a oportunamente.<\/p>\n<p><strong>En tanto que, realizar el procesamiento de secado y molienda de la conchilla de cosecha de la pila Noreste (contigua a la conchilla fresca) <\/strong>es la segunda MP ordenada, para lo cual deber\u00e1 presentar un cronograma de procesamiento de la materia prima a cosechar, con fechas, cantidades, y medidas que mitiguen la generaci\u00f3n de olores durante el proceso de cosecha. Adem\u00e1s, deber\u00e1 realizar la cobertura del \u201cfrente de trabajo\u201d de cosecha con geomembrana cada vez que se detengan los trabajos, con el fin de evitar el ingreso de aguas lluvias a la pila en cosecha.<\/p>\n<p>Como tercera medida, deber\u00e1 <strong>retirar de manera inmediata, y de forma permanente y diaria, todos los l\u00edquidos lixiviados que se encuentran al interior de los pozos de acumulaci\u00f3n de lixiviados. Adem\u00e1s de retirar el lixiviado localizado en los canales perimetrales de las pilas y en los pozos de absorci\u00f3n de aguas lluvias, que deber\u00e1n ser llevados a un sitio de disposici\u00f3n autorizado.<\/strong><\/p>\n<p>La \u00faltima medida es <strong>la instalaci\u00f3n de un equipo adicional de monitoreo de gases que cuente, como m\u00ednimo, con sensores de Amon\u00edaco (NH3), \u00c1cido Sulfh\u00eddrico (H2S), COVs y un rango de medici\u00f3n de 0 a 20 partes por bill\u00f3n (ppb) o superior, adem\u00e1s deber\u00e1 contar con medici\u00f3n de temperatura y humedad ambiente.<\/strong><\/p>\n<p>Para mayor detalle, acceder a la formulaci\u00f3n de cargos en el Sistema Nacional de Informaci\u00f3n de Fiscalizaci\u00f3n Ambiental (SNIFA):<\/p>\n<p><a href=\"https:\/\/snifa.sma.gob.cl\/MedidaProvisional\/Ficha\/305\">https:\/\/snifa.sma.gob.cl\/MedidaProvisional\/Ficha\/305<\/a><\/p>\n<p>&nbsp;<\/p>\n<p>&nbsp;<\/p>\n","protected":false},"excerpt":{"rendered":"<p>En treinta d\u00edas de corrido el titular deber\u00e1, entre otras medidas, ejecutar el retiro inmediato de todas las conchas acopiadas en el lado Sur para ser trasladadas y dispuesta en un sitio final autorizado, evitando con ello una posible contaminaci\u00f3n de aguas subterr\u00e1neas y emanaciones de \u00e1cido sulfh\u00eddrico con riesgo al medio ambiente y a la <a href=\"https:\/\/portal.sma.gob.cl\/index.php\/tras-formularsele-4-cargos-en-octubre-de-este-ano-de-la-maza-instruyo-medidas-provisionales-a-cal-austral-s-a\/\">Leer m\u00e1s<\/a><\/p>\n","protected":false},"author":3,"featured_media":22999,"comment_status":"open","ping_status":"open","sticky":false,"template":"","format":"standard","meta":{"footnotes":""},"categories":[90,107],"tags":[],"class_list":["post-23000","post","type-post","status-publish","format-standard","has-post-thumbnail","hentry","category-comunicados-noticias","category-destacado"],"_links":{"self":[{"href":"https:\/\/portal.sma.gob.cl\/index.php\/wp-json\/wp\/v2\/posts\/23000","targetHints":{"allow":["GET"]}}],"collection":[{"href":"https:\/\/portal.sma.gob.cl\/index.php\/wp-json\/wp\/v2\/posts"}],"about":[{"href":"https:\/\/portal.sma.gob.cl\/index.php\/wp-json\/wp\/v2\/types\/post"}],"author":[{"embeddable":true,"href":"https:\/\/portal.sma.gob.cl\/index.php\/wp-json\/wp\/v2\/users\/3"}],"replies":[{"embeddable":true,"href":"https:\/\/portal.sma.gob.cl\/index.php\/wp-json\/wp\/v2\/comments?post=23000"}],"version-history":[{"count":1,"href":"https:\/\/portal.sma.gob.cl\/index.php\/wp-json\/wp\/v2\/posts\/23000\/revisions"}],"predecessor-version":[{"id":23001,"href":"https:\/\/portal.sma.gob.cl\/index.php\/wp-json\/wp\/v2\/posts\/23000\/revisions\/23001"}],"wp:featuredmedia":[{"embeddable":true,"href":"https:\/\/portal.sma.gob.cl\/index.php\/wp-json\/wp\/v2\/media\/22999"}],"wp:attachment":[{"href":"https:\/\/portal.sma.gob.cl\/index.php\/wp-json\/wp\/v2\/media?parent=23000"}],"wp:term":[{"taxonomy":"category","embeddable":true,"href":"https:\/\/portal.sma.gob.cl\/index.php\/wp-json\/wp\/v2\/categories?post=23000"},{"taxonomy":"post_tag","embeddable":true,"href":"https:\/\/portal.sma.gob.cl\/index.php\/wp-json\/wp\/v2\/tags?post=23000"}],"curies":[{"name":"wp","href":"https:\/\/api.w.org\/{rel}","templated":true}]}}