{"id":23045,"date":"2021-12-10T13:40:14","date_gmt":"2021-12-10T16:40:14","guid":{"rendered":"https:\/\/portal.sma.gob.cl\/?p=23045"},"modified":"2021-12-10T13:40:14","modified_gmt":"2021-12-10T16:40:14","slug":"cristian-lineros-jefe-oficina-sma-nuble-nos-enfocamos-en-brindar-respuestas-oportunas-y-eficientes-en-control-ambiental","status":"publish","type":"post","link":"https:\/\/portal.sma.gob.cl\/index.php\/cristian-lineros-jefe-oficina-sma-nuble-nos-enfocamos-en-brindar-respuestas-oportunas-y-eficientes-en-control-ambiental\/","title":{"rendered":"Cristi\u00e1n Lineros, Jefe Oficina SMA \u00d1uble: \u201cNos Enfocamos en Brindar Respuestas Oportunas y Eficientes en Control Ambiental\u201d"},"content":{"rendered":"<p><strong>Este a\u00f1o las denuncias se centraron en ruidos molestos -espec\u00edficamente, por la apertura de locales de diversi\u00f3n-; episodios de olores derivados de la crianza y engorda animal; as\u00ed como tambi\u00e9n, intervenci\u00f3n de cursos y cuerpos de aguas por extracciones de \u00e1ridos y destrucci\u00f3n de humedales urbanos, entre otras materias. <\/strong><\/p>\n<p><strong>\u00d1uble, 10 de diciembre 2021.-<\/strong> Durante el a\u00f1o 2021, la regi\u00f3n tuvo un aumento significativo de denuncias que incluso lleg\u00f3 a superar un 360% respecto del 2020, siendo uno de los incrementos m\u00e1s altos despu\u00e9s de la Regi\u00f3n Metropolitana, por temas como ruidos y olores molestos. Ambos de elevado impacto para la salud de sus habitantes y el medioambiente.<\/p>\n<p>Seg\u00fan insisti\u00f3 el <strong>Jefe de la Oficina de la SMA en \u00d1uble, Cristi\u00e1n Lineros<\/strong>, <strong>los temas m\u00e1s relevantes fueron las denuncias de ruidos molestos espec\u00edficamente, por la apertura de los locales de diversi\u00f3n despu\u00e9s de 20 meses de cierre por pandemia, episodios de olores derivados de la crianza y engorda animal, intervenci\u00f3n de cursos y cuerpos de aguas por extracciones de \u00e1ridos y la destrucci\u00f3n de humedales urbanos, entre otras materias.<\/strong><\/p>\n<p>La gesti\u00f3n en materia de denuncias 2021, dio cuenta que a la fecha el 21% de \u00e9stas est\u00e1n cerradas; 52% vinculadas a expedientes sancionatorios; 12% derivadas para cierre o con alg\u00fan tipo de hallazgo, existiendo s\u00f3lo alrededor de un 15% con gestiones pendientes o en curso. \u201cMuchas de estas actividades se realizaron siempre coordinadas con reparticiones que forman parte de la denominada <strong>Red Nacional de Fiscalizaci\u00f3n Ambiental (RENFA), <\/strong>cuyo fin es \u00a0dar una respuesta oportuna y eficiente en las materias de control ambiental\u201d, sostuvo Lineros.<\/p>\n<p>A\u00f1adi\u00f3 que respecto de las actividades de fiscalizaci\u00f3n, \u00e9stas fueron del orden de 60 d\u00edas en terreno distribuidos en horarios diurnos y nocturnos, generando 87 procesos de fiscalizaci\u00f3n, de los cuales el 76% ya est\u00e1n finalizados.<\/p>\n<p>Entre ellos destacan las intervenciones y destrucciones de humedales urbanos de la comuna de Quill\u00f3n, tanto en el sector oriente como poniente, fuentes fijas industriales en el marco del Plan de Descontaminaci\u00f3n Ambiental (PDA), sitios de disposici\u00f3n de residuos s\u00f3lidos industriales y domiciliarios, entre otros.<\/p>\n<p>Agreg\u00f3 que el Equipo Regional de \u00d1uble en este per\u00edodo de crisis sanitaria, ha relevado el compromiso adquirido con la nueva regi\u00f3n y la ciudadan\u00eda en pro de <strong>contribuir no s\u00f3lo en materia de cumplimiento de normativa ambiental, en el seguimiento de medidas asociadas al Plan de Prevenci\u00f3n y Descontaminaci\u00f3n Ambiental de Chill\u00e1n y Chill\u00e1n Viejo, sino tambi\u00e9n en la orientaci\u00f3n a regulados como contingencias y emergencias ambientales.<\/strong><\/p>\n<p>Cabe se\u00f1alar \u2013 continu\u00f3 Lineros-, que la Oficina Regional SMA de \u00d1uble se cre\u00f3 en mayo de 2019 y actualmente mantiene un n\u00famero no menor de 1.160 expedientes de fiscalizaci\u00f3n, distribuidos en 438 Unidades Fiscalizables (UF) donde se trabaja colaborativamente con la ciudadan\u00eda, en especial en materia de denuncias ambientales, donde recientemente se llev\u00f3 a cabo un trabajo en conjunto con los vecinos de Chill\u00e1n Viejo sector Sur, aquejados por problemas de olores de centros de engorda.<\/p>\n<p>\u201cEl trabajo se inici\u00f3 mediante monitoreos en l\u00ednea de gases odorantes en las viviendas de denunciantes, como tambi\u00e9n contamos con el apoyo de un laboratorio externo que valida afectaciones de calidad del aire directamente con los involucrados seg\u00fan norma NCh 3387\/15. Todos estudios pioneros en la regi\u00f3n y financiados directamente por nuestra instituci\u00f3n ante el n\u00famero creciente de denuncias de este rubro\u201d, indic\u00f3 el Jefe Regional.<\/p>\n","protected":false},"excerpt":{"rendered":"<p>Este a\u00f1o las denuncias se centraron en ruidos molestos -espec\u00edficamente, por la apertura de locales de diversi\u00f3n-; episodios de olores derivados de la crianza y engorda animal; as\u00ed como tambi\u00e9n, intervenci\u00f3n de cursos y cuerpos de aguas por extracciones de \u00e1ridos y destrucci\u00f3n de humedales urbanos, entre otras materias. \u00d1uble, 10 de diciembre 2021.- Durante el <a href=\"https:\/\/portal.sma.gob.cl\/index.php\/cristian-lineros-jefe-oficina-sma-nuble-nos-enfocamos-en-brindar-respuestas-oportunas-y-eficientes-en-control-ambiental\/\">Leer m\u00e1s<\/a><\/p>\n","protected":false},"author":3,"featured_media":23043,"comment_status":"open","ping_status":"open","sticky":false,"template":"","format":"standard","meta":{"footnotes":""},"categories":[90,107],"tags":[],"class_list":["post-23045","post","type-post","status-publish","format-standard","has-post-thumbnail","hentry","category-comunicados-noticias","category-destacado"],"_links":{"self":[{"href":"https:\/\/portal.sma.gob.cl\/index.php\/wp-json\/wp\/v2\/posts\/23045","targetHints":{"allow":["GET"]}}],"collection":[{"href":"https:\/\/portal.sma.gob.cl\/index.php\/wp-json\/wp\/v2\/posts"}],"about":[{"href":"https:\/\/portal.sma.gob.cl\/index.php\/wp-json\/wp\/v2\/types\/post"}],"author":[{"embeddable":true,"href":"https:\/\/portal.sma.gob.cl\/index.php\/wp-json\/wp\/v2\/users\/3"}],"replies":[{"embeddable":true,"href":"https:\/\/portal.sma.gob.cl\/index.php\/wp-json\/wp\/v2\/comments?post=23045"}],"version-history":[{"count":1,"href":"https:\/\/portal.sma.gob.cl\/index.php\/wp-json\/wp\/v2\/posts\/23045\/revisions"}],"predecessor-version":[{"id":23046,"href":"https:\/\/portal.sma.gob.cl\/index.php\/wp-json\/wp\/v2\/posts\/23045\/revisions\/23046"}],"wp:featuredmedia":[{"embeddable":true,"href":"https:\/\/portal.sma.gob.cl\/index.php\/wp-json\/wp\/v2\/media\/23043"}],"wp:attachment":[{"href":"https:\/\/portal.sma.gob.cl\/index.php\/wp-json\/wp\/v2\/media?parent=23045"}],"wp:term":[{"taxonomy":"category","embeddable":true,"href":"https:\/\/portal.sma.gob.cl\/index.php\/wp-json\/wp\/v2\/categories?post=23045"},{"taxonomy":"post_tag","embeddable":true,"href":"https:\/\/portal.sma.gob.cl\/index.php\/wp-json\/wp\/v2\/tags?post=23045"}],"curies":[{"name":"wp","href":"https:\/\/api.w.org\/{rel}","templated":true}]}}