{"id":23111,"date":"2021-12-28T12:26:57","date_gmt":"2021-12-28T15:26:57","guid":{"rendered":"https:\/\/portal.sma.gob.cl\/?p=23111"},"modified":"2021-12-28T12:26:57","modified_gmt":"2021-12-28T15:26:57","slug":"superintendente-de-la-maza-en-los-rios-resguardamos-el-ecosistema-valdiviano-desde-la-selva-hasta-los-glaciares-de-reserva-mocho-choshuenco","status":"publish","type":"post","link":"https:\/\/portal.sma.gob.cl\/index.php\/superintendente-de-la-maza-en-los-rios-resguardamos-el-ecosistema-valdiviano-desde-la-selva-hasta-los-glaciares-de-reserva-mocho-choshuenco\/","title":{"rendered":"Superintendente De La Maza en Los R\u00edos: \u201cResguardamos el Ecosistema Valdiviano desde la Selva hasta los Glaciares de Reserva Mocho Choshuenco\u201d"},"content":{"rendered":"<p><strong>La visita contempl\u00f3 desde la formulaci\u00f3n de cargos a COFOMAP, requerimientos de ingreso al Sistema de Evaluaci\u00f3n de Impacto Ambiental (SEIA) de 5 de los 6 proyectos inmobiliarios de la zona hasta una reuni\u00f3n con la Comunidad de la Costa.<\/strong><\/p>\n<p><strong>Los R\u00edos, 28 de diciembre de 2021.-<\/strong> En el contexto de su segunda visita a la Regi\u00f3n de Los R\u00edos, el Superintendente del Medio Ambiente, Crist\u00f3bal De La Maza, despleg\u00f3 una intensa agenda que contempl\u00f3 visita a la <strong>Planta Levaduras Collico de Valdivia<\/strong>; reuni\u00f3n de coordinaci\u00f3n con la institucionalidad ambiental <strong>(Servicio de Evaluaci\u00f3n Ambiental y Seremi del Medio Ambiente)<\/strong>; audiencia con el actual <strong>Ministro Presidente del Tercer Tribunal Ambiental, Javier Millar<\/strong>; reuni\u00f3n informativa con <strong>Comunidades de la Costa<\/strong>, en otras actividades.<\/p>\n<p>Respecto a la visita a la <strong>Planta de Levaduras de Collico<\/strong>, la actividad consisti\u00f3 en conocer la contribuci\u00f3n que ha generado el recambio de una caldera a carb\u00f3n antigua por una moderna y a gas (GLP), para el cumplimiento de metas fijadas en el <strong>Plan de Descontaminaci\u00f3n Atmosf\u00e9rico (PDA) de Valdivia,<\/strong> declarada <strong>Zona Saturada<\/strong> por MP10 y MP2.5, mediante D.S. N\u00b017\/2014 del Ministerio del Medio Ambiente.<\/p>\n<p>Adem\u00e1s de las reuniones y saludos protocolares a las autoridades ambientales de la regi\u00f3n, el Superintendente, junto al Jefe de la Oficina Regional, Eduardo Rodr\u00edguez y su equipo, sostuvieron un encuentro con <strong>Comunidades de la Costa<\/strong>, gener\u00e1ndose un importante acercamiento ciudadano para que la autoridad pudiese explicar el avance y decisiones que se han adoptado en procedimientos administrativos y sancionatorios de la SMA, relacionados con denuncias presentadas por las vecinos del sector costero, tras irrupci\u00f3n de diferentes proyectos inmobiliarios.<\/p>\n<p>Al respecto, De La Maza destac\u00f3 que \u201chemos practicado una intensa agenda en la regi\u00f3n y recorrido en estos d\u00edas desde la Selva Valdiviana hasta los glaciares de la Reserva Mocho Choshuenco, donde lo primero que uno percibe es la hermosura de la zona pero a la vez, su fragilidad ambiental. Por esta misma raz\u00f3n, es muy importante que nuestra instituci\u00f3n se mantenga vigilante frente a cualquier amenaza que pudiera sufrir no s\u00f3lo el medioambiente, sino que tambi\u00e9n las mismas Comunidades que se ven afectadas por los impactos de proyectos de diversos sectores\u201d, indic\u00f3.<\/p>\n<p>Finalmente, la autoridad se traslad\u00f3 hasta la <strong>Reserva Nacional Mocho Choshuenco- comuna de Panguipulli<\/strong>-, donde constat\u00f3 el desv\u00edo e intervenci\u00f3n del curso normal de las aguas del Glaciar Volc\u00e1n Mocho que realiz\u00f3 la empresa Corporaci\u00f3n Forestal y Maderera Panguipulli (COFOMAP), sin contar con la debida Resoluci\u00f3n de Calificaci\u00f3n Ambiental (RCA), dando origen a un proceso sancionatorio contra el titular.<\/p>\n<p>Por \u00faltimo, agradeci\u00f3 especialmente el trabajo del <strong>Equipo SMA Los R\u00edos<\/strong>, liderado por <strong>Eduardo Rodr\u00edguez<\/strong>, reconociendo el importante esfuerzo y despliegue por responder a la ciudadan\u00eda de manera comprometida y responsable.<\/p>\n","protected":false},"excerpt":{"rendered":"<p>La visita contempl\u00f3 desde la formulaci\u00f3n de cargos a COFOMAP, requerimientos de ingreso al Sistema de Evaluaci\u00f3n de Impacto Ambiental (SEIA) de 5 de los 6 proyectos inmobiliarios de la zona hasta una reuni\u00f3n con la Comunidad de la Costa. Los R\u00edos, 28 de diciembre de 2021.- En el contexto de su segunda visita a la <a href=\"https:\/\/portal.sma.gob.cl\/index.php\/superintendente-de-la-maza-en-los-rios-resguardamos-el-ecosistema-valdiviano-desde-la-selva-hasta-los-glaciares-de-reserva-mocho-choshuenco\/\">Leer m\u00e1s<\/a><\/p>\n","protected":false},"author":3,"featured_media":23107,"comment_status":"open","ping_status":"open","sticky":false,"template":"","format":"standard","meta":{"footnotes":""},"categories":[90,107],"tags":[],"class_list":["post-23111","post","type-post","status-publish","format-standard","has-post-thumbnail","hentry","category-comunicados-noticias","category-destacado"],"_links":{"self":[{"href":"https:\/\/portal.sma.gob.cl\/index.php\/wp-json\/wp\/v2\/posts\/23111","targetHints":{"allow":["GET"]}}],"collection":[{"href":"https:\/\/portal.sma.gob.cl\/index.php\/wp-json\/wp\/v2\/posts"}],"about":[{"href":"https:\/\/portal.sma.gob.cl\/index.php\/wp-json\/wp\/v2\/types\/post"}],"author":[{"embeddable":true,"href":"https:\/\/portal.sma.gob.cl\/index.php\/wp-json\/wp\/v2\/users\/3"}],"replies":[{"embeddable":true,"href":"https:\/\/portal.sma.gob.cl\/index.php\/wp-json\/wp\/v2\/comments?post=23111"}],"version-history":[{"count":1,"href":"https:\/\/portal.sma.gob.cl\/index.php\/wp-json\/wp\/v2\/posts\/23111\/revisions"}],"predecessor-version":[{"id":23112,"href":"https:\/\/portal.sma.gob.cl\/index.php\/wp-json\/wp\/v2\/posts\/23111\/revisions\/23112"}],"wp:featuredmedia":[{"embeddable":true,"href":"https:\/\/portal.sma.gob.cl\/index.php\/wp-json\/wp\/v2\/media\/23107"}],"wp:attachment":[{"href":"https:\/\/portal.sma.gob.cl\/index.php\/wp-json\/wp\/v2\/media?parent=23111"}],"wp:term":[{"taxonomy":"category","embeddable":true,"href":"https:\/\/portal.sma.gob.cl\/index.php\/wp-json\/wp\/v2\/categories?post=23111"},{"taxonomy":"post_tag","embeddable":true,"href":"https:\/\/portal.sma.gob.cl\/index.php\/wp-json\/wp\/v2\/tags?post=23111"}],"curies":[{"name":"wp","href":"https:\/\/api.w.org\/{rel}","templated":true}]}}