{"id":23182,"date":"2022-01-12T18:22:49","date_gmt":"2022-01-12T21:22:49","guid":{"rendered":"https:\/\/portal.sma.gob.cl\/?p=23182"},"modified":"2022-07-15T12:11:19","modified_gmt":"2022-07-15T16:11:19","slug":"sma-participo-de-segundo-acuerdo-de-produccion-limpia-para-continuar-potenciado-sello-elijoreciclar","status":"publish","type":"post","link":"https:\/\/portal.sma.gob.cl\/index.php\/sma-participo-de-segundo-acuerdo-de-produccion-limpia-para-continuar-potenciado-sello-elijoreciclar\/","title":{"rendered":"SMA Particip\u00f3 de Segundo Acuerdo de Producci\u00f3n Limpia para Continuar Potenciado Sello #ElijoReciclar"},"content":{"rendered":"<p><strong>Gracias al esfuerzo p\u00fablico-privado de m\u00e1s de 100 organizaciones, alrededor de 2.000 envases est\u00e1n autorizados para usar el Sello #ElijoReciclar, la primera eco-etiqueta de envases y embalajes presentada el 2020 en el pa\u00eds, en el marco del Acuerdo de Producci\u00f3n Limpia (APL) de Eco-etiquetado suscrito en 2019.<\/strong><\/p>\n<p><strong>Santiago, 12 de enero de 2022. <\/strong>Para dar continuidad a este valioso trabajo, el Ministerio del Medio Ambiente, SOFOFA, la Agencia de Sustentabilidad y Cambio Clim\u00e1tico, la Superintendencia del Medio Ambiente, el SERNAC y la Asociaci\u00f3n de Consumidores Sustentables de Chile firmaron el segundo APL de Eco-etiquetado de envases y embalajes.<\/p>\n<p>Entre sus principales objetivos est\u00e1 <strong>perfeccionar y continuar el esquema de evaluaci\u00f3n e implementaci\u00f3n de la eco-etiqueta<\/strong> dise\u00f1ada y dar sostenibilidad al proyecto.<\/p>\n<p>As\u00ed se busca <strong>sumar m\u00e1s <\/strong><strong>empresas y productos de consumo masivo al piloto del sello,<\/strong> al tiempo que se desarrollar\u00e1 el <strong>proceso de elaboraci\u00f3n de una normativa que regularice la implementaci\u00f3n del Eco-etiquetado a nivel nacional, <\/strong>tomando como insumo la informaci\u00f3n recopilada en la implementaci\u00f3n del piloto de evaluaci\u00f3n y uso de la eco-etiqueta en el marco de los dos APL.<\/p>\n<p>Este nuevo APL busca tambi\u00e9n impulsar <strong>acciones de promoci\u00f3n de la eco-etiqueta por parte de las empresas<\/strong>, junto a otros actores de inter\u00e9s, para promover un mayor conocimiento ciudadano, que se traduzca en cambios de h\u00e1bitos de consumo.<\/p>\n<p>&#8220;El ecoetiquetado entrega m\u00e1s y mejor informaci\u00f3n a los consumidores sobre qu\u00e9 envases de productos de consumo masivo son m\u00e1s reciclables considerando los materiales con los que est\u00e1n hechos y las opciones reales de valorizarlos dentro del pa\u00eds, lo que es un tremendo avance en el acceso a la informaci\u00f3n ambiental y derechos de informaci\u00f3n del consumidor&#8221;, indic\u00f3 el <strong>Ministro del Medio Ambiente, Javier Naranjo.<\/strong><\/p>\n<p>Seg\u00fan explic\u00f3 el <strong>Superintendente del Medio Ambiente, Crist\u00f3bal De La Maza<\/strong>, la firma de este segundo acuerdo de Eco-etiquetado, sin duda, generar\u00e1 en los productores los incentivos suficientes para que adopten procesos de producci\u00f3n amigables con el medio ambiente, siempre en la senda de seguir siendo atractiva su implementaci\u00f3n para los consumidores y asegurando su adaptaci\u00f3n a esta exigencia\u201d.<\/p>\n<p>Por su parte, el <strong>Presidente de SOFOFA, Richard von Appen<\/strong>, sostuvo que \u201cdesde SOFOFA estamos comprometidos para apoyar este APL y trabajaremos por un eco-etiquetado que sea un facilitador del reciclaje post consumo domiciliario a nivel nacional, comprometi\u00e9ndonos a escuchar a todas las empresas, asociaciones de consumidores, valorizadores y organizaciones de la sociedad civil que quieran dar su visi\u00f3n para aportar en una mejor herramienta de reciclaje para los chilenos\u201d.<\/p>\n<p>El sello <strong>#ElijoReciclar permite identificar los envases y embalajes que tienen al menos un 80% de material que los consumidores pueden reciclar<\/strong>, con lo que se espera incidir en la preferencia de compra de los consumidores hacia este tipo de productos y orientarlos en la experiencia de reciclaje de \u00e9stos, facilitando la gesti\u00f3n de los residuos post-consumo domiciliario.<\/p>\n<p>El <strong>Director Ejecutivo de la Agencia de Sustentabilidad y Cambio Clim\u00e1tico, Giovanni Calder\u00f3n, <\/strong>destac\u00f3 que el APL permitir\u00e1 consolidar una estrategia altamente eficiente y poder contar con una normativa para eco-etiquetado de envases y embalajes. \u201cOjal\u00e1 que este nuevo APL en materia de eco-etiquetado sea tambi\u00e9n una contribuci\u00f3n para los consumidores, que son actores fundamentales en el avance de la econom\u00eda circular\u201d, se\u00f1al\u00f3.<\/p>\n<p>Para enfrentar las nuevas exigencias y la responsabilidad asociada al post consumo, <strong>se espera que la estrategia de eco-etiquetado permitir\u00e1 cerrar la brecha de informaci\u00f3n entre productores y consumidores,<\/strong> lo cual complementa y facilita el cumplimiento de la Ley REP, constituyendo un paso muy relevante para hacer frente al problema de los residuos en el pa\u00eds.<\/p>\n<p>\u201cPara nosotros estar presente en este APL, es representar a la ciudadan\u00eda y velar por los derechos de los consumidores en relaci\u00f3n a la informaci\u00f3n oportuna y veraz sobre la reciclabilidad de los envases que poseen este sello en Chile\u201d, manifest\u00f3 <strong>Marcela Godoy, Presidenta de la Asociaci\u00f3n de Consumidores Sustentables.<\/strong><\/p>\n<p>En materia de envases y embalajes, se estima que <strong>cada a\u00f1o entran al mercado m\u00e1s de dos millones de toneladas de productos, de los cuales m\u00e1s de un mill\u00f3n 200 mil toneladas se transforman en residuos domiciliarios<\/strong>, de los que un alto porcentaje termina siendo eliminado.<\/p>\n","protected":false},"excerpt":{"rendered":"<p>Gracias al esfuerzo p\u00fablico-privado de m\u00e1s de 100 organizaciones, alrededor de 2.000 envases est\u00e1n autorizados para usar el Sello #ElijoReciclar, la primera eco-etiqueta de envases y embalajes presentada el 2020 en el pa\u00eds, en el marco del Acuerdo de Producci\u00f3n Limpia (APL) de Eco-etiquetado suscrito en 2019. Santiago, 12 de enero de 2022. Para dar continuidad <a href=\"https:\/\/portal.sma.gob.cl\/index.php\/sma-participo-de-segundo-acuerdo-de-produccion-limpia-para-continuar-potenciado-sello-elijoreciclar\/\">Leer m\u00e1s<\/a><\/p>\n","protected":false},"author":3,"featured_media":23181,"comment_status":"open","ping_status":"open","sticky":false,"template":"","format":"standard","meta":{"footnotes":""},"categories":[90,107,225,232],"tags":[],"class_list":["post-23182","post","type-post","status-publish","format-standard","has-post-thumbnail","hentry","category-comunicados-noticias","category-destacado","category-macrozona-centro","category-metropolitana"],"_links":{"self":[{"href":"https:\/\/portal.sma.gob.cl\/index.php\/wp-json\/wp\/v2\/posts\/23182","targetHints":{"allow":["GET"]}}],"collection":[{"href":"https:\/\/portal.sma.gob.cl\/index.php\/wp-json\/wp\/v2\/posts"}],"about":[{"href":"https:\/\/portal.sma.gob.cl\/index.php\/wp-json\/wp\/v2\/types\/post"}],"author":[{"embeddable":true,"href":"https:\/\/portal.sma.gob.cl\/index.php\/wp-json\/wp\/v2\/users\/3"}],"replies":[{"embeddable":true,"href":"https:\/\/portal.sma.gob.cl\/index.php\/wp-json\/wp\/v2\/comments?post=23182"}],"version-history":[{"count":2,"href":"https:\/\/portal.sma.gob.cl\/index.php\/wp-json\/wp\/v2\/posts\/23182\/revisions"}],"predecessor-version":[{"id":23786,"href":"https:\/\/portal.sma.gob.cl\/index.php\/wp-json\/wp\/v2\/posts\/23182\/revisions\/23786"}],"wp:featuredmedia":[{"embeddable":true,"href":"https:\/\/portal.sma.gob.cl\/index.php\/wp-json\/wp\/v2\/media\/23181"}],"wp:attachment":[{"href":"https:\/\/portal.sma.gob.cl\/index.php\/wp-json\/wp\/v2\/media?parent=23182"}],"wp:term":[{"taxonomy":"category","embeddable":true,"href":"https:\/\/portal.sma.gob.cl\/index.php\/wp-json\/wp\/v2\/categories?post=23182"},{"taxonomy":"post_tag","embeddable":true,"href":"https:\/\/portal.sma.gob.cl\/index.php\/wp-json\/wp\/v2\/tags?post=23182"}],"curies":[{"name":"wp","href":"https:\/\/api.w.org\/{rel}","templated":true}]}}