{"id":23187,"date":"2022-01-13T14:37:24","date_gmt":"2022-01-13T17:37:24","guid":{"rendered":"https:\/\/portal.sma.gob.cl\/?p=23187"},"modified":"2022-07-19T11:32:22","modified_gmt":"2022-07-19T15:32:22","slug":"municipalidad-de-el-quisco-y-superintendencia-del-medio-ambiente-firmaron-convenio-de-ruidos","status":"publish","type":"post","link":"https:\/\/portal.sma.gob.cl\/index.php\/municipalidad-de-el-quisco-y-superintendencia-del-medio-ambiente-firmaron-convenio-de-ruidos\/","title":{"rendered":"Municipalidad de El Quisco y Superintendencia del Medio Ambiente Firmaron Convenio de Ruidos"},"content":{"rendered":"<p style=\"text-align: justify;\"><strong>El acuerdo no s\u00f3lo permitir\u00e1 capacitar a funcionarios municipales por parte del ente fiscalizador habilit\u00e1ndolos para inspeccionar fuentes emisoras de ruidos molestos, conforme al decreto que lo regula, sino que tambi\u00e9n otorga al Municipio la recepci\u00f3n de denuncias por este concepto, verificando si la fuente afecta se ajusta a la normativa.<\/strong><\/p>\n<p style=\"text-align: justify;\"><strong>El Quisco, 13 de enero de 2022. <\/strong>El Superintendente del Medio Ambiente, Crist\u00f3bal De La Maza, firm\u00f3 Convenio de Ruidos con el alcalde Jos\u00e9 Jofr\u00e9 Bustos, edil de la Ilustre Municipalidad de El Quisco. Acuerdo que le permitir\u00e1 no s\u00f3lo apoyar al municipio en la gesti\u00f3n de las labores de fiscalizaci\u00f3n de ruidos que realice, tanto en el contexto de actividades de fiscalizaci\u00f3n encomendadas por la SMA en raz\u00f3n del D.S. N\u00b038\/2011, como respecto de aquellas actividades de fiscalizaci\u00f3n que se den en el marco de la ejecuci\u00f3n de sus propias ordenanzas en la materia.<\/p>\n<p style=\"text-align: justify;\">Adem\u00e1s, el documento se\u00f1ala que la municipalidad conforme al art. 65 de la Ley 19.300, deber\u00e1 velar por que las denuncias ciudadanas presentadas cumplan con los requisitos legales establecidos por la Superintendencia del Medio Ambiente.<\/p>\n<p style=\"text-align: justify;\">Lo anterior, se refiere a que corresponder\u00e1 a la municipalidad verificar que las fuentes de ruido denunciadas correspondan a aquellas definidas en la norma de emisi\u00f3n, espec\u00edficamente, Identificaci\u00f3n de la fuente emisora de ruido (nombre o raz\u00f3n social, direcci\u00f3n, tipo de actividad que desarrolla); Identificaci\u00f3n del\/los denunciante\/s (al menos el nombre, tel\u00e9fono de contacto y direcci\u00f3n); Descripci\u00f3n de la denuncia (periodos de funcionamiento en d\u00edas y horas, descripci\u00f3n del ruido que motiva la denuncia, entre otros).<\/p>\n<blockquote>\n<p style=\"text-align: justify;\">Para el Superintendente del Medio Ambiente, Crist\u00f3bal De La Maza, \u201cel ruido constituye una de las principales problem\u00e1ticas ambientales en las distintas realidades territoriales a nivel nacional, as\u00ed como tambi\u00e9n la necesidad de generar m\u00e1s espacios tendientes a la formaci\u00f3n de capital humano para abordar esta tem\u00e1tica, instalando capacidades t\u00e9cnicas que pueden ser una respuesta m\u00e1s \u00e1gil hacia la Comunidad\u201d, se\u00f1al\u00f3 De La Maza.<\/p>\n<\/blockquote>\n<p style=\"text-align: justify;\">El trabajo colaborativo que realizamos a trav\u00e9s de cada Municipalidad -agreg\u00f3 De La Maza-, respecto a materias ambientales, repercute directamente en propia Comunidad, quien mejora su calidad de vida significativa y a la vez, recibe una respuesta mejor y \u00e1gil por parte del Estado.<\/p>\n<p style=\"text-align: justify;\">En este sentido, el Alcalde Jofr\u00e9 se\u00f1al\u00f3 que este acuerdo de colaboraci\u00f3n implica la intensificaci\u00f3n de las fiscalizaciones en la comuna. Al respecto, a\u00f1adi\u00f3 que los resultados de las inspecciones que lleve a cabo el municipio ser\u00e1n enviados mensualmente a la Superintendencia, conforme al D.S. N\u00b038\/2011 del Ministerio de Medio Ambiente.<\/p>\n<p style=\"text-align: justify;\">Con la firma de este convenio- indic\u00f3 Jofr\u00e9-, los inspectores municipales ahora estar\u00e1n facultados para fiscalizar a aquellas fuentes emisoras que sobrepasen los niveles permitidos por la ordenanza comunal y as\u00ed informar a la SMA de modo que se tomen las medidas correspondientes.<\/p>\n","protected":false},"excerpt":{"rendered":"<p>El acuerdo no s\u00f3lo permitir\u00e1 capacitar a funcionarios municipales por parte del ente fiscalizador habilit\u00e1ndolos para inspeccionar fuentes emisoras de ruidos molestos, conforme al decreto que lo regula, sino que tambi\u00e9n otorga al Municipio la recepci\u00f3n de denuncias por este concepto, verificando si la fuente afecta se ajusta a la normativa. El Quisco, 13 de enero <a href=\"https:\/\/portal.sma.gob.cl\/index.php\/municipalidad-de-el-quisco-y-superintendencia-del-medio-ambiente-firmaron-convenio-de-ruidos\/\">Leer m\u00e1s<\/a><\/p>\n","protected":false},"author":3,"featured_media":23189,"comment_status":"open","ping_status":"open","sticky":false,"template":"","format":"standard","meta":{"footnotes":""},"categories":[90,107,225,231],"tags":[],"class_list":["post-23187","post","type-post","status-publish","format-standard","has-post-thumbnail","hentry","category-comunicados-noticias","category-destacado","category-macrozona-centro","category-valparaiso"],"_links":{"self":[{"href":"https:\/\/portal.sma.gob.cl\/index.php\/wp-json\/wp\/v2\/posts\/23187","targetHints":{"allow":["GET"]}}],"collection":[{"href":"https:\/\/portal.sma.gob.cl\/index.php\/wp-json\/wp\/v2\/posts"}],"about":[{"href":"https:\/\/portal.sma.gob.cl\/index.php\/wp-json\/wp\/v2\/types\/post"}],"author":[{"embeddable":true,"href":"https:\/\/portal.sma.gob.cl\/index.php\/wp-json\/wp\/v2\/users\/3"}],"replies":[{"embeddable":true,"href":"https:\/\/portal.sma.gob.cl\/index.php\/wp-json\/wp\/v2\/comments?post=23187"}],"version-history":[{"count":2,"href":"https:\/\/portal.sma.gob.cl\/index.php\/wp-json\/wp\/v2\/posts\/23187\/revisions"}],"predecessor-version":[{"id":23785,"href":"https:\/\/portal.sma.gob.cl\/index.php\/wp-json\/wp\/v2\/posts\/23187\/revisions\/23785"}],"wp:featuredmedia":[{"embeddable":true,"href":"https:\/\/portal.sma.gob.cl\/index.php\/wp-json\/wp\/v2\/media\/23189"}],"wp:attachment":[{"href":"https:\/\/portal.sma.gob.cl\/index.php\/wp-json\/wp\/v2\/media?parent=23187"}],"wp:term":[{"taxonomy":"category","embeddable":true,"href":"https:\/\/portal.sma.gob.cl\/index.php\/wp-json\/wp\/v2\/categories?post=23187"},{"taxonomy":"post_tag","embeddable":true,"href":"https:\/\/portal.sma.gob.cl\/index.php\/wp-json\/wp\/v2\/tags?post=23187"}],"curies":[{"name":"wp","href":"https:\/\/api.w.org\/{rel}","templated":true}]}}