{"id":23521,"date":"2022-03-29T17:44:20","date_gmt":"2022-03-29T20:44:20","guid":{"rendered":"https:\/\/portal.sma.gob.cl\/?p=23521"},"modified":"2022-07-15T12:17:02","modified_gmt":"2022-07-15T16:17:02","slug":"reserva-la-fecha-para-un-nuevo-taller-online-6-de-abril","status":"publish","type":"post","link":"https:\/\/portal.sma.gob.cl\/index.php\/reserva-la-fecha-para-un-nuevo-taller-online-6-de-abril\/","title":{"rendered":"Reserva la fecha para un nuevo taller online: 6 de abril"},"content":{"rendered":"<p><img decoding=\"async\" class=\"aligncenter wp-image-23524 \" src=\"https:\/\/portal.sma.gob.cl\/wp-content\/uploads\/2022\/03\/Taller-sisat-slide.png\" alt=\"\" width=\"1108\" height=\"1495\" \/><\/p>\n<p>&nbsp;<\/p>\n<p><strong>Santiago, 29 de marzo de 2022.<\/strong> La Superintendencia del Medio Ambiente ofrecer\u00e1 un taller online destinado a todos los establecimientos afectos a la regulaci\u00f3n ambiental de los Planes de Prevenci\u00f3n y\/o Descontaminaci\u00f3n Atmosf\u00e9rica a nivel nacional.<\/p>\n<p>Esta actividad se enmarca dentro de las actividades que buscan incentivar el cumplimiento de la normativa ambiental, asistiendo a los establecimientos regulados.<\/p>\n<p>\ud83d\uddd3\ufe0f \u00bfCu\u00e1ndo se realizar\u00e1? El pr\u00f3ximo 6 abril a las 10.00 horas, v\u00eda Teams.<br \/>\n\ud83d\udcdd Si deseas participar, debes inscribirte en este link: <a href=\"https:\/\/lnkd.in\/gUUPKVjy\" data-attribute-index=\"4\">https:\/\/lnkd.in\/gUUPKVjy<\/a><\/p>\n","protected":false},"excerpt":{"rendered":"<p>&nbsp; Santiago, 29 de marzo de 2022. La Superintendencia del Medio Ambiente ofrecer\u00e1 un taller online destinado a todos los establecimientos afectos a la regulaci\u00f3n ambiental de los Planes de Prevenci\u00f3n y\/o Descontaminaci\u00f3n Atmosf\u00e9rica a nivel nacional. Esta actividad se enmarca dentro de las actividades que buscan incentivar el cumplimiento de la normativa ambiental, asistiendo a <a href=\"https:\/\/portal.sma.gob.cl\/index.php\/reserva-la-fecha-para-un-nuevo-taller-online-6-de-abril\/\">Leer m\u00e1s<\/a><\/p>\n","protected":false},"author":9,"featured_media":23525,"comment_status":"open","ping_status":"open","sticky":false,"template":"","format":"standard","meta":{"footnotes":""},"categories":[107,225,232,94],"tags":[],"class_list":["post-23521","post","type-post","status-publish","format-standard","has-post-thumbnail","hentry","category-destacado","category-macrozona-centro","category-metropolitana","category-notas-noticias"],"_links":{"self":[{"href":"https:\/\/portal.sma.gob.cl\/index.php\/wp-json\/wp\/v2\/posts\/23521","targetHints":{"allow":["GET"]}}],"collection":[{"href":"https:\/\/portal.sma.gob.cl\/index.php\/wp-json\/wp\/v2\/posts"}],"about":[{"href":"https:\/\/portal.sma.gob.cl\/index.php\/wp-json\/wp\/v2\/types\/post"}],"author":[{"embeddable":true,"href":"https:\/\/portal.sma.gob.cl\/index.php\/wp-json\/wp\/v2\/users\/9"}],"replies":[{"embeddable":true,"href":"https:\/\/portal.sma.gob.cl\/index.php\/wp-json\/wp\/v2\/comments?post=23521"}],"version-history":[{"count":4,"href":"https:\/\/portal.sma.gob.cl\/index.php\/wp-json\/wp\/v2\/posts\/23521\/revisions"}],"predecessor-version":[{"id":23528,"href":"https:\/\/portal.sma.gob.cl\/index.php\/wp-json\/wp\/v2\/posts\/23521\/revisions\/23528"}],"wp:featuredmedia":[{"embeddable":true,"href":"https:\/\/portal.sma.gob.cl\/index.php\/wp-json\/wp\/v2\/media\/23525"}],"wp:attachment":[{"href":"https:\/\/portal.sma.gob.cl\/index.php\/wp-json\/wp\/v2\/media?parent=23521"}],"wp:term":[{"taxonomy":"category","embeddable":true,"href":"https:\/\/portal.sma.gob.cl\/index.php\/wp-json\/wp\/v2\/categories?post=23521"},{"taxonomy":"post_tag","embeddable":true,"href":"https:\/\/portal.sma.gob.cl\/index.php\/wp-json\/wp\/v2\/tags?post=23521"}],"curies":[{"name":"wp","href":"https:\/\/api.w.org\/{rel}","templated":true}]}}