{"id":23579,"date":"2022-04-01T16:31:07","date_gmt":"2022-04-01T19:31:07","guid":{"rendered":"https:\/\/portal.sma.gob.cl\/?p=23579"},"modified":"2022-10-25T15:00:30","modified_gmt":"2022-10-25T18:00:30","slug":"autoridades-regionales-dan-inicio-a-periodo-de-gestion-de-episodios-criticos-coyhaique-gec-2022","status":"publish","type":"post","link":"https:\/\/portal.sma.gob.cl\/index.php\/autoridades-regionales-dan-inicio-a-periodo-de-gestion-de-episodios-criticos-coyhaique-gec-2022\/","title":{"rendered":"Autoridades regionales dan inicio a per\u00edodo de Gesti\u00f3n de Episodios Cr\u00edticos Coyhaique GEC 2022"},"content":{"rendered":"<p><strong>Coyhaique, 01 de abril de 2022.-<\/strong> Desde la estaci\u00f3n del monitoreo de calidad del aire, Coyhaique II, el Delegado Presidencial Regional de Ays\u00e9n, Rodrigo Araya Morales, en compa\u00f1\u00eda del SEREMI del Medio Ambiente, Juli\u00e1n C\u00e1rdenas y el jefe regional de la Superintendencia del Medio Ambiente, Oscar Leal, anunciaron el inicio del Per\u00edodo de Gesti\u00f3n de Episodios Cr\u00edticos GEC 2022 con el primer pron\u00f3stico de calidad del aire para el d\u00eda 1ro de abril como BUENO.<\/p>\n<p>El Delegado Presidencial record\u00f3 que el periodo se sostendr\u00e1 por todos los meses de oto\u00f1o e invierno y llam\u00f3 a la comunidad a respetar las restricciones y recomendaciones <strong>\u201cnuestra comunidad cuenta con mucha informaci\u00f3n sobre la importancia de mantener las viviendas aisladas; aquellos que utilizan le\u00f1a, asegurarse de su bajo porcentaje de humedad, la correcta utilizaci\u00f3n del tiraje de los ca\u00f1os; que hay que respetar las restricciones en cada episodio, como solo un ca\u00f1o o una calefacci\u00f3n por esa v\u00eda; y estar atentos tambi\u00e9n a las restricciones de actividad f\u00edsica como en los a\u00f1os anteriores\u201d, <\/strong>agregando que un reciente estudio de INFOR indic\u00f3 que el consumo de le\u00f1a ha disminuido en un 45% lo que da cuenta de un cambio cultural hacia la calefacci\u00f3n sustentable.<\/p>\n<p>El per\u00edodo GEC forma parte del Plan de Descontaminaci\u00f3n Atmosf\u00e9rica (PDA) de la zona saturada de Coyhaique y rige desde el 1 de abril hasta el 30 de septiembre, con el\u00a0 objetivo \u00a0de proteger la salud de la poblaci\u00f3n previniendo la exposici\u00f3n de los altos \u00edndices de contaminaci\u00f3n del aire por material particulado fino MP2,5 producto del uso indiscriminado de le\u00f1a h\u00fameda. El recientemente nombrado Seremi del Medio Ambiente, Juli\u00e1n C\u00e1rdenas, destac\u00f3\u00a0 que desde el a\u00f1o 2016, cuando comenz\u00f3 la implementaci\u00f3n del PDA a la fecha, se ha disminuido en un 60% el total de episodios cr\u00edticos y en un 67%\u00a0 aquellos de emergencia<strong> \u201cpor eso el llamado es a tomar todas las medidas y responsabilidad como parte de una ciudadan\u00eda comprometida, comprendiendo que la contaminaci\u00f3n atmosf\u00e9rica es un problema que comienza y termina en todos nosotros\u201d.\u00a0\u00a0 <\/strong><\/p>\n<p>Para el per\u00edodo GEC 2022 se establecen medidas restrictivas permanentes, las que consideran la prohibici\u00f3n del uso de calefactores a le\u00f1a en establecimientos comerciales y en dependencias de organismos de la administraci\u00f3n del Estado y municipales. As\u00ed tambi\u00e9n proh\u00edbe el uso del fuego para la quema de rastrojos, y de cualquier tipo de vegetaci\u00f3n viva o muerta en terrenos agr\u00edcolas, ganaderos o de aptitud preferentemente forestal dentro de la zona suscrita al plan. Finalmente se proh\u00edbe la quema de neum\u00e1ticos, hojas secas, ramas y\/o todo tipo de residuos al aire libre, en la v\u00eda p\u00fablica o recintos privados.<\/p>\n<p>Tambi\u00e9n se establecen medidas para cada episodio cr\u00edtico, definidos como ALERTA, PRE-EMERGENCIA y EMERGENCIA, cuya declaratoria emana desde la Delegaci\u00f3n Presidencial Regional y que son anunciados diariamente en airechile.mma.gob.cl, airecoyaique.mma.gob.cl, redes sociales de la Seremi del Medio Ambiente y medios de comunicaci\u00f3n locales.<\/p>\n<p>Las restricciones para los episodios de ALERTA, consisten en la prohibici\u00f3n de m\u00e1s de un artefacto a le\u00f1a por vivienda durante las 24 horas del d\u00eda, mientras que para los episodios de PRE-EMERGENCIA adem\u00e1s se fiscalizar\u00e1n humos visibles las 24 hrs del d\u00eda y se proh\u00edbe el funcionamiento de calderas con emisiones mayores a 50 mg\/m3N de 18:00 a 06:00 hrs.<\/p>\n<p>En cuanto a las clases de Educaci\u00f3n F\u00edsica, las autoridades indicaron que estas no est\u00e1n prohibidas en los establecimientos educacionales, no obstante se recomienda revisar la <em>Gu\u00eda de actividades de educaci\u00f3n F\u00edsica para periodos de preemergencia y emergencia ambiental en Coyhaique<\/em>, que se encuentra disponible en la p\u00e1gina web airecoyhaique.mma.gob.cl<\/p>\n<p>Desde la Superintendencia del Medio Ambiente, recalcaron que, durante el per\u00edodo GEC \u00a0se reforzar\u00e1 la fiscalizaci\u00f3n de le\u00f1a h\u00fameda en sus puntos de distribuci\u00f3n comercial, recordando que la normativa PDA, obliga la comercializaci\u00f3n de le\u00f1a seca, es decir, bajo el 25% de humedad, donde es obligaci\u00f3n de los comerciantes contar con un aparato de medici\u00f3n de humedad (xilohigr\u00f3metro) disponible para que los consumidores verifiquen la humedad, e invitando a la ciudadan\u00eda a realizar sus denuncias durante este periodo GEC en el formulario dispuesto en denuncia.sma.gob.cl y tambi\u00e9n en el link de airecoyhaique.mma.gob.cl<\/p>\n<p>Respecto de las medidas PDA, el SEREMI del Medio Ambiente inform\u00f3 la continuidad del programa de recambio de calefactores que ya cuenta con financiamiento del Gobierno regional para el periodo 2022-2023 y que actualmente se encuentra en proceso de instalaci\u00f3n del \u00faltimo llamado para pellet y el\u00e9ctrico split inverter. Se espera que para el mes de junio se abra un nuevo llamado al recambio de calefactores en las l\u00edneas pellet y kerosene. En cuanto a los subsidios de aislaci\u00f3n t\u00e9rmica, invit\u00f3 a la ciudadan\u00eda a contactar desde ya a las entidades patrocinantes (EP) para comenzar a realizar los proyectos y as\u00ed postular\u00a0 en forma m\u00e1s expedita al pr\u00f3ximo llamado en Mayo 2022.<\/p>\n","protected":false},"excerpt":{"rendered":"<p>Coyhaique, 01 de abril de 2022.- Desde la estaci\u00f3n del monitoreo de calidad del aire, Coyhaique II, el Delegado Presidencial Regional de Ays\u00e9n, Rodrigo Araya Morales, en compa\u00f1\u00eda del SEREMI del Medio Ambiente, Juli\u00e1n C\u00e1rdenas y el jefe regional de la Superintendencia del Medio Ambiente, Oscar Leal, anunciaron el inicio del Per\u00edodo de Gesti\u00f3n de Episodios <a href=\"https:\/\/portal.sma.gob.cl\/index.php\/autoridades-regionales-dan-inicio-a-periodo-de-gestion-de-episodios-criticos-coyhaique-gec-2022\/\">Leer m\u00e1s<\/a><\/p>\n","protected":false},"author":8,"featured_media":23583,"comment_status":"open","ping_status":"open","sticky":false,"template":"","format":"standard","meta":{"footnotes":""},"categories":[240,90,107,226],"tags":[],"class_list":["post-23579","post","type-post","status-publish","format-standard","has-post-thumbnail","hentry","category-aysen","category-comunicados-noticias","category-destacado","category-macrozona-sur"],"_links":{"self":[{"href":"https:\/\/portal.sma.gob.cl\/index.php\/wp-json\/wp\/v2\/posts\/23579","targetHints":{"allow":["GET"]}}],"collection":[{"href":"https:\/\/portal.sma.gob.cl\/index.php\/wp-json\/wp\/v2\/posts"}],"about":[{"href":"https:\/\/portal.sma.gob.cl\/index.php\/wp-json\/wp\/v2\/types\/post"}],"author":[{"embeddable":true,"href":"https:\/\/portal.sma.gob.cl\/index.php\/wp-json\/wp\/v2\/users\/8"}],"replies":[{"embeddable":true,"href":"https:\/\/portal.sma.gob.cl\/index.php\/wp-json\/wp\/v2\/comments?post=23579"}],"version-history":[{"count":2,"href":"https:\/\/portal.sma.gob.cl\/index.php\/wp-json\/wp\/v2\/posts\/23579\/revisions"}],"predecessor-version":[{"id":23582,"href":"https:\/\/portal.sma.gob.cl\/index.php\/wp-json\/wp\/v2\/posts\/23579\/revisions\/23582"}],"wp:featuredmedia":[{"embeddable":true,"href":"https:\/\/portal.sma.gob.cl\/index.php\/wp-json\/wp\/v2\/media\/23583"}],"wp:attachment":[{"href":"https:\/\/portal.sma.gob.cl\/index.php\/wp-json\/wp\/v2\/media?parent=23579"}],"wp:term":[{"taxonomy":"category","embeddable":true,"href":"https:\/\/portal.sma.gob.cl\/index.php\/wp-json\/wp\/v2\/categories?post=23579"},{"taxonomy":"post_tag","embeddable":true,"href":"https:\/\/portal.sma.gob.cl\/index.php\/wp-json\/wp\/v2\/tags?post=23579"}],"curies":[{"name":"wp","href":"https:\/\/api.w.org\/{rel}","templated":true}]}}