{"id":23584,"date":"2022-04-04T11:59:11","date_gmt":"2022-04-04T15:59:11","guid":{"rendered":"https:\/\/portal.sma.gob.cl\/?p=23584"},"modified":"2022-10-25T15:01:58","modified_gmt":"2022-10-25T18:01:58","slug":"sma-obtiene-reconocimiento-por-su-aporte-en-la-transformacion-digital-del-estado","status":"publish","type":"post","link":"https:\/\/portal.sma.gob.cl\/index.php\/sma-obtiene-reconocimiento-por-su-aporte-en-la-transformacion-digital-del-estado\/","title":{"rendered":"SMA obtiene reconocimiento por su aporte en la Transformaci\u00f3n Digital del Estado"},"content":{"rendered":"<div id=\"boxed-wrapper\">\n<div id=\"wrapper\" class=\"fusion-wrapper\">\n<p><strong>Iniciativa que tiene por objeto digitalizar tr\u00e1mites ante servicios p\u00fablicos, simplificar y eliminar tr\u00e1mites que las personas realizan ante el Sistema P\u00fablico.<\/strong><\/p>\n<div class=\"fusion-row\">\n<section id=\"content\">\n<article id=\"post-11808\" class=\"post post-11808 type-post status-publish format-standard has-post-thumbnail hentry category-boletin-marzo-2022 tag-dsi tag-reconocimiento tag-transformacion-digital\">\n<div class=\"post-content\">\n<p><strong>Santiago, 04 de abril de 2022.-<\/strong> La Divisi\u00f3n de Gobierno Digital (<a href=\"https:\/\/digital.gob.cl\/\">GobDigital<\/a>) del Ministerio Secretaria General de la Presidencia distingui\u00f3 a la Superintendencia del Medio Ambiente (SMA) por su contribuci\u00f3n en el cumplimiento de metas designadas en el <a href=\"https:\/\/cms-dgd-prod.s3-us-west-2.amazonaws.com\/uploads\/pdf\/Instructivo-N%C2%BA001-Transformacion-Digital-2019.pdf?\">Instructivo de Transformaci\u00f3n Digital<\/a>. En particular, se reconoci\u00f3 el trabajo de nuestra Instituci\u00f3n para alcanzar las metas asociadas a los ejes de CeroFilas, CeroPapel e Identidad Digital a implementarse entre los a\u00f1os 2019 y 2022.<\/p>\n<p>Al respecto, Cristi\u00e1n Cort\u00e9s, jefe de la Divisi\u00f3n de Seguimiento e Informaci\u00f3n Ambiental (DSI) valor\u00f3 el reconocimiento de GobDigital y se\u00f1al\u00f3 que \u201cEsta distinci\u00f3n nos sit\u00faa en el centro de la Transformaci\u00f3n Digital que est\u00e1 impulsando el Estado en todas las reparticiones p\u00fablicas, donde la SMA se ha transformado en un referente a nivel nacional. Este es un reconocimiento para la SMA en su conjunto y queremos invitarles a seguir mejorando los servicios que entregamos en este \u00e1mbito de gesti\u00f3n.\u201d, indic\u00f3.<\/p>\n<p>Po su parte, Alejandro Casanueva, encargado de la Oficina de Desarrollo y Mantenci\u00f3n de Sistemas de DSI, destac\u00f3 el trabajo que est\u00e1n realizando nuestros equipos. \u201cEste reconocimiento de GobDigital es un empuj\u00f3n para seguir focalizando nuestros esfuerzos en mejoras en el sistema de CeroPapel, uso de datos, ciberseguridad, interoperabilidad e identidad Digital\u201d, afirm\u00f3.<\/p>\n<p>Cabe recordar, que la <a href=\"https:\/\/www.bcn.cl\/leychile\/navegar?idNorma=1138479\">Ley 21.180<\/a> fue publicada en noviembre de 2019 y entr\u00f3 en vigencia durante el a\u00f1o 2021. Dicha normativa tiene por objeto efectuar una transformaci\u00f3n digital del Estado, incorporando el soporte y la tramitaci\u00f3n electr\u00f3nica en los procedimientos administrativos del Sistema P\u00fablico y su gesti\u00f3n documental.<\/p>\n<p>En la misma actividad, realizada el viernes 4 de marzo, se dio el cierre del instructivo presidencial de transformaci\u00f3n digital, instrumento utilizado para promover la modernizaci\u00f3n del Estado y la mejora en la provisi\u00f3n de servicios, a trav\u00e9s del uso estrat\u00e9gico de tecnolog\u00edas digitales<\/p>\n<p><img decoding=\"async\" class=\"alignnone wp-image-23587 size-full\" src=\"https:\/\/portal.sma.gob.cl\/wp-content\/uploads\/2022\/04\/Diploma.png\" alt=\"\" width=\"1178\" height=\"912\" srcset=\"https:\/\/portal.sma.gob.cl\/wp-content\/uploads\/2022\/04\/Diploma-200x155.png 200w, https:\/\/portal.sma.gob.cl\/wp-content\/uploads\/2022\/04\/Diploma-300x232.png 300w, https:\/\/portal.sma.gob.cl\/wp-content\/uploads\/2022\/04\/Diploma-400x310.png 400w, https:\/\/portal.sma.gob.cl\/wp-content\/uploads\/2022\/04\/Diploma-600x465.png 600w, https:\/\/portal.sma.gob.cl\/wp-content\/uploads\/2022\/04\/Diploma-768x595.png 768w, https:\/\/portal.sma.gob.cl\/wp-content\/uploads\/2022\/04\/Diploma-800x619.png 800w, https:\/\/portal.sma.gob.cl\/wp-content\/uploads\/2022\/04\/Diploma-1024x793.png 1024w, https:\/\/portal.sma.gob.cl\/wp-content\/uploads\/2022\/04\/Diploma.png 1178w\" sizes=\"(max-width: 1178px) 100vw, 1178px\" \/><\/p>\n<\/div>\n<\/article>\n<\/section>\n<\/div>\n<p>&nbsp;<\/p>\n<\/div>\n<\/div>\n","protected":false},"excerpt":{"rendered":"<p>Iniciativa que tiene por objeto digitalizar tr\u00e1mites ante servicios p\u00fablicos, simplificar y eliminar tr\u00e1mites que las personas realizan ante el Sistema P\u00fablico. Santiago, 04 de abril de 2022.- La Divisi\u00f3n de Gobierno Digital (GobDigital) del Ministerio Secretaria General de la Presidencia distingui\u00f3 a la Superintendencia del Medio Ambiente (SMA) por su contribuci\u00f3n en el cumplimiento de <a href=\"https:\/\/portal.sma.gob.cl\/index.php\/sma-obtiene-reconocimiento-por-su-aporte-en-la-transformacion-digital-del-estado\/\">Leer m\u00e1s<\/a><\/p>\n","protected":false},"author":8,"featured_media":23586,"comment_status":"open","ping_status":"open","sticky":false,"template":"","format":"standard","meta":{"footnotes":""},"categories":[107,225,232,94],"tags":[],"class_list":["post-23584","post","type-post","status-publish","format-standard","has-post-thumbnail","hentry","category-destacado","category-macrozona-centro","category-metropolitana","category-notas-noticias"],"_links":{"self":[{"href":"https:\/\/portal.sma.gob.cl\/index.php\/wp-json\/wp\/v2\/posts\/23584","targetHints":{"allow":["GET"]}}],"collection":[{"href":"https:\/\/portal.sma.gob.cl\/index.php\/wp-json\/wp\/v2\/posts"}],"about":[{"href":"https:\/\/portal.sma.gob.cl\/index.php\/wp-json\/wp\/v2\/types\/post"}],"author":[{"embeddable":true,"href":"https:\/\/portal.sma.gob.cl\/index.php\/wp-json\/wp\/v2\/users\/8"}],"replies":[{"embeddable":true,"href":"https:\/\/portal.sma.gob.cl\/index.php\/wp-json\/wp\/v2\/comments?post=23584"}],"version-history":[{"count":7,"href":"https:\/\/portal.sma.gob.cl\/index.php\/wp-json\/wp\/v2\/posts\/23584\/revisions"}],"predecessor-version":[{"id":23593,"href":"https:\/\/portal.sma.gob.cl\/index.php\/wp-json\/wp\/v2\/posts\/23584\/revisions\/23593"}],"wp:featuredmedia":[{"embeddable":true,"href":"https:\/\/portal.sma.gob.cl\/index.php\/wp-json\/wp\/v2\/media\/23586"}],"wp:attachment":[{"href":"https:\/\/portal.sma.gob.cl\/index.php\/wp-json\/wp\/v2\/media?parent=23584"}],"wp:term":[{"taxonomy":"category","embeddable":true,"href":"https:\/\/portal.sma.gob.cl\/index.php\/wp-json\/wp\/v2\/categories?post=23584"},{"taxonomy":"post_tag","embeddable":true,"href":"https:\/\/portal.sma.gob.cl\/index.php\/wp-json\/wp\/v2\/tags?post=23584"}],"curies":[{"name":"wp","href":"https:\/\/api.w.org\/{rel}","templated":true}]}}