{"id":23597,"date":"2022-04-06T09:24:18","date_gmt":"2022-04-06T13:24:18","guid":{"rendered":"https:\/\/portal.sma.gob.cl\/?p=23597"},"modified":"2022-10-25T15:03:53","modified_gmt":"2022-10-25T18:03:53","slug":"sma-inicia-investigacion-contra-empresa-codelco-division-ventanas","status":"publish","type":"post","link":"https:\/\/portal.sma.gob.cl\/index.php\/sma-inicia-investigacion-contra-empresa-codelco-division-ventanas\/","title":{"rendered":"SMA inicia investigaci\u00f3n contra empresa Codelco Divisi\u00f3n Ventanas"},"content":{"rendered":"<p><strong>Tras incidente ocurrido el pasado jueves, 31 de marzo, en la planta de \u00e1cidos de la empresa cupr\u00edfera ubicada en la comuna de Puchuncav\u00ed, Regi\u00f3n de Valpara\u00edso.<\/strong><\/p>\n<p><strong>Valpara\u00edso, 6 de abril de 2022.- <\/strong>La Superintendencia del Medio Ambiente inici\u00f3 una investigaci\u00f3n contra la empresa CODELCO Divisi\u00f3n Ventanas luego del incidente ocurrido el pasado jueves 31 de marzo en la Planta de \u00c1cidos de la cupr\u00edfera ubicada en la comuna de Puchuncav\u00ed y desde la cual se visualizaron emisiones fugitivas, hecho que gener\u00f3 preocupaci\u00f3n para las comunidades que habitan la zona.<\/p>\n<p>Frente a este incidente, fiscalizadores de la delegaci\u00f3n exclusiva de la SMA en la comuna de Quintero realizaron una actividad de fiscalizaci\u00f3n en terreno, que se extendi\u00f3 hasta la madrugada del d\u00eda viernes 1 de abril, constatando que las emisiones se produjeron en un horario en que se presentaban buenas condiciones de ventilaci\u00f3n, lo cual, no incidi\u00f3 en las concentraciones de calidad del aire registradas en las estaciones de monitoreo de la zona, observ\u00e1ndose que las concentraciones de los par\u00e1metros regulados mediante el Plan de CQP no excedieron los l\u00edmites establecidos en las normas de calidad.<\/p>\n<p>Al respecto, Rodrigo Garc\u00eda, jefe (S) de la Oficina Regional SMA de Valpara\u00edso, se\u00f1al\u00f3 que \u201csi bien, la informaci\u00f3n de la inspecci\u00f3n est\u00e1 siendo evaluada por personal de esta Superintendencia, y los resultados y conclusiones de estos ser\u00e1n plasmados en el Informe de Fiscalizaci\u00f3n Ambiental correspondiente, se ha dado inicio a una investigaci\u00f3n formal contra la empresa minera para despejar si estos hallazgos corresponden a una contingencia en particular o a un incumplimiento ambiental por parte del titular de esta unidad fiscalizable\u201d, enfatiz\u00f3.<\/p>\n<p><strong>Cifras Codelco Divisi\u00f3n Ventanas \/ <\/strong><a href=\"https:\/\/snifa.sma.gob.cl\/\"><strong>SNIFA<\/strong><\/a><\/p>\n<p>La empresa CODELCO Divisi\u00f3n Ventanas cuenta con 14 instrumentos de gesti\u00f3n ambiental aplicable \/ 11 son RCA \/ 2 Norma de Emisi\u00f3n y el PPDA.<\/p>\n<ul>\n<li><strong>N\u00famero de fiscalizaciones:<\/strong> 128 en total lo que incluye visitas a terreno y ex\u00e1menes de informaci\u00f3n por PPDA (Plan Operacional).<\/li>\n<li><strong>Procedimientos sancionatorios:<\/strong> Existe un procedimiento sancionatorio del a\u00f1o 2016, a ra\u00edz de denuncias ciudadanas, y luego del an\u00e1lisis del Programa de Cumplimiento presentado, se exigieron mejoras y la inversi\u00f3n fue de $3.043.160.000 millones de pesos en mejoras ambientales. Junto con lo anterior, tambi\u00e9n existe un nuevo procedimiento sancionatorio contra esta unidad fiscalizable del a\u00f1o 2021, en este caso se presentaron descargos y actualmente se est\u00e1 redactando la propuesta de Dictamen. El estado del procedimiento est\u00e1 actualizado en SNIFA.<\/li>\n<li>Al respecto, la SMA formul\u00f3 cargos por 13 infracciones: 10 leves y 3 graves, entre las que destaca: no convertir a gas natural sus procesos; no contar con sistema de captaci\u00f3n, lavado y extracci\u00f3n de neblina \u00e1cida; no presentar la certificaci\u00f3n de laboratorios que realizan el muestreo y an\u00e1lisis para determinar las mediciones de azufre de los informes mensuales remitidos en el marco del antiguo PPDA.<\/li>\n<li><strong>Medidas Provisionales:<\/strong> no hay en el sistema<\/li>\n<\/ul>\n<p><strong>Presencia SMA en la zona<\/strong><\/p>\n<p>En el contexto del Plan de Prevenci\u00f3n y\/o Descontaminaci\u00f3n Atmosf\u00e9rica (PPDA) que rige para las comunas de Conc\u00f3n, Quintero y Puchuncav\u00ed, desde abril del a\u00f1o 2019, la SMA cuenta con dos fiscalizadores en terreno con dedicaci\u00f3n exclusiva a esta zona industrial de la Regi\u00f3n de Valpara\u00edso, reportando directamente al jefe de la oficina de la SMA en dicha regi\u00f3n.<\/p>\n<p>Entre los a\u00f1os 2019 y 2021, nuestros fiscalizadores han realizado un total de 583 actividades de fiscalizaci\u00f3n a las empresas sujetas al PPDA, datos que se detallan en la siguiente tabla:<\/p>\n<p><img decoding=\"async\" class=\"alignnone wp-image-23599 size-large\" src=\"https:\/\/portal.sma.gob.cl\/wp-content\/uploads\/2022\/04\/Tabla-DFZ-CQP.jpg\" alt=\"\" width=\"642\" height=\"713\" srcset=\"https:\/\/portal.sma.gob.cl\/wp-content\/uploads\/2022\/04\/Tabla-DFZ-CQP-200x222.jpg 200w, https:\/\/portal.sma.gob.cl\/wp-content\/uploads\/2022\/04\/Tabla-DFZ-CQP-270x300.jpg 270w, https:\/\/portal.sma.gob.cl\/wp-content\/uploads\/2022\/04\/Tabla-DFZ-CQP-400x444.jpg 400w, https:\/\/portal.sma.gob.cl\/wp-content\/uploads\/2022\/04\/Tabla-DFZ-CQP-600x666.jpg 600w, https:\/\/portal.sma.gob.cl\/wp-content\/uploads\/2022\/04\/Tabla-DFZ-CQP.jpg 642w\" sizes=\"(max-width: 642px) 100vw, 642px\" \/><\/p>\n<p>Es importante destacar que la labor de fiscalizaci\u00f3n de esta zona es continua y permanente, y se lleva a cabo a trav\u00e9s de la ejecuci\u00f3n del programa y subprograma anual de fiscalizaci\u00f3n de planes de descontaminaci\u00f3n (en este caso en particular el plan de descontaminaci\u00f3n de las comunas de Conc\u00f3n, Quintero y Puchuncav\u00ed); el programa y subprograma anual de fiscalizaci\u00f3n de las normas de emisi\u00f3n, espec\u00edficamente las normas de emisi\u00f3n para termoel\u00e9ctricas y fundiciones y el programa anual de fiscalizaci\u00f3n de normas de calidad del aire.<\/p>\n<p>Todas estas acciones son reforzadas al momento de una contingencia, con la realizaci\u00f3n de inspecciones espec\u00edficas, requerimientos de informaci\u00f3n, etc., que permitan a esta Superintendencia investigar lo ocurrido, con el objetivo de determinar eventuales incumplimientos a los instrumentos de car\u00e1cter ambiental de competencia de la SMA. Adicionalmente, las acciones de fiscalizaci\u00f3n que se realizan con motivo de una contingencia pueden ser reforzadas por profesionales de otros organismos adscritos a la Red Nacional de Fiscalizaci\u00f3n Ambiental (<a href=\"https:\/\/renfa.sma.gob.cl\/\">RENFA<\/a>), adem\u00e1s de profesionales de la oficina regional y\/o del nivel central, de esta Superintendencia.<\/p>\n<p><strong>________________________________________________________________________________________<\/strong><\/p>\n<p><strong>Rol de la SMA:<\/strong> en el contexto de la institucionalidad ambiental actual en Chile, la Superintendencia del Medio Ambiente cumple un rol fiscalizador y de sanci\u00f3n sobre los instrumentos de gesti\u00f3n ambiental vigentes en el pa\u00eds (Ley 19.300): Resoluciones de Calificaci\u00f3n (RCA), Normas de Emisi\u00f3n, Normas de Calidad y Planes de Prevenci\u00f3n y\/o de Descontaminaci\u00f3n Ambiental, entre otros.<\/p>\n","protected":false},"excerpt":{"rendered":"<p>Tras incidente ocurrido el pasado jueves, 31 de marzo, en la planta de \u00e1cidos de la empresa cupr\u00edfera ubicada en la comuna de Puchuncav\u00ed, Regi\u00f3n de Valpara\u00edso. Valpara\u00edso, 6 de abril de 2022.- La Superintendencia del Medio Ambiente inici\u00f3 una investigaci\u00f3n contra la empresa CODELCO Divisi\u00f3n Ventanas luego del incidente ocurrido el pasado jueves 31 de <a href=\"https:\/\/portal.sma.gob.cl\/index.php\/sma-inicia-investigacion-contra-empresa-codelco-division-ventanas\/\">Leer m\u00e1s<\/a><\/p>\n","protected":false},"author":8,"featured_media":23601,"comment_status":"open","ping_status":"open","sticky":false,"template":"","format":"standard","meta":{"footnotes":""},"categories":[90,107,225,231],"tags":[],"class_list":["post-23597","post","type-post","status-publish","format-standard","has-post-thumbnail","hentry","category-comunicados-noticias","category-destacado","category-macrozona-centro","category-valparaiso"],"_links":{"self":[{"href":"https:\/\/portal.sma.gob.cl\/index.php\/wp-json\/wp\/v2\/posts\/23597","targetHints":{"allow":["GET"]}}],"collection":[{"href":"https:\/\/portal.sma.gob.cl\/index.php\/wp-json\/wp\/v2\/posts"}],"about":[{"href":"https:\/\/portal.sma.gob.cl\/index.php\/wp-json\/wp\/v2\/types\/post"}],"author":[{"embeddable":true,"href":"https:\/\/portal.sma.gob.cl\/index.php\/wp-json\/wp\/v2\/users\/8"}],"replies":[{"embeddable":true,"href":"https:\/\/portal.sma.gob.cl\/index.php\/wp-json\/wp\/v2\/comments?post=23597"}],"version-history":[{"count":4,"href":"https:\/\/portal.sma.gob.cl\/index.php\/wp-json\/wp\/v2\/posts\/23597\/revisions"}],"predecessor-version":[{"id":23607,"href":"https:\/\/portal.sma.gob.cl\/index.php\/wp-json\/wp\/v2\/posts\/23597\/revisions\/23607"}],"wp:featuredmedia":[{"embeddable":true,"href":"https:\/\/portal.sma.gob.cl\/index.php\/wp-json\/wp\/v2\/media\/23601"}],"wp:attachment":[{"href":"https:\/\/portal.sma.gob.cl\/index.php\/wp-json\/wp\/v2\/media?parent=23597"}],"wp:term":[{"taxonomy":"category","embeddable":true,"href":"https:\/\/portal.sma.gob.cl\/index.php\/wp-json\/wp\/v2\/categories?post=23597"},{"taxonomy":"post_tag","embeddable":true,"href":"https:\/\/portal.sma.gob.cl\/index.php\/wp-json\/wp\/v2\/tags?post=23597"}],"curies":[{"name":"wp","href":"https:\/\/api.w.org\/{rel}","templated":true}]}}