{"id":23609,"date":"2022-04-06T17:58:52","date_gmt":"2022-04-06T21:58:52","guid":{"rendered":"https:\/\/portal.sma.gob.cl\/?p=23609"},"modified":"2025-07-21T15:31:01","modified_gmt":"2025-07-21T19:31:01","slug":"mas-de-350-personas-se-conectaron-a-taller-organizado-por-la-seccion-de-calidad-del-aire-y-cambio-climatico-para-grandes-fuentes","status":"publish","type":"post","link":"https:\/\/portal.sma.gob.cl\/index.php\/mas-de-350-personas-se-conectaron-a-taller-organizado-por-la-seccion-de-calidad-del-aire-y-cambio-climatico-para-grandes-fuentes\/","title":{"rendered":"M\u00e1s de 350 personas se conectaron a taller organizado por la Secci\u00f3n de Calidad del Aire y Cambio Clim\u00e1tico para grandes establecimientos"},"content":{"rendered":"<p><strong>Las fuentes emisoras deben registrar sus muestreos y mediciones en el Sistema SISAT de la SMA.<\/strong><\/p>\n<p><strong>Santiago, 6 de abril de 2022.<\/strong> La actividad permiti\u00f3 explicar la instrucci\u00f3n general sobre deberes de remisi\u00f3n de informaci\u00f3n para fuentes reguladas por normas de emisi\u00f3n de contaminantes a la atm\u00f3sfera y planes de prevenci\u00f3n y\/o descontaminaci\u00f3n (Res. Exenta 2547), y el modulo muestreo\/medici\u00f3n del <a href=\"https:\/\/sisat.sma.gob.cl\/\">Sistema de Seguimiento Atmosf\u00e9rico (SISAT) de la SMA<\/a>.<\/p>\n<p>Les invitamos a conocer el contenido del <a href=\"https:\/\/azuresmagob-my.sharepoint.com\/:v:\/g\/personal\/renzo_stanley_sma_gob_cl\/ESfgt8K-GpFFtOtvElPMiO4BGDVlW76aWNafYrEmdLCp8Q?e=YIWD4U\">taller en el siguiente video.<\/a><\/p>\n","protected":false},"excerpt":{"rendered":"<p>Las fuentes emisoras deben registrar sus muestreos y mediciones en el Sistema SISAT de la SMA. Santiago, 6 de abril de 2022. La actividad permiti\u00f3 explicar la instrucci\u00f3n general sobre deberes de remisi\u00f3n de informaci\u00f3n para fuentes reguladas por normas de emisi\u00f3n de contaminantes a la atm\u00f3sfera y planes de prevenci\u00f3n y\/o descontaminaci\u00f3n (Res. Exenta 2547), <a href=\"https:\/\/portal.sma.gob.cl\/index.php\/mas-de-350-personas-se-conectaron-a-taller-organizado-por-la-seccion-de-calidad-del-aire-y-cambio-climatico-para-grandes-fuentes\/\">Leer m\u00e1s<\/a><\/p>\n","protected":false},"author":9,"featured_media":23613,"comment_status":"open","ping_status":"open","sticky":false,"template":"","format":"standard","meta":{"footnotes":""},"categories":[107,225,232,94,283],"tags":[],"class_list":["post-23609","post","type-post","status-publish","format-standard","has-post-thumbnail","hentry","category-destacado","category-macrozona-centro","category-metropolitana","category-notas-noticias","category-sisat"],"_links":{"self":[{"href":"https:\/\/portal.sma.gob.cl\/index.php\/wp-json\/wp\/v2\/posts\/23609","targetHints":{"allow":["GET"]}}],"collection":[{"href":"https:\/\/portal.sma.gob.cl\/index.php\/wp-json\/wp\/v2\/posts"}],"about":[{"href":"https:\/\/portal.sma.gob.cl\/index.php\/wp-json\/wp\/v2\/types\/post"}],"author":[{"embeddable":true,"href":"https:\/\/portal.sma.gob.cl\/index.php\/wp-json\/wp\/v2\/users\/9"}],"replies":[{"embeddable":true,"href":"https:\/\/portal.sma.gob.cl\/index.php\/wp-json\/wp\/v2\/comments?post=23609"}],"version-history":[{"count":3,"href":"https:\/\/portal.sma.gob.cl\/index.php\/wp-json\/wp\/v2\/posts\/23609\/revisions"}],"predecessor-version":[{"id":23638,"href":"https:\/\/portal.sma.gob.cl\/index.php\/wp-json\/wp\/v2\/posts\/23609\/revisions\/23638"}],"wp:featuredmedia":[{"embeddable":true,"href":"https:\/\/portal.sma.gob.cl\/index.php\/wp-json\/wp\/v2\/media\/23613"}],"wp:attachment":[{"href":"https:\/\/portal.sma.gob.cl\/index.php\/wp-json\/wp\/v2\/media?parent=23609"}],"wp:term":[{"taxonomy":"category","embeddable":true,"href":"https:\/\/portal.sma.gob.cl\/index.php\/wp-json\/wp\/v2\/categories?post=23609"},{"taxonomy":"post_tag","embeddable":true,"href":"https:\/\/portal.sma.gob.cl\/index.php\/wp-json\/wp\/v2\/tags?post=23609"}],"curies":[{"name":"wp","href":"https:\/\/api.w.org\/{rel}","templated":true}]}}