{"id":23627,"date":"2022-04-07T16:20:25","date_gmt":"2022-04-07T20:20:25","guid":{"rendered":"https:\/\/portal.sma.gob.cl\/?p=23627"},"modified":"2022-07-15T12:34:13","modified_gmt":"2022-07-15T16:34:13","slug":"subsecretario-del-medio-ambiente-visita-dependencias-de-la-sma","status":"publish","type":"post","link":"https:\/\/portal.sma.gob.cl\/index.php\/subsecretario-del-medio-ambiente-visita-dependencias-de-la-sma\/","title":{"rendered":"Subsecretario del Medio Ambiente visita dependencias de la SMA"},"content":{"rendered":"<p><strong>El jefe de la subsecretar\u00eda del Ministerio del Medio Ambiente, Maximiliano Proa\u00f1o, en compa\u00f1\u00eda de su jefe de gabinete, Felipe D\u00edaz, recorrieron las principales \u00e1reas de la SMA y conversaron con representantes de los equipos que conforman el Nivel Central.<\/strong><\/p>\n<p><strong>Santiago, 07 de abril de 2022.\u00a0<\/strong>El subsecretario del Medio Ambiente, Maximiliano Proa\u00f1o, visit\u00f3 esta ma\u00f1ana las dependencias de la Superintendencia del Medio Ambiente (SMA), junto a su jefe de gabinete, Felipe D\u00edaz para dar un saludo oficial al funcionariado de nuestra Instituci\u00f3n, en representaci\u00f3n de la ministra de la cartera, Maisa Rojas, quien no pudo asistir por agenda presidencial de \u00faltimo minuto.<\/p>\n<p>Durante la actividad, los representantes de la comitiva del Ministerio del Medio Ambiente recorrieron las principales \u00e1reas y equipos de nuestra entidad, para luego sumarse a una videollamada donde emitieron un saludo formal a todo el funcionariado de la SMA en conjunto con el jefe del Servicio de la SMA.<\/p>\n<p>Al respecto, el subsecretario Proa\u00f1o afirm\u00f3: \u201c<em>valoramos significativamente el trabajo que ustedes hacen. La Superintendencia del Medio Ambiente tiene un tremendo rol y es muy importante para el desempe\u00f1o tambi\u00e9n del ministerio, para el pa\u00eds y para la protecci\u00f3n del medio ambiente. Sabemos que hacen mucho con poco, por lo que vamos a trabajar en fortalecer a la Instituci\u00f3n con una mayor dotaci\u00f3n y con mayores recursos. Estamos conscientes que la SMA debe ser vigorizada en muchos sentidos y vamos a poner \u00edmpetu en aquello<\/em>\u201d, indic\u00f3 la autoridad.<\/p>\n<p>Por su parte, el Superintendente del Medio Ambiente (S), Emanuel Ibarra, agradeci\u00f3 la visita del subsecretario Proa\u00f1o y destac\u00f3 que \u201c<em>todas las funcionarias y funcionarios de la SMA son personas muy comprometidas. Siempre hemos luchado contra la escasez de recursos, como todos los servicios p\u00fablicos; y si bien la demanda ciudadana es alta, yo rescato que todas las personas de esta Superintendencia tienen un compromiso fuerte y, as\u00ed, con ese impulso, sacamos adelante todo nuestro trabajo<\/em>\u201d, sostuvo.<\/p>\n<p><strong>Visita al SEA<\/strong><\/p>\n<p>M\u00e1s tarde, la ministra del Medio Ambiente, Maisa Rojas y el Subsecretario, Maximiliano Proa\u00f1o, visitaron las dependencias del Servicio de Evaluaci\u00f3n Ambiental<strong> (<\/strong>SEA) para presentar de manera oficial a su nueva directora ejecutiva, Valentina Dur\u00e1n Medina, profesional de larga y reconocida trayectoria en el mundo del derecho y la evaluaci\u00f3n ambiental de nuestro pa\u00eds. En su primera visita oficial al SEA, la secretaria de Estado expres\u00f3 que \u201c<em>estoy muy contenta de conocer las oficinas del SEA y que Valentina Dur\u00e1n, su directora ejecutiva, trabaje con nosotros en darle contenido al primer gobierno ecologista del pa\u00eds\u201d, destac\u00f3.<\/em><\/p>\n<p>La ministra en la video conferencia tambi\u00e9n agreg\u00f3 que \u201c<em>sabemos que es un trabajo dif\u00edcil el que realizan d\u00eda a d\u00eda los funcionarios del SEA, por lo tanto estoy enormemente agradecida de que Valentina Dur\u00e1n haya tomado el desaf\u00edo y me parece muy simb\u00f3lico que venga de trabajar en el Acuerdo de Escaz\u00fa. Estoy convencida de que va a poder darle una impronta de democracia ambiental, informaci\u00f3n y participaci\u00f3n al Servicio de Evaluaci\u00f3n Ambiental, lo que ser\u00e1 una base muy importante para consolidar la visi\u00f3n que tenemos respecto al trabajo por el medio ambiente\u201d.<\/em><\/p>\n<p>Cabe destacar que el Ministerio del Medio Ambiente (MMA) contempla al SEA y la SMA como servicios asociados.<\/p>\n<p>&nbsp;<\/p>\n","protected":false},"excerpt":{"rendered":"<p>El jefe de la subsecretar\u00eda del Ministerio del Medio Ambiente, Maximiliano Proa\u00f1o, en compa\u00f1\u00eda de su jefe de gabinete, Felipe D\u00edaz, recorrieron las principales \u00e1reas de la SMA y conversaron con representantes de los equipos que conforman el Nivel Central. Santiago, 07 de abril de 2022.\u00a0El subsecretario del Medio Ambiente, Maximiliano Proa\u00f1o, visit\u00f3 esta ma\u00f1ana las <a href=\"https:\/\/portal.sma.gob.cl\/index.php\/subsecretario-del-medio-ambiente-visita-dependencias-de-la-sma\/\">Leer m\u00e1s<\/a><\/p>\n","protected":false},"author":8,"featured_media":23630,"comment_status":"open","ping_status":"open","sticky":false,"template":"","format":"standard","meta":{"footnotes":""},"categories":[107,225,232,94],"tags":[],"class_list":["post-23627","post","type-post","status-publish","format-standard","has-post-thumbnail","hentry","category-destacado","category-macrozona-centro","category-metropolitana","category-notas-noticias"],"_links":{"self":[{"href":"https:\/\/portal.sma.gob.cl\/index.php\/wp-json\/wp\/v2\/posts\/23627","targetHints":{"allow":["GET"]}}],"collection":[{"href":"https:\/\/portal.sma.gob.cl\/index.php\/wp-json\/wp\/v2\/posts"}],"about":[{"href":"https:\/\/portal.sma.gob.cl\/index.php\/wp-json\/wp\/v2\/types\/post"}],"author":[{"embeddable":true,"href":"https:\/\/portal.sma.gob.cl\/index.php\/wp-json\/wp\/v2\/users\/8"}],"replies":[{"embeddable":true,"href":"https:\/\/portal.sma.gob.cl\/index.php\/wp-json\/wp\/v2\/comments?post=23627"}],"version-history":[{"count":1,"href":"https:\/\/portal.sma.gob.cl\/index.php\/wp-json\/wp\/v2\/posts\/23627\/revisions"}],"predecessor-version":[{"id":23629,"href":"https:\/\/portal.sma.gob.cl\/index.php\/wp-json\/wp\/v2\/posts\/23627\/revisions\/23629"}],"wp:featuredmedia":[{"embeddable":true,"href":"https:\/\/portal.sma.gob.cl\/index.php\/wp-json\/wp\/v2\/media\/23630"}],"wp:attachment":[{"href":"https:\/\/portal.sma.gob.cl\/index.php\/wp-json\/wp\/v2\/media?parent=23627"}],"wp:term":[{"taxonomy":"category","embeddable":true,"href":"https:\/\/portal.sma.gob.cl\/index.php\/wp-json\/wp\/v2\/categories?post=23627"},{"taxonomy":"post_tag","embeddable":true,"href":"https:\/\/portal.sma.gob.cl\/index.php\/wp-json\/wp\/v2\/tags?post=23627"}],"curies":[{"name":"wp","href":"https:\/\/api.w.org\/{rel}","templated":true}]}}