{"id":23694,"date":"2022-04-14T16:50:51","date_gmt":"2022-04-14T20:50:51","guid":{"rendered":"https:\/\/portal.sma.gob.cl\/?p=23694"},"modified":"2022-07-15T12:31:40","modified_gmt":"2022-07-15T16:31:40","slug":"la-serena-sma-aplica-sellado-de-equipos-de-musica-de-pub-el-carrete-por-superacion-de-la-norma-de-ruido","status":"publish","type":"post","link":"https:\/\/portal.sma.gob.cl\/index.php\/la-serena-sma-aplica-sellado-de-equipos-de-musica-de-pub-el-carrete-por-superacion-de-la-norma-de-ruido\/","title":{"rendered":"La Serena: SMA aplica sellado de equipos de m\u00fasica de pub \u201cEl Carrete\u201d por superaci\u00f3n de la norma de ruido"},"content":{"rendered":"<p style=\"text-align: justify;\"><strong>En la zona se est\u00e1 aplicando un plan conjunto con la municipalidad, Seremi de Salud, y Carabineros para la atenci\u00f3n de denuncias ciudadanas respecto a ruidos molestos de las zonas donde se concentran locales nocturnos.<\/strong><\/p>\n<p style=\"text-align: justify;\"><strong>La Serena, 14 de abril de 2022. <\/strong>La Oficina regional de Coquimbo de la Superintendencia del Medio Ambiente procedi\u00f3 hoy a aplicar un sellado de equipos y aparatos de m\u00fasica -altavoces, subwoofer, mesas de sonido, amplificadores, micr\u00f3fonos, entre otros- del restobar \u201cEl Carrete\u201d ubicado en avenida Cuatro Esquinas N\u00b056, en la comuna de La Serena, para impedir que se sigan usando.<\/p>\n<p style=\"text-align: justify;\">\u201cEsta medida cautelar, que busca resguardar la salud de las y los vecinos del recinto, se tom\u00f3 luego de realizar fiscalizaciones por denuncias ciudadanas, donde se constat\u00f3 que se superaba en m\u00e1s de 20 decibeles la norma de ruido en horario nocturno\u201d, comenta Vi\u0161nja Musi\u0107, jefa de la Oficina Regional de la SMA.<\/p>\n<p style=\"text-align: justify;\">Luego de realizar el operativo de sellado de equipos, Musi\u0107 y el equipo regional de la SMA concurrieron a notificar personalmente a los vecinos afectados por el ruido, quienes agradecieron la gesti\u00f3n realizada.<\/p>\n<div id=\"attachment_23697\" style=\"width: 1610px\" class=\"wp-caption alignleft\"><img decoding=\"async\" aria-describedby=\"caption-attachment-23697\" class=\"wp-image-23697 size-full\" src=\"https:\/\/portal.sma.gob.cl\/wp-content\/uploads\/2022\/04\/WhatsApp-Image-2022-04-14-at-3.57.54-PM.jpeg\" alt=\"\" width=\"1600\" height=\"1200\" srcset=\"https:\/\/portal.sma.gob.cl\/wp-content\/uploads\/2022\/04\/WhatsApp-Image-2022-04-14-at-3.57.54-PM-200x150.jpeg 200w, https:\/\/portal.sma.gob.cl\/wp-content\/uploads\/2022\/04\/WhatsApp-Image-2022-04-14-at-3.57.54-PM-300x225.jpeg 300w, https:\/\/portal.sma.gob.cl\/wp-content\/uploads\/2022\/04\/WhatsApp-Image-2022-04-14-at-3.57.54-PM-400x300.jpeg 400w, https:\/\/portal.sma.gob.cl\/wp-content\/uploads\/2022\/04\/WhatsApp-Image-2022-04-14-at-3.57.54-PM-600x450.jpeg 600w, https:\/\/portal.sma.gob.cl\/wp-content\/uploads\/2022\/04\/WhatsApp-Image-2022-04-14-at-3.57.54-PM-768x576.jpeg 768w, https:\/\/portal.sma.gob.cl\/wp-content\/uploads\/2022\/04\/WhatsApp-Image-2022-04-14-at-3.57.54-PM-800x600.jpeg 800w, https:\/\/portal.sma.gob.cl\/wp-content\/uploads\/2022\/04\/WhatsApp-Image-2022-04-14-at-3.57.54-PM-1024x768.jpeg 1024w, https:\/\/portal.sma.gob.cl\/wp-content\/uploads\/2022\/04\/WhatsApp-Image-2022-04-14-at-3.57.54-PM-1200x900.jpeg 1200w, https:\/\/portal.sma.gob.cl\/wp-content\/uploads\/2022\/04\/WhatsApp-Image-2022-04-14-at-3.57.54-PM-1536x1152.jpeg 1536w, https:\/\/portal.sma.gob.cl\/wp-content\/uploads\/2022\/04\/WhatsApp-Image-2022-04-14-at-3.57.54-PM.jpeg 1600w\" sizes=\"(max-width: 1600px) 100vw, 1600px\" \/><p id=\"caption-attachment-23697\" class=\"wp-caption-text\"><strong><em>Equipo de la SMA junto a las vecinas y vecinos afectados por ruidos molestos, dando a conocer la acci\u00f3n tomada del sellado de equipos de m\u00fasica.<\/em><\/strong><\/p><\/div>\n<div id=\"attachment_23696\" style=\"width: 1610px\" class=\"wp-caption alignleft\"><img decoding=\"async\" aria-describedby=\"caption-attachment-23696\" class=\"wp-image-23696 size-full\" src=\"https:\/\/portal.sma.gob.cl\/wp-content\/uploads\/2022\/04\/WhatsApp-Image-2022-04-14-at-3.57.53-PM.jpeg\" alt=\"\" width=\"1600\" height=\"1200\" srcset=\"https:\/\/portal.sma.gob.cl\/wp-content\/uploads\/2022\/04\/WhatsApp-Image-2022-04-14-at-3.57.53-PM-200x150.jpeg 200w, https:\/\/portal.sma.gob.cl\/wp-content\/uploads\/2022\/04\/WhatsApp-Image-2022-04-14-at-3.57.53-PM-300x225.jpeg 300w, https:\/\/portal.sma.gob.cl\/wp-content\/uploads\/2022\/04\/WhatsApp-Image-2022-04-14-at-3.57.53-PM-400x300.jpeg 400w, https:\/\/portal.sma.gob.cl\/wp-content\/uploads\/2022\/04\/WhatsApp-Image-2022-04-14-at-3.57.53-PM-600x450.jpeg 600w, https:\/\/portal.sma.gob.cl\/wp-content\/uploads\/2022\/04\/WhatsApp-Image-2022-04-14-at-3.57.53-PM-768x576.jpeg 768w, https:\/\/portal.sma.gob.cl\/wp-content\/uploads\/2022\/04\/WhatsApp-Image-2022-04-14-at-3.57.53-PM-800x600.jpeg 800w, https:\/\/portal.sma.gob.cl\/wp-content\/uploads\/2022\/04\/WhatsApp-Image-2022-04-14-at-3.57.53-PM-1024x768.jpeg 1024w, https:\/\/portal.sma.gob.cl\/wp-content\/uploads\/2022\/04\/WhatsApp-Image-2022-04-14-at-3.57.53-PM-1200x900.jpeg 1200w, https:\/\/portal.sma.gob.cl\/wp-content\/uploads\/2022\/04\/WhatsApp-Image-2022-04-14-at-3.57.53-PM-1536x1152.jpeg 1536w, https:\/\/portal.sma.gob.cl\/wp-content\/uploads\/2022\/04\/WhatsApp-Image-2022-04-14-at-3.57.53-PM.jpeg 1600w\" sizes=\"(max-width: 1600px) 100vw, 1600px\" \/><p id=\"caption-attachment-23696\" class=\"wp-caption-text\"><em><strong>Seg\u00fan la Organizaci\u00f3n Mundial de la Salud (OMS), la exposici\u00f3n continua ante ruidos molestos es causante de fatiga, depresi\u00f3n, aumento de incidencia de enfermedades virales, accidentes, diabetes, entre otros padecimientos. La afectaci\u00f3n es mayor a\u00fan en poblaci\u00f3n vulnerable como ni\u00f1os, ancianos y enfermos cr\u00f3nicos.<\/strong><\/em><\/p><\/div>\n<p style=\"text-align: justify;\">El Seremi de Medio Ambiente, Leonardo Gross P\u00e9rez, se\u00f1al\u00f3 que \u201cesta acci\u00f3n fiscalizadora coordinada entre la SMA, con autoridad municipal y Carabineros, y busca dar respuesta de la gran cantidad de denuncias por la molestia de vecinos que exceden la norma. Son acciones que se seguir\u00e1n desarrollando y le agradecemos a la SMA que est\u00e9 cumpliendo con su rol fiscalizador que la Ley le otorga, porque los vecinos y vecinas requirieren una respuesta ante sus reclamos, porque tienen el derecho de vivir en un medio ambiente libre de contaminaci\u00f3n ac\u00fastica\u201d.<\/p>\n<p style=\"text-align: justify;\">La medida cautelar indica que deben mantenerse los sellos por 15 d\u00edas h\u00e1biles, y si se produce su rotura intencionalmente, la SMA deber\u00e1 dar aviso al Ministerio P\u00fablico. Esto no proh\u00edbe el funcionamiento del local en su giro de venta de alimentos y bebidas alcoh\u00f3licas, pero en ese per\u00edodo s\u00ed debe elaborar un informe t\u00e9cnico de diagn\u00f3stico con las caracter\u00edsticas de amplificaci\u00f3n del local y sugerencias de acciones y mejoras para dar cumplimiento a la norma de ruido.<\/p>\n<h3 style=\"text-align: justify;\"><strong>Trabajo coordinado entre servicios p\u00fablicos<\/strong><\/h3>\n<p style=\"text-align: justify;\">Desde diciembre la Oficina Regional de la SMA en Coquimbo ha trabajado en conjunto con Carabineros, Seremi de Salud y los municipios locales para abordar las denuncias de ruidos molestos provenientes del rubro de la entretenci\u00f3n nocturna, donde se destacan distintas problem\u00e1ticas socio-ambientales.<\/p>\n<blockquote>\n<p style=\"text-align: justify;\">\u201cSe realizaron capacitaciones sobre c\u00f3mo adoptar medidas que mitiguen los ruidos, se realiz\u00f3 bastante difusi\u00f3n y algunos locales tomaron medidas tempranas. En algunos casos eso no ha sucedido, y hemos aplicado este tipo de medidas\u201d, comenta Musi\u0107.<\/p>\n<p style=\"text-align: justify;\">\n<\/blockquote>\n","protected":false},"excerpt":{"rendered":"<p>En la zona se est\u00e1 aplicando un plan conjunto con la municipalidad, Seremi de Salud, y Carabineros para la atenci\u00f3n de denuncias ciudadanas respecto a ruidos molestos de las zonas donde se concentran locales nocturnos. La Serena, 14 de abril de 2022. La Oficina regional de Coquimbo de la Superintendencia del Medio Ambiente procedi\u00f3 hoy a <a href=\"https:\/\/portal.sma.gob.cl\/index.php\/la-serena-sma-aplica-sellado-de-equipos-de-musica-de-pub-el-carrete-por-superacion-de-la-norma-de-ruido\/\">Leer m\u00e1s<\/a><\/p>\n","protected":false},"author":9,"featured_media":23708,"comment_status":"open","ping_status":"open","sticky":false,"template":"","format":"standard","meta":{"footnotes":""},"categories":[90,243,107,224],"tags":[],"class_list":["post-23694","post","type-post","status-publish","format-standard","has-post-thumbnail","hentry","category-comunicados-noticias","category-coquimbo","category-destacado","category-macrozona-norte"],"_links":{"self":[{"href":"https:\/\/portal.sma.gob.cl\/index.php\/wp-json\/wp\/v2\/posts\/23694","targetHints":{"allow":["GET"]}}],"collection":[{"href":"https:\/\/portal.sma.gob.cl\/index.php\/wp-json\/wp\/v2\/posts"}],"about":[{"href":"https:\/\/portal.sma.gob.cl\/index.php\/wp-json\/wp\/v2\/types\/post"}],"author":[{"embeddable":true,"href":"https:\/\/portal.sma.gob.cl\/index.php\/wp-json\/wp\/v2\/users\/9"}],"replies":[{"embeddable":true,"href":"https:\/\/portal.sma.gob.cl\/index.php\/wp-json\/wp\/v2\/comments?post=23694"}],"version-history":[{"count":13,"href":"https:\/\/portal.sma.gob.cl\/index.php\/wp-json\/wp\/v2\/posts\/23694\/revisions"}],"predecessor-version":[{"id":23713,"href":"https:\/\/portal.sma.gob.cl\/index.php\/wp-json\/wp\/v2\/posts\/23694\/revisions\/23713"}],"wp:featuredmedia":[{"embeddable":true,"href":"https:\/\/portal.sma.gob.cl\/index.php\/wp-json\/wp\/v2\/media\/23708"}],"wp:attachment":[{"href":"https:\/\/portal.sma.gob.cl\/index.php\/wp-json\/wp\/v2\/media?parent=23694"}],"wp:term":[{"taxonomy":"category","embeddable":true,"href":"https:\/\/portal.sma.gob.cl\/index.php\/wp-json\/wp\/v2\/categories?post=23694"},{"taxonomy":"post_tag","embeddable":true,"href":"https:\/\/portal.sma.gob.cl\/index.php\/wp-json\/wp\/v2\/tags?post=23694"}],"curies":[{"name":"wp","href":"https:\/\/api.w.org\/{rel}","templated":true}]}}