{"id":23747,"date":"2022-04-19T10:05:09","date_gmt":"2022-04-19T14:05:09","guid":{"rendered":"https:\/\/portal.sma.gob.cl\/?p=23747"},"modified":"2022-07-15T12:30:27","modified_gmt":"2022-07-15T16:30:27","slug":"sma-finaliza-proceso-de-pasantias-del-alumnado-de-derecho-de-la-universidad-de-los-andes","status":"publish","type":"post","link":"https:\/\/portal.sma.gob.cl\/index.php\/sma-finaliza-proceso-de-pasantias-del-alumnado-de-derecho-de-la-universidad-de-los-andes\/","title":{"rendered":"SMA finaliza proceso de pasant\u00edas del alumnado de Derecho de la Universidad De Los Andes"},"content":{"rendered":"<p><strong>Estudiantes se integraron por tres meses al \u00e1rea legal de la Superintendencia del Medio Ambiente, sum\u00e1ndose a los equipos de trabajo del Departamento de Sanci\u00f3n y Cumplimiento y del Departamento Jur\u00eddico.<\/strong><\/p>\n<p><strong>Santiago, 19 de abril de 2022.- <\/strong>La Superintendencia del Medio Ambiente finaliz\u00f3 esta semana el proceso de pasant\u00edas de alumnos y alumnas del \u00faltimo a\u00f1o de carrera de la Facultad de Derecho de la Universidad De Los Andes, actividad realizada mediante un conversatorio por videollamada que tuvo como objeto conocer la experiencia de los estudiantes y del equipo de la SMA. Durante tres meses, ocho alumnos formaron parte del \u00e1rea legal de la entidad ambiental integrando los distintos equipos y secciones, tanto del Departamento de Sanci\u00f3n y Cumplimiento (DSC) como del Departamento Jur\u00eddico (DJU) de la Instituci\u00f3n.<\/p>\n<p>Al respecto, el Superintendente del Medio Ambiente (S), Emanuel Ibarra agradeci\u00f3 el trabajo y dedicaci\u00f3n de cada uno de los futuros abogados y abogadas. \u201cNosotros siempre hemos integrado a los pasantes a los equipos donde tenemos una necesidad, pero tambi\u00e9n en aquellos espacios y equipos de trabajo donde puedan aprender y crecer profesionalmente. Todas y todos han sido un gran aporte para la SMA, nos han ayudado con los n\u00fameros y con cosas que son muy \u00fatiles para nuestro servicio, por lo que estamos muy agradecidos de esta gran experiencia\u201d, destac\u00f3 la autoridad.<\/p>\n<p>Por su parte, Benjam\u00edn Muhr, Fiscal (S) de la SMA valor\u00f3 tambi\u00e9n el trabajo de los futuros abogados. \u201cFue dif\u00edcil el contexto que les toc\u00f3 trabajar, v\u00eda modalidad remota, porque requiri\u00f3 m\u00e1s entusiasmo de los pasantes. Esperamos, que esta experiencia vaya instal\u00e1ndose de manera de que pueda haber un flujo que permita ayudarnos a nosotros pero que tambi\u00e9n pueda ir mostr\u00e1ndoles la experiencia del trabajo en el servicio p\u00fablico en temas de medio ambiente a los alumnos de las universidades\u201d, afirm\u00f3.<\/p>\n<p>En este mismo punto, Silvia Bertazzo, acad\u00e9mica de La Facultad de Derecho de la Universidad de Los Andes y Coordinadora del Convenio de Pasantes con la SMA, destac\u00f3 el espacio que se gener\u00f3. \u201cNuestros intereses coinciden porque para m\u00ed es muy importante que nuestros alumnos y alumnas conozcan el servicio p\u00fablico y que no s\u00f3lo se proyecten profesionalmente en la empresa privada, as\u00ed que para nosotros es una oportunidad muy importante y que queremos fortalecer y extender en el tiempo\u201d, se\u00f1al\u00f3.<\/p>\n<p>La actividad tambi\u00e9n cont\u00f3 con las experiencias del alumnado. Mar\u00eda Esperanza Z\u00fa\u00f1iga particip\u00f3 de la secci\u00f3n Judicial. \u201cFue un equipo que me acogi\u00f3 mucho. Al principio me enfrent\u00e9 a algunos t\u00e9rminos dif\u00edciles o como por ejemplo trabajar con la p\u00e1gina web del Poder Judicial para buscar causas y estaba un poco perdida, pero el equipo siempre tuvo una muy buena disposici\u00f3n conmigo. Adem\u00e1s, como fue en modalidad de teletrabajo, no sab\u00eda mucho c\u00f3mo comunicarme con todos, pero despu\u00e9s me dijeron rel\u00e1jate, m\u00e1ndanos un WhatsApp frente a dudas y en verdad estaban todo el d\u00eda muy pendiente para ayudarme y resolver mis dudas. Fue una experiencia muy buena donde me tocaron trabajos con temas largos, entonces pude trabajar mano a mano con ellos y tambi\u00e9n con correcciones que eran por zoom donde me explicaban el paso a paso. En verdad aprend\u00ed mucho\u201d.<\/p>\n<p>El ciclo de pasant\u00edas en los equipos legales de la SMA forma parte del inter\u00e9s de la Instituci\u00f3n en acercar la experiencia ambiental de la organizaci\u00f3n con el mundo universitario. Este proceso estuvo coordinado internamente por Cristi\u00e1n Garay, encargado de Gesti\u00f3n y Desarrollo de DSC, y tambi\u00e9n cont\u00f3 con las tutor\u00edas de los y las abogados Gonzalo Parot en Acu\u00edcola, Leslie Cannoni en Vertederos y Rellenos, Daniela Ramos en RILes, Romina Ch\u00e1vez para casos de Lum\u00ednica y Benjam\u00edn Muhr para temas judiciales. Pr\u00f3ximamente se dar\u00e1 a conocer un nuevo proceso de pr\u00e1cticas profesionales.<\/p>\n","protected":false},"excerpt":{"rendered":"<p>Estudiantes se integraron por tres meses al \u00e1rea legal de la Superintendencia del Medio Ambiente, sum\u00e1ndose a los equipos de trabajo del Departamento de Sanci\u00f3n y Cumplimiento y del Departamento Jur\u00eddico. Santiago, 19 de abril de 2022.- La Superintendencia del Medio Ambiente finaliz\u00f3 esta semana el proceso de pasant\u00edas de alumnos y alumnas del \u00faltimo a\u00f1o <a href=\"https:\/\/portal.sma.gob.cl\/index.php\/sma-finaliza-proceso-de-pasantias-del-alumnado-de-derecho-de-la-universidad-de-los-andes\/\">Leer m\u00e1s<\/a><\/p>\n","protected":false},"author":8,"featured_media":23751,"comment_status":"open","ping_status":"open","sticky":false,"template":"","format":"standard","meta":{"footnotes":""},"categories":[107,225,232,94],"tags":[],"class_list":["post-23747","post","type-post","status-publish","format-standard","has-post-thumbnail","hentry","category-destacado","category-macrozona-centro","category-metropolitana","category-notas-noticias"],"_links":{"self":[{"href":"https:\/\/portal.sma.gob.cl\/index.php\/wp-json\/wp\/v2\/posts\/23747","targetHints":{"allow":["GET"]}}],"collection":[{"href":"https:\/\/portal.sma.gob.cl\/index.php\/wp-json\/wp\/v2\/posts"}],"about":[{"href":"https:\/\/portal.sma.gob.cl\/index.php\/wp-json\/wp\/v2\/types\/post"}],"author":[{"embeddable":true,"href":"https:\/\/portal.sma.gob.cl\/index.php\/wp-json\/wp\/v2\/users\/8"}],"replies":[{"embeddable":true,"href":"https:\/\/portal.sma.gob.cl\/index.php\/wp-json\/wp\/v2\/comments?post=23747"}],"version-history":[{"count":1,"href":"https:\/\/portal.sma.gob.cl\/index.php\/wp-json\/wp\/v2\/posts\/23747\/revisions"}],"predecessor-version":[{"id":23748,"href":"https:\/\/portal.sma.gob.cl\/index.php\/wp-json\/wp\/v2\/posts\/23747\/revisions\/23748"}],"wp:featuredmedia":[{"embeddable":true,"href":"https:\/\/portal.sma.gob.cl\/index.php\/wp-json\/wp\/v2\/media\/23751"}],"wp:attachment":[{"href":"https:\/\/portal.sma.gob.cl\/index.php\/wp-json\/wp\/v2\/media?parent=23747"}],"wp:term":[{"taxonomy":"category","embeddable":true,"href":"https:\/\/portal.sma.gob.cl\/index.php\/wp-json\/wp\/v2\/categories?post=23747"},{"taxonomy":"post_tag","embeddable":true,"href":"https:\/\/portal.sma.gob.cl\/index.php\/wp-json\/wp\/v2\/tags?post=23747"}],"curies":[{"name":"wp","href":"https:\/\/api.w.org\/{rel}","templated":true}]}}