{"id":23753,"date":"2022-04-20T10:15:45","date_gmt":"2022-04-20T14:15:45","guid":{"rendered":"https:\/\/portal.sma.gob.cl\/?p=23753"},"modified":"2022-07-15T12:29:27","modified_gmt":"2022-07-15T16:29:27","slug":"biobio-se-inicia-procedimiento-sancionatorio-contra-parque-eolico-mesamavida","status":"publish","type":"post","link":"https:\/\/portal.sma.gob.cl\/index.php\/biobio-se-inicia-procedimiento-sancionatorio-contra-parque-eolico-mesamavida\/","title":{"rendered":"Biob\u00edo: Se inicia procedimiento sancionatorio contra parque e\u00f3lico Mesam\u00e1vida"},"content":{"rendered":"<p><strong>La Superintendencia del Medio Ambiente (SMA) imputa un cargo grave por la ejecuci\u00f3n deficiente de medidas para no intervenir a las comunidades durante la construcci\u00f3n del proyecto, y un cargo leve relativo a las mediciones de ruidos.<\/strong><!--more--><\/p>\n<p><strong>Concepci\u00f3n, 20 de abril de 2022.<\/strong> Luego de recibir 17 denuncias de vecinas, vecinos y organizaciones sociales de Los \u00c1ngeles, regi\u00f3n del Biob\u00edo, la Superintendencia del Medio Ambiente (SMA) realiz\u00f3 distintas actividades de fiscalizaci\u00f3n al proyecto \u201c<strong>Parque E\u00f3lico Mesam\u00e1vida\u201d<\/strong>, que consiste en la construcci\u00f3n y operaci\u00f3n de un parque para la generaci\u00f3n de energ\u00eda el\u00e9ctrica de la empresa AES Andes. Dicho parque estar\u00e1 conformado por conformado por 43 aerogeneradores de 2,4 MW de potencia cada uno, logrando as\u00ed una potencia m\u00e1xima instalada de 103,2 MW y se encuentra en construcci\u00f3n.<\/p>\n<p>Luego de analizar las denuncias ciudadanas y revisar el cumplimiento de su permiso ambiental (RCA N\u00b0 012 de 2015 de la Comisi\u00f3n de Evaluaci\u00f3n de la Regi\u00f3n del Biob\u00edo), la SMA determin\u00f3 que la empresa ha cometido dos infracciones.<\/p>\n<p>La primera, calificada preliminarmente como<strong> grave<\/strong>, consiste en la <strong>ejecuci\u00f3n deficiente de medidas para no intervenir a las comunidades aleda\u00f1as en la etapa de construcci\u00f3n del proyecto,<\/strong> lo que se manifiesta en la implementaci\u00f3n extempor\u00e1nea de las medidas de mejoramiento de caminos yno dar cumplimiento al horario de ejecuci\u00f3n de obras, dispuesto en la RCA 012\/2015. En tanto, el <strong>cargo leve dice relaci\u00f3n con no identificar a todos los receptores m\u00e1s cercanos a las principales obras de la primera fase de construcci\u00f3n del proyecto<\/strong>, en el \u00e1rea de aerogeneradores N\u00b0 7, N\u00b08 y subestaci\u00f3n el\u00e9ctrica.<\/p>\n<p><strong>\u201cLos proyectos de energ\u00edas renovables, como son los e\u00f3licos, sin duda ayudan al objetivo de disminuir las emisiones de carbono del pa\u00eds, en l\u00ednea con los objetivos de cambio clim\u00e1tico. No obstante, estos proyectos deben ejecutarse siguiendo las medidas establecidas en sus permisos ambientales, y sobre todo, respetando a las comunidades aleda\u00f1as\u201d<\/strong>, sostiene el <strong>Superintendente del Medio Ambiente (S), Emanuel Ibarra.<\/strong><\/p>\n<p>Cabe destacar que la Ley Org\u00e1nica de la SMA, establece que las infracciones graves podr\u00e1n ser objeto de revocaci\u00f3n de la Resoluci\u00f3n de Calificaci\u00f3n Ambiental, clausura, o multa de hasta cinco 5.000 Unidades Tributarias Anuales (UTA). En tanto, las infracciones leves podr\u00e1n ser objeto de amonestaci\u00f3n por escrito o multa de hasta 1.000 UTA.<\/p>\n<p>El titular tendr\u00e1 un plazo de 10 d\u00edas h\u00e1biles para presentar un Programa de Cumplimiento y de 15 d\u00edas h\u00e1biles para formular sus Descargos, ambos plazos contados desde la notificaci\u00f3n del inicio del proceso sancionatorio.<\/p>\n<p>Para obtener mayores detalles de este caso, puede acceder a la formulaci\u00f3n de cargos en el Sistema Nacional de Informaci\u00f3n de Fiscalizaci\u00f3n Ambiental (SNIFA): <a href=\"https:\/\/snifa.sma.gob.cl\/Sancionatorio\/Ficha\/2858\">https:\/\/snifa.sma.gob.cl\/Sancionatorio\/Ficha\/2858<\/a><\/p>\n","protected":false},"excerpt":{"rendered":"<p>La Superintendencia del Medio Ambiente (SMA) imputa un cargo grave por la ejecuci\u00f3n deficiente de medidas para no intervenir a las comunidades durante la construcci\u00f3n del proyecto, y un cargo leve relativo a las mediciones de ruidos.<\/p>\n","protected":false},"author":9,"featured_media":23757,"comment_status":"open","ping_status":"open","sticky":false,"template":"","format":"standard","meta":{"footnotes":""},"categories":[236,90,107,226],"tags":[],"class_list":["post-23753","post","type-post","status-publish","format-standard","has-post-thumbnail","hentry","category-biobio","category-comunicados-noticias","category-destacado","category-macrozona-sur"],"_links":{"self":[{"href":"https:\/\/portal.sma.gob.cl\/index.php\/wp-json\/wp\/v2\/posts\/23753","targetHints":{"allow":["GET"]}}],"collection":[{"href":"https:\/\/portal.sma.gob.cl\/index.php\/wp-json\/wp\/v2\/posts"}],"about":[{"href":"https:\/\/portal.sma.gob.cl\/index.php\/wp-json\/wp\/v2\/types\/post"}],"author":[{"embeddable":true,"href":"https:\/\/portal.sma.gob.cl\/index.php\/wp-json\/wp\/v2\/users\/9"}],"replies":[{"embeddable":true,"href":"https:\/\/portal.sma.gob.cl\/index.php\/wp-json\/wp\/v2\/comments?post=23753"}],"version-history":[{"count":1,"href":"https:\/\/portal.sma.gob.cl\/index.php\/wp-json\/wp\/v2\/posts\/23753\/revisions"}],"predecessor-version":[{"id":23754,"href":"https:\/\/portal.sma.gob.cl\/index.php\/wp-json\/wp\/v2\/posts\/23753\/revisions\/23754"}],"wp:featuredmedia":[{"embeddable":true,"href":"https:\/\/portal.sma.gob.cl\/index.php\/wp-json\/wp\/v2\/media\/23757"}],"wp:attachment":[{"href":"https:\/\/portal.sma.gob.cl\/index.php\/wp-json\/wp\/v2\/media?parent=23753"}],"wp:term":[{"taxonomy":"category","embeddable":true,"href":"https:\/\/portal.sma.gob.cl\/index.php\/wp-json\/wp\/v2\/categories?post=23753"},{"taxonomy":"post_tag","embeddable":true,"href":"https:\/\/portal.sma.gob.cl\/index.php\/wp-json\/wp\/v2\/tags?post=23753"}],"curies":[{"name":"wp","href":"https:\/\/api.w.org\/{rel}","templated":true}]}}