{"id":23764,"date":"2022-04-20T17:29:07","date_gmt":"2022-04-20T21:29:07","guid":{"rendered":"https:\/\/portal.sma.gob.cl\/?p=23764"},"modified":"2022-07-15T12:28:55","modified_gmt":"2022-07-15T16:28:55","slug":"oficina-regional-de-arica-realiza-capacitacion-a-carabineros-en-norma-de-ruido","status":"publish","type":"post","link":"https:\/\/portal.sma.gob.cl\/index.php\/oficina-regional-de-arica-realiza-capacitacion-a-carabineros-en-norma-de-ruido\/","title":{"rendered":"Oficina Regional de Arica realiza capacitaci\u00f3n a Carabineros en norma de ruido"},"content":{"rendered":"<p><strong>La Oficina Regional de Arica realiz\u00f3 el primero de una serie de tres talleres con Carabineros de la capital regional para explicar la Norma de Ruidos, DS N\u00b0 38 de 2011 del Ministerio de Medio Ambiente.<\/strong><\/p>\n<p><strong>Arica, 20 de abril de 2022<\/strong>. \u201cCon esta capacitaci\u00f3n, buscamos dar a conocer nuestras facultades y exponer qu\u00e9 ruidos nos est\u00e1n en nuestras competencias como Superintendencia, como por ejemplo los provenientes de fuentes fijas como una construcci\u00f3n, un grupo electr\u00f3geno y sistemas de refrigeraci\u00f3n, y en el caso de los locales nocturnos como pubs y discoteques, el ruido proveniente del funcionamiento de sistemas de sonido. En el caso de Carabineros, ellos fiscalizan todos los otros ruidos que provienen de denuncias de fiestas clandestinas, temas vecinales, entre otros\u201d, explica <strong>Tania Gonz\u00e1lez, Jefa de la Oficina Regional de Arica<\/strong>.<\/p>\n<p>En la oportunidad, se aclararon dudas sobre la aplicaci\u00f3n y la manera de fiscalizar, adem\u00e1s de entregar material gr\u00e1fico de consulta para las operarias del fono 133 de Carabineros.<\/p>\n","protected":false},"excerpt":{"rendered":"<p>La Oficina Regional de Arica realiz\u00f3 el primero de una serie de tres talleres con Carabineros de la capital regional para explicar la Norma de Ruidos, DS N\u00b0 38 de 2011 del Ministerio de Medio Ambiente. Arica, 20 de abril de 2022. \u201cCon esta capacitaci\u00f3n, buscamos dar a conocer nuestras facultades y exponer qu\u00e9 ruidos nos <a href=\"https:\/\/portal.sma.gob.cl\/index.php\/oficina-regional-de-arica-realiza-capacitacion-a-carabineros-en-norma-de-ruido\/\">Leer m\u00e1s<\/a><\/p>\n","protected":false},"author":9,"featured_media":23767,"comment_status":"open","ping_status":"open","sticky":false,"template":"","format":"standard","meta":{"footnotes":""},"categories":[227,107,224,94],"tags":[],"class_list":["post-23764","post","type-post","status-publish","format-standard","has-post-thumbnail","hentry","category-arica-y-parinacota","category-destacado","category-macrozona-norte","category-notas-noticias"],"_links":{"self":[{"href":"https:\/\/portal.sma.gob.cl\/index.php\/wp-json\/wp\/v2\/posts\/23764","targetHints":{"allow":["GET"]}}],"collection":[{"href":"https:\/\/portal.sma.gob.cl\/index.php\/wp-json\/wp\/v2\/posts"}],"about":[{"href":"https:\/\/portal.sma.gob.cl\/index.php\/wp-json\/wp\/v2\/types\/post"}],"author":[{"embeddable":true,"href":"https:\/\/portal.sma.gob.cl\/index.php\/wp-json\/wp\/v2\/users\/9"}],"replies":[{"embeddable":true,"href":"https:\/\/portal.sma.gob.cl\/index.php\/wp-json\/wp\/v2\/comments?post=23764"}],"version-history":[{"count":2,"href":"https:\/\/portal.sma.gob.cl\/index.php\/wp-json\/wp\/v2\/posts\/23764\/revisions"}],"predecessor-version":[{"id":24745,"href":"https:\/\/portal.sma.gob.cl\/index.php\/wp-json\/wp\/v2\/posts\/23764\/revisions\/24745"}],"wp:featuredmedia":[{"embeddable":true,"href":"https:\/\/portal.sma.gob.cl\/index.php\/wp-json\/wp\/v2\/media\/23767"}],"wp:attachment":[{"href":"https:\/\/portal.sma.gob.cl\/index.php\/wp-json\/wp\/v2\/media?parent=23764"}],"wp:term":[{"taxonomy":"category","embeddable":true,"href":"https:\/\/portal.sma.gob.cl\/index.php\/wp-json\/wp\/v2\/categories?post=23764"},{"taxonomy":"post_tag","embeddable":true,"href":"https:\/\/portal.sma.gob.cl\/index.php\/wp-json\/wp\/v2\/tags?post=23764"}],"curies":[{"name":"wp","href":"https:\/\/api.w.org\/{rel}","templated":true}]}}