{"id":23796,"date":"2022-04-22T11:13:49","date_gmt":"2022-04-22T15:13:49","guid":{"rendered":"https:\/\/portal.sma.gob.cl\/?p=23796"},"modified":"2022-07-15T12:27:21","modified_gmt":"2022-07-15T16:27:21","slug":"el-22-de-abril-se-conmemora-el-dia-internacional-de-la-tierra","status":"publish","type":"post","link":"https:\/\/portal.sma.gob.cl\/index.php\/el-22-de-abril-se-conmemora-el-dia-internacional-de-la-tierra\/","title":{"rendered":"El 22 de abril se conmemora el D\u00eda Internacional de la Tierra"},"content":{"rendered":"<p><strong>La Asamblea General de las Naciones Unidas proclam\u00f3 el 22 de abril como D\u00eda Internacional de la Madre Tierra mediante una resoluci\u00f3n adoptada en 2019.<\/strong><!--more--><\/p>\n<p><strong>Santiago, 22 de abril de 2022.<\/strong> Este d\u00eda conmemora a la Tierra y sus ecosistemas como el hogar com\u00fan de la humanidad, as\u00ed como la necesidad de protegerla para mejorar los medios de vida de las personas, contrarrestar el cambio clim\u00e1tico y detener el colapso de la biodiversidad.<\/p>\n<p>La consigna para este a\u00f1o ser\u00e1 <a href=\"https:\/\/www.un.org\/es\/observances\/earth-day\">\u201cUna sola Tierra\u201d,<\/a> que destaca la necesidad de vivir de forma sostenible, en armon\u00eda con la naturaleza, a trav\u00e9s de cambios sustanciales impulsados por pol\u00edticas y elecciones cotidianas \u201cque nos gu\u00eden hacia estilos de vida m\u00e1s limpios y ecol\u00f3gicos\u201d, como asevera el Programa de las Naciones Unidas para el Medio Ambiente.<\/p>\n<p>La <strong>Superintendencia del Medio Ambiente (SMA)<\/strong> se suma con toda la fuerza de sus funcionarias y funcionarios a esta conmemoraci\u00f3n, en nuestro rol fiscalizador de la normativa ambiental en Chile. Invitamos a la comunidad a conocer m\u00e1s sobre nuestros esfuerzos en materia de fiscalizaci\u00f3n y sanci\u00f3n, a trav\u00e9s de la informaci\u00f3n publicada en nuestro <a href=\"https:\/\/snifa.sma.gob.cl\/\">Sistema Nacional de Informaci\u00f3n de Fiscalizaci\u00f3n Ambiental (SNIFA)<\/a>, donde se puede acceder a m\u00e1s de 30 mil expedientes donde se refleja nuestra acci\u00f3n diaria. Asimismo, quienes deseen realizar alguna denuncia, pueden hacerlo en el <a href=\"https:\/\/denuncia.sma.gob.cl\/\">Portal de Denuncia Ciudadana<\/a>, donde se explica qu\u00e9 tipo de reclamos se pueden hacer ante nuestra instituci\u00f3n.<\/p>\n<p>\u201cLa Madre Tierra claramente nos pide que actuemos. Los oc\u00e9anos se llenan de pl\u00e1sticos y se vuelven m\u00e1s \u00e1cidos. El calor extremo, los incendios forestales, las inundaciones y otros eventos clim\u00e1ticos han afectado a millones de personas. A\u00fan a d\u00eda de hoy nos enfrentamos al COVID -19, una pandemia sanitaria mundial con una fuerte relaci\u00f3n con la salud de nuestro ecosistema\u201d, sostiene la ONU.<\/p>\n<p>El cambio clim\u00e1tico, los cambios provocados por el hombre en la naturaleza, as\u00ed como los cr\u00edmenes que perturban la biodiversidad, como la deforestaci\u00f3n, el cambio de uso del suelo, la producci\u00f3n agr\u00edcola y ganadera intensiva o el creciente comercio ilegal de vida silvestre, pueden acelerar el ritmo de destrucci\u00f3n del planeta.<\/p>\n","protected":false},"excerpt":{"rendered":"<p>La Asamblea General de las Naciones Unidas proclam\u00f3 el 22 de abril como D\u00eda Internacional de la Madre Tierra mediante una resoluci\u00f3n adoptada en 2019.<\/p>\n","protected":false},"author":9,"featured_media":23797,"comment_status":"open","ping_status":"open","sticky":false,"template":"","format":"standard","meta":{"footnotes":""},"categories":[107,225,232,94],"tags":[],"class_list":["post-23796","post","type-post","status-publish","format-standard","has-post-thumbnail","hentry","category-destacado","category-macrozona-centro","category-metropolitana","category-notas-noticias"],"_links":{"self":[{"href":"https:\/\/portal.sma.gob.cl\/index.php\/wp-json\/wp\/v2\/posts\/23796","targetHints":{"allow":["GET"]}}],"collection":[{"href":"https:\/\/portal.sma.gob.cl\/index.php\/wp-json\/wp\/v2\/posts"}],"about":[{"href":"https:\/\/portal.sma.gob.cl\/index.php\/wp-json\/wp\/v2\/types\/post"}],"author":[{"embeddable":true,"href":"https:\/\/portal.sma.gob.cl\/index.php\/wp-json\/wp\/v2\/users\/9"}],"replies":[{"embeddable":true,"href":"https:\/\/portal.sma.gob.cl\/index.php\/wp-json\/wp\/v2\/comments?post=23796"}],"version-history":[{"count":4,"href":"https:\/\/portal.sma.gob.cl\/index.php\/wp-json\/wp\/v2\/posts\/23796\/revisions"}],"predecessor-version":[{"id":23807,"href":"https:\/\/portal.sma.gob.cl\/index.php\/wp-json\/wp\/v2\/posts\/23796\/revisions\/23807"}],"wp:featuredmedia":[{"embeddable":true,"href":"https:\/\/portal.sma.gob.cl\/index.php\/wp-json\/wp\/v2\/media\/23797"}],"wp:attachment":[{"href":"https:\/\/portal.sma.gob.cl\/index.php\/wp-json\/wp\/v2\/media?parent=23796"}],"wp:term":[{"taxonomy":"category","embeddable":true,"href":"https:\/\/portal.sma.gob.cl\/index.php\/wp-json\/wp\/v2\/categories?post=23796"},{"taxonomy":"post_tag","embeddable":true,"href":"https:\/\/portal.sma.gob.cl\/index.php\/wp-json\/wp\/v2\/tags?post=23796"}],"curies":[{"name":"wp","href":"https:\/\/api.w.org\/{rel}","templated":true}]}}