{"id":24042,"date":"2022-05-05T18:26:39","date_gmt":"2022-05-05T22:26:39","guid":{"rendered":"https:\/\/portal.sma.gob.cl\/?p=24042"},"modified":"2022-07-19T11:57:28","modified_gmt":"2022-07-19T15:57:28","slug":"sma-comparte-cuenta-publica-2021-con-el-consejo-de-la-sociedad-civil","status":"publish","type":"post","link":"https:\/\/portal.sma.gob.cl\/index.php\/sma-comparte-cuenta-publica-2021-con-el-consejo-de-la-sociedad-civil\/","title":{"rendered":"SMA comparte Cuenta P\u00fablica 2021 con el Consejo de la Sociedad Civil"},"content":{"rendered":"<p><strong>Los integrantes de la instancia de participaci\u00f3n ciudadana pudieron conocer las cifras de la gesti\u00f3n del a\u00f1o pasado y entregaron recomendaciones para mejorar la presentaci\u00f3n a la ciudadan\u00eda.<\/strong><\/p>\n<p><strong>Santiago, 05 de mayo de 2022.<\/strong> Por primera vez este a\u00f1o sesion\u00f3 el Consejo de la Sociedad Civil (COSOC) de la SMA el pasado 26 de abril. La instancia, tiene un car\u00e1cter consultivo, representativo, plural y diverso y su funcionamiento se encuentra regulado por la Ley 20.500 sobre Asociaciones y Participaci\u00f3n Ciudadana en la Gesti\u00f3n P\u00fablica.<\/p>\n<p>En la oportunidad participaron las consejeras y consejeros: Paulina Riquelme, representante de la Confederaci\u00f3n de la Producci\u00f3n y el Comercio (CPC); Carlos Descourvi\u00e8res, de Chilealimentos; Rodrigo Guerrero, Fundaci\u00f3n Espacio P\u00fablico; Luis Patricio L\u00e9pez, Sociedad Geol\u00f3gica de Chile; Pablo Neupert, Organizaci\u00f3n de Desarrollo CEUS Chile y Sof\u00eda Aravena Fern\u00e1ndez, Colegio de Ge\u00f3logos de Chile.<\/p>\n<p>Durante esta primera sesi\u00f3n del a\u00f1o, el Superintendente (S) del Medio Ambiente, Emanuel Ibarra, aprovech\u00f3 de presentar el plan de este per\u00edodo de transici\u00f3n de la SMA, junto con entregar un saludo a todas las consejeras y consejeros del COSOC. Asimismo, realiz\u00f3 un repaso a la Cuenta P\u00fablica Participativa 2021 del organismo.<\/p>\n<p>Entre los puntos destacados, est\u00e1 el alza fuerte de la cantidad de denuncias, debido a que en diciembre de 2020 se puso en marcha el Portal de Denuncias Ciudadanas online. \u201cEsto llev\u00f3 a que el a\u00f1o pasado, casi triplicamos la cantidad de denuncias recibidas en a\u00f1os anteriores, donde el proceso era presencial. Sab\u00edamos que \u00edbamos a tener un crecimiento importante, pero no esper\u00e1bamos que fuera 3 veces las cifras promedio\u201d, pasando de un promedio de 1.600 denuncias anuales a 5.697 denuncias el a\u00f1o pasado, explic\u00f3 Ibarra.<\/p>\n<p>En cuanto a las tem\u00e1ticas, el jefe del Servicio explic\u00f3 que la l\u00f3gica de a\u00f1os anteriores se mantiene \u201clo m\u00e1s denunciado es ruidos 61% y olores 14%. No necesariamente est\u00e1n relacionados con los casos m\u00e1s graves, pero s\u00ed impacta fuertemente en la ciudadan\u00eda por las consecuencias en la salud de la poblaci\u00f3n\u201d. En cuanto a la gesti\u00f3n, explic\u00f3 que se ha ido mejorando en la recepci\u00f3n y tramitaci\u00f3n, pero a\u00fan sigue una brecha de pendientes, que va de la mano con la falta de personal en el organismo.<\/p>\n<p>En cuanto a las fiscalizaciones, Ibarra se\u00f1al\u00f3 que a 2021 se ha fiscalizado un 48% de las Unidades Fiscalizables registradas. Al respecto, explic\u00f3 que los 4.142 procesos de fiscalizaci\u00f3n efectuados el a\u00f1o pasado, tienen un fuerte componente de nuevas tecnolog\u00edas como el monitoreo de \u00e1ridos y salm\u00f3nidos, llevado a cabo con herramientas de inteligencia artificial.<\/p>\n<p>En materia de sancionatorios, explic\u00f3 que las cifras tambi\u00e9n han ido aumentado a\u00f1o a a\u00f1o, alcanzando en 2021, 363 formulaciones de cargos y 152 dict\u00e1menes. \u201cEn 2020 y 2021 tuvimos una fuerte alza en el n\u00famero de casos: hay que seguir contemplando mejor gesti\u00f3n y mayores recursos. Hemos tenido distintas estrategias para hacer m\u00e1s sancionatorios. Estamos intentando digitalizar los procedimientos por ruidos, para hacer m\u00e1s r\u00e1pido el proceso, pero el crecimiento no podr\u00e1 ser exponencial si la SMA no cuenta con mayores recursos humanos y t\u00e9cnicos para poder absorber la demanda de la ciudadan\u00eda\u201d, coment\u00f3 la autoridad.<\/p>\n<p>En ese sentido, present\u00f3 un estudio realizado por PriceWaterHouse Coopers, donde se analiz\u00f3 la demanda de trabajo de la SMA y su personal: este concluye que se requiere multiplicar en 2,2 veces la cantidad de personal en la SMA, con un importante aumento de profesionales en regiones. \u201cActualmente tenemos 249 funcionarias y funcionarios, para poder hacer frente a toda la demanda de la ciudadan\u00eda tendr\u00edamos que tener 545 personas\u201d, explica Ibarra. La consejera Paulina Riquelme pidi\u00f3 que dicho informe se publique, a fin de que la data sea p\u00fablica y se pueda solicitar en todas las instancias un mayor presupuesto para la SMA, lo cual fue secundado por el consejero Descourvi\u00e8res.<\/p>\n<p><strong>Cuenta P\u00fablica Participativa 2021<\/strong><\/p>\n<p>El Superintendente del Medio Ambiente (S), Emanuel Ibarra rendir\u00e1 la Cuenta P\u00fablica Participativa 2021, el viernes 27 de mayo del presente a\u00f1o a las 10:00 horas, evento que ser\u00e1 transmitido v\u00eda streaming, a trav\u00e9s del canal de <a href=\"https:\/\/www.youtube.com\/channel\/UCUFDJBDkk2H4B_PzFouCNLw\">YouTube<\/a> de la instituci\u00f3n.<\/p>\n<p>Cabe recordar que la rendici\u00f3n de la Cuenta P\u00fablica anual se encuentra instaurada en el marco de la Ley 20.500 Sobre Asociaciones y Participaci\u00f3n Ciudadana en la Gesti\u00f3n P\u00fablica. Dicha Ley busca promover un modelo de gesti\u00f3n gubernamental que, inspirado en el Principio de Transparencia y el Derecho de Acceso a la Informaci\u00f3n P\u00fablica, profundice la democracia y fomente la confianza en la funci\u00f3n p\u00fablica sobre la base de la participaci\u00f3n y el control social; permitiendo una efectiva rendici\u00f3n de cuentas.<\/p>\n<p>Frente a cualquier duda\/consulta previa a la realizaci\u00f3n de la Cuenta P\u00fablica Participativa 2021, escribir un correo electr\u00f3nico a nuestra casilla contacto.sma@sma.gob.cl<\/p>\n<p>Y una vez finalizada la Cuenta P\u00fablica Participativa 2021, se dispondr\u00e1 del material exhibido a trav\u00e9s de las distintas plataformas digitales de la SMA y se responder\u00e1n todas las consultas requeridas por la ciudadan\u00eda, en un plazo de 20 d\u00edas h\u00e1biles.<\/p>\n<blockquote><p>Para revisar y conocer en detalle la <a href=\"https:\/\/portal.sma.gob.cl\/index.php\/download\/cuenta-publica-participativa-cosoc-26-04-2022\/\">Cuenta P\u00fablica Participativa 2021 descargar presentaci\u00f3n en el siguiente link<\/a><\/p><\/blockquote>\n","protected":false},"excerpt":{"rendered":"<p>Los integrantes de la instancia de participaci\u00f3n ciudadana pudieron conocer las cifras de la gesti\u00f3n del a\u00f1o pasado y entregaron recomendaciones para mejorar la presentaci\u00f3n a la ciudadan\u00eda. Santiago, 05 de mayo de 2022. Por primera vez este a\u00f1o sesion\u00f3 el Consejo de la Sociedad Civil (COSOC) de la SMA el pasado 26 de abril. La <a href=\"https:\/\/portal.sma.gob.cl\/index.php\/sma-comparte-cuenta-publica-2021-con-el-consejo-de-la-sociedad-civil\/\">Leer m\u00e1s<\/a><\/p>\n","protected":false},"author":8,"featured_media":24044,"comment_status":"open","ping_status":"open","sticky":false,"template":"","format":"standard","meta":{"footnotes":""},"categories":[107,225,232,94],"tags":[],"class_list":["post-24042","post","type-post","status-publish","format-standard","has-post-thumbnail","hentry","category-destacado","category-macrozona-centro","category-metropolitana","category-notas-noticias"],"_links":{"self":[{"href":"https:\/\/portal.sma.gob.cl\/index.php\/wp-json\/wp\/v2\/posts\/24042","targetHints":{"allow":["GET"]}}],"collection":[{"href":"https:\/\/portal.sma.gob.cl\/index.php\/wp-json\/wp\/v2\/posts"}],"about":[{"href":"https:\/\/portal.sma.gob.cl\/index.php\/wp-json\/wp\/v2\/types\/post"}],"author":[{"embeddable":true,"href":"https:\/\/portal.sma.gob.cl\/index.php\/wp-json\/wp\/v2\/users\/8"}],"replies":[{"embeddable":true,"href":"https:\/\/portal.sma.gob.cl\/index.php\/wp-json\/wp\/v2\/comments?post=24042"}],"version-history":[{"count":6,"href":"https:\/\/portal.sma.gob.cl\/index.php\/wp-json\/wp\/v2\/posts\/24042\/revisions"}],"predecessor-version":[{"id":24105,"href":"https:\/\/portal.sma.gob.cl\/index.php\/wp-json\/wp\/v2\/posts\/24042\/revisions\/24105"}],"wp:featuredmedia":[{"embeddable":true,"href":"https:\/\/portal.sma.gob.cl\/index.php\/wp-json\/wp\/v2\/media\/24044"}],"wp:attachment":[{"href":"https:\/\/portal.sma.gob.cl\/index.php\/wp-json\/wp\/v2\/media?parent=24042"}],"wp:term":[{"taxonomy":"category","embeddable":true,"href":"https:\/\/portal.sma.gob.cl\/index.php\/wp-json\/wp\/v2\/categories?post=24042"},{"taxonomy":"post_tag","embeddable":true,"href":"https:\/\/portal.sma.gob.cl\/index.php\/wp-json\/wp\/v2\/tags?post=24042"}],"curies":[{"name":"wp","href":"https:\/\/api.w.org\/{rel}","templated":true}]}}