{"id":24053,"date":"2022-05-06T16:22:59","date_gmt":"2022-05-06T20:22:59","guid":{"rendered":"https:\/\/portal.sma.gob.cl\/?p=24053"},"modified":"2022-07-18T17:16:25","modified_gmt":"2022-07-18T21:16:25","slug":"sma-requiere-a-la-empresa-inversiones-e-inmobiliaria-quillon-el-ingreso-del-proyecto-marina-laguna-avendano-al-seia-bajo-apercibimiento-de-sancion","status":"publish","type":"post","link":"https:\/\/portal.sma.gob.cl\/index.php\/sma-requiere-a-la-empresa-inversiones-e-inmobiliaria-quillon-el-ingreso-del-proyecto-marina-laguna-avendano-al-seia-bajo-apercibimiento-de-sancion\/","title":{"rendered":"SMA requiere a la empresa Inversiones e Inmobiliaria Quill\u00f3n el ingreso del proyecto \u201cMarina Laguna Avenda\u00f1o\u201d al SEIA bajo apercibimiento de sanci\u00f3n"},"content":{"rendered":"<p><strong>A partir de la presentaci\u00f3n de denuncias ciudadanas dirigidas en contra del proyecto inmobiliario \u201cMarina Laguna Avenda\u00f1o\u201d, principalmente, por su intervenci\u00f3n del Humedal Laguna Avenda\u00f1o. <\/strong><\/p>\n<p><strong>Quill\u00f3n, Regi\u00f3n de \u00d1uble, 06 de mayo de 2022.-<\/strong>\u00a0La Superintendencia del Medio Ambiente (SMA) requiri\u00f3 a la empresa Inversiones e Inmobiliaria Quill\u00f3n Limitada el ingreso de su proyecto inmobiliario \u201cMarina Laguna Avenda\u00f1o\u201d, ubicado en la comuna de Quill\u00f3n, regi\u00f3n de \u00d1uble, al Sistema de Evaluaci\u00f3n de Impacto Ambiental (SEIA), al no contar \u00e9ste con una Resoluci\u00f3n de Calificaci\u00f3n Ambiental (RCA), en circunstancias que aquella le resulta exigible.<\/p>\n<p>Como contexto, es importante destacar que en este caso la Superintendencia del Medio Ambiente recibi\u00f3 antecedentes relacionados al proyecto por parte de la Direcci\u00f3n Regional de Aguas de \u00d1uble y cuatro denuncias ciudadanas -entre ellas, una de la organizaci\u00f3n ind\u00edgena de Quill\u00f3n <em>\u201cEpu Mari Kechu Pongue Qeullun Mero\u201d-<\/em> en contra del proyecto inmobiliario, principalmente, por la construcci\u00f3n de obras en la zona del Humedal Urbano Laguna Avenda\u00f1o.<\/p>\n<p>A ra\u00edz de estos antecedentes, la Oficina de la SMA de \u00d1uble desarroll\u00f3 dos actividades de fiscalizaci\u00f3n durante julio de 2020 y julio de 2021, constatando la ejecuci\u00f3n de obras o actividades que pueden significar una alteraci\u00f3n f\u00edsica o qu\u00edmica de los componentes bi\u00f3ticos del Humedal Laguna Avenda\u00f1o, de sus interacciones y de sus flujos ecosist\u00e9micos, por ejemplo, su relleno, el despeje de su vegetaci\u00f3n y la implementaci\u00f3n de distintas instalaciones en su zona de emplazamiento (playas artificiales, un embarcadero y bajadas al borde de la laguna).<\/p>\n<p>Al respecto, el Superintendente del Medio Ambiente (S), Emanuel Ibarra se\u00f1al\u00f3 que \u201cel an\u00e1lisis del Departamento Jur\u00eddico ha concluido que este proyecto inmobiliario configura la tipolog\u00eda de ingreso al SEIA establecido en el literal s) del art\u00edculo 10 de la Ley N\u00b019.300, tras constatar que la construcci\u00f3n estar\u00eda alterando f\u00edsicamente la flora y fauna de esta zona, la cual est\u00e1 emplazada dentro del Humedal Urbano Laguna Avenda\u00f1o\u201d, indic\u00f3.<\/p>\n<p>Actualmente, la empresa tiene un plazo de 10 d\u00edas h\u00e1biles, contados desde la notificaci\u00f3n de la resoluci\u00f3n, para presentar ante la Superintendencia un cronograma de trabajo donde se identifiquen los plazos y acciones en que ser\u00e1 ingresado al SEIA el proyecto \u201cMarina Laguna Avenda\u00f1o\u201d.<\/p>\n<p>Para mayor informaci\u00f3n de este caso, ingresar a la p\u00e1gina de la SMA, www.sma.gob.cl, espec\u00edficamente a SNIFA, requerimiento de ingreso al SEIA: <a href=\"https:\/\/snifa.sma.gob.cl\/RequerimientoIngreso\/Ficha\/124\">https:\/\/snifa.sma.gob.cl\/RequerimientoIngreso\/Ficha\/124<\/a><\/p>\n","protected":false},"excerpt":{"rendered":"<p>A partir de la presentaci\u00f3n de denuncias ciudadanas dirigidas en contra del proyecto inmobiliario \u201cMarina Laguna Avenda\u00f1o\u201d, principalmente, por su intervenci\u00f3n del Humedal Laguna Avenda\u00f1o. Quill\u00f3n, Regi\u00f3n de \u00d1uble, 06 de mayo de 2022.-\u00a0La Superintendencia del Medio Ambiente (SMA) requiri\u00f3 a la empresa Inversiones e Inmobiliaria Quill\u00f3n Limitada el ingreso de su proyecto inmobiliario \u201cMarina Laguna <a href=\"https:\/\/portal.sma.gob.cl\/index.php\/sma-requiere-a-la-empresa-inversiones-e-inmobiliaria-quillon-el-ingreso-del-proyecto-marina-laguna-avendano-al-seia-bajo-apercibimiento-de-sancion\/\">Leer m\u00e1s<\/a><\/p>\n","protected":false},"author":8,"featured_media":24055,"comment_status":"open","ping_status":"open","sticky":false,"template":"","format":"standard","meta":{"footnotes":""},"categories":[90,107,226,235],"tags":[],"class_list":["post-24053","post","type-post","status-publish","format-standard","has-post-thumbnail","hentry","category-comunicados-noticias","category-destacado","category-macrozona-sur","category-nuble"],"_links":{"self":[{"href":"https:\/\/portal.sma.gob.cl\/index.php\/wp-json\/wp\/v2\/posts\/24053","targetHints":{"allow":["GET"]}}],"collection":[{"href":"https:\/\/portal.sma.gob.cl\/index.php\/wp-json\/wp\/v2\/posts"}],"about":[{"href":"https:\/\/portal.sma.gob.cl\/index.php\/wp-json\/wp\/v2\/types\/post"}],"author":[{"embeddable":true,"href":"https:\/\/portal.sma.gob.cl\/index.php\/wp-json\/wp\/v2\/users\/8"}],"replies":[{"embeddable":true,"href":"https:\/\/portal.sma.gob.cl\/index.php\/wp-json\/wp\/v2\/comments?post=24053"}],"version-history":[{"count":2,"href":"https:\/\/portal.sma.gob.cl\/index.php\/wp-json\/wp\/v2\/posts\/24053\/revisions"}],"predecessor-version":[{"id":24059,"href":"https:\/\/portal.sma.gob.cl\/index.php\/wp-json\/wp\/v2\/posts\/24053\/revisions\/24059"}],"wp:featuredmedia":[{"embeddable":true,"href":"https:\/\/portal.sma.gob.cl\/index.php\/wp-json\/wp\/v2\/media\/24055"}],"wp:attachment":[{"href":"https:\/\/portal.sma.gob.cl\/index.php\/wp-json\/wp\/v2\/media?parent=24053"}],"wp:term":[{"taxonomy":"category","embeddable":true,"href":"https:\/\/portal.sma.gob.cl\/index.php\/wp-json\/wp\/v2\/categories?post=24053"},{"taxonomy":"post_tag","embeddable":true,"href":"https:\/\/portal.sma.gob.cl\/index.php\/wp-json\/wp\/v2\/tags?post=24053"}],"curies":[{"name":"wp","href":"https:\/\/api.w.org\/{rel}","templated":true}]}}