{"id":24100,"date":"2022-05-12T16:38:43","date_gmt":"2022-05-12T20:38:43","guid":{"rendered":"https:\/\/portal.sma.gob.cl\/?p=24100"},"modified":"2022-07-19T12:01:34","modified_gmt":"2022-07-19T16:01:34","slug":"sma-fiscalizara-el-nuevo-plan-de-descontaminacion-atmosferica-de-calama-y-su-area-circundante","status":"publish","type":"post","link":"https:\/\/portal.sma.gob.cl\/index.php\/sma-fiscalizara-el-nuevo-plan-de-descontaminacion-atmosferica-de-calama-y-su-area-circundante\/","title":{"rendered":"SMA fiscalizar\u00e1 el nuevo plan de descontaminaci\u00f3n atmosf\u00e9rica de Calama y su \u00e1rea circundante"},"content":{"rendered":"<p><strong>Este jueves 12 de mayo entr\u00f3 en vigencia el instrumento de gesti\u00f3n ambiental que regir\u00e1 para la capital lo\u00edna y que busca reducir los niveles de material particulado asociado a la industria minera.<\/strong><\/p>\n<p><!--more--><br \/>\n<strong>Antofagasta, 12 de mayo de 2021.<\/strong> Con la publicaci\u00f3n en el Diario Oficial, este jueves entr\u00f3 en vigencia el Plan de Descontaminaci\u00f3n Atmosf\u00e9rica para la ciudad de Calama y su \u00e1rea circundante, cuyo objetivo es cumplir con los valores establecidos por la norma primaria de calidad ambiental para material particulado respirable MP10, en un plazo de 5 a\u00f1os.<\/p>\n<p>\u201cDurante 13 a\u00f1os las organizaciones ambientales, vecinos y vecinas de Calama, se movilizaron para contar con este plan. Entendemos la molestia e inquietud que esta demora gener\u00f3, pero finalmente hoy n<strong>uestro Ministerio del Medio Ambiente public\u00f3 este instrumento de gesti\u00f3n ambiental, que permitir\u00e1 mejorar las condiciones atmosf\u00e9ricas de la capital del Loa y por consiguiente, la calidad de vida de sus habitantes<\/strong>\u201d, sostuvo el <strong>Seremi de Medio Ambiente de la regi\u00f3n de Antofagasta, Gustavo Riveros.<\/strong> La autoridad a\u00f1adi\u00f3: \u201cQueremos ser el primer Gobierno Ecol\u00f3gico para Chile y esto lo vamos a lograr a trav\u00e9s de la protecci\u00f3n de nuestra naturaleza, prepar\u00e1ndonos para disminuir los efectos al cambio clim\u00e1tico y logrando una Transici\u00f3n Ecol\u00f3gica Justa; es decir, que el cambio social necesario para la protecci\u00f3n de la naturaleza se realice de manera justa, asegurando el bienestar de las personas\u201d.<\/p>\n<p>Por su parte, la<strong> Jefa Regional de Antofagasta de la SMA, Sandra Cortez,<\/strong> <strong>sostuvo que este nuevo Plan de Descontaminaci\u00f3n estar\u00e1 en los ejes de la gesti\u00f3n regional,<\/strong> gracias a la delegaci\u00f3n de Calama instalada hace dos a\u00f1os. \u201c<strong>Nosotros ya nos encontr\u00e1bamos fiscalizando a Codelco con todas sus divisiones: Ministro Hales, Radomiro Tomic y Chuquicamata, el tranque Talante, entre otras, en el marco de los compromisos de sus Resoluciones de Calificaci\u00f3n Ambiental. Ahora deber\u00e1n comprometerse a\u00fan m\u00e1s en bajar sus emisiones de MP10 en los pr\u00f3ximos a\u00f1os en el marco del nuevo plan de descontaminaci\u00f3n\u201d<\/strong>, explica la encargada regional.<\/p>\n<h2>Medidas del Plan de Descontaminaci\u00f3n<\/h2>\n<p>El nuevo Plan de Descontaminaci\u00f3n (PDA) establece regulaciones espec\u00edficas para faenas mineras, actividades de construcci\u00f3n, plantas de extracci\u00f3n de \u00e1ridos, medidas para el control de emisiones del sector de Puerto Seco, un programa de limpieza de calles, entre otros. El plan incorpora medidas para el \u201ccontrol de emisiones de material particulado, que permitir\u00e1n lograr, en el plazo de 5 a\u00f1os, niveles de calidad del aire bajo la latencia\u201d, explica Riveros.<\/p>\n<p>As\u00ed tambi\u00e9n, Riveros manifest\u00f3 que la Superintendencia del Medio Ambiente (SMA), durante el proceso de elaboraci\u00f3n del anteproyecto del PDA, decidi\u00f3 otorgar la representatividad poblacional a cuatro de las seis estaciones de monitoreo instaladas en la comuna. La determinaci\u00f3n se adopt\u00f3 tras la fiscalizaci\u00f3n realizada por el organismo en 2018 y que concluy\u00f3 que s\u00f3lo cuatro de \u00e9stas cumpl\u00edan con los requisitos de representatividad poblacional; por lo tanto, las estaciones instaladas en el Servicio M\u00e9dico Legal y en la localidad de Chiu-Chiu, no estaban en condiciones de recibir dicha calificaci\u00f3n por parte del \u00f3rgano fiscalizador.<\/p>\n<p>Dentro de las medidas del plan se encuentra el traspaso de la supervisi\u00f3n de las estaciones de monitoreo con representatividad poblacional al Ministerio del Medio Ambiente, y el redise\u00f1o de la actual red de monitoreo, proceso que involucrar\u00e1 la participaci\u00f3n de la ciudadan\u00eda. Esto permitir\u00e1 mejorar la capacidad de monitoreo y verificar el impacto del cumplimiento del PDA, adem\u00e1s de confirmar el estado actual de calidad de aire en la zona.<\/p>\n<p>Cabe precisar que ser\u00e1 la Superintendencia del Medio Ambiente el organismo encargado del seguimiento y fiscalizaci\u00f3n de las medidas contempladas en el PDA.<\/p>\n<p>&nbsp;<\/p>\n","protected":false},"excerpt":{"rendered":"<p>Este jueves 12 de mayo entr\u00f3 en vigencia el instrumento de gesti\u00f3n ambiental que regir\u00e1 para la capital lo\u00edna y que busca reducir los niveles de material particulado asociado a la industria minera.<\/p>\n","protected":false},"author":9,"featured_media":24103,"comment_status":"open","ping_status":"open","sticky":false,"template":"","format":"standard","meta":{"footnotes":""},"categories":[229,90,107,224],"tags":[],"class_list":["post-24100","post","type-post","status-publish","format-standard","has-post-thumbnail","hentry","category-antofagasta","category-comunicados-noticias","category-destacado","category-macrozona-norte"],"_links":{"self":[{"href":"https:\/\/portal.sma.gob.cl\/index.php\/wp-json\/wp\/v2\/posts\/24100","targetHints":{"allow":["GET"]}}],"collection":[{"href":"https:\/\/portal.sma.gob.cl\/index.php\/wp-json\/wp\/v2\/posts"}],"about":[{"href":"https:\/\/portal.sma.gob.cl\/index.php\/wp-json\/wp\/v2\/types\/post"}],"author":[{"embeddable":true,"href":"https:\/\/portal.sma.gob.cl\/index.php\/wp-json\/wp\/v2\/users\/9"}],"replies":[{"embeddable":true,"href":"https:\/\/portal.sma.gob.cl\/index.php\/wp-json\/wp\/v2\/comments?post=24100"}],"version-history":[{"count":1,"href":"https:\/\/portal.sma.gob.cl\/index.php\/wp-json\/wp\/v2\/posts\/24100\/revisions"}],"predecessor-version":[{"id":24101,"href":"https:\/\/portal.sma.gob.cl\/index.php\/wp-json\/wp\/v2\/posts\/24100\/revisions\/24101"}],"wp:featuredmedia":[{"embeddable":true,"href":"https:\/\/portal.sma.gob.cl\/index.php\/wp-json\/wp\/v2\/media\/24103"}],"wp:attachment":[{"href":"https:\/\/portal.sma.gob.cl\/index.php\/wp-json\/wp\/v2\/media?parent=24100"}],"wp:term":[{"taxonomy":"category","embeddable":true,"href":"https:\/\/portal.sma.gob.cl\/index.php\/wp-json\/wp\/v2\/categories?post=24100"},{"taxonomy":"post_tag","embeddable":true,"href":"https:\/\/portal.sma.gob.cl\/index.php\/wp-json\/wp\/v2\/tags?post=24100"}],"curies":[{"name":"wp","href":"https:\/\/api.w.org\/{rel}","templated":true}]}}