{"id":24114,"date":"2022-05-13T17:13:42","date_gmt":"2022-05-13T21:13:42","guid":{"rendered":"https:\/\/portal.sma.gob.cl\/?p=24114"},"modified":"2022-07-19T12:00:49","modified_gmt":"2022-07-19T16:00:49","slug":"se-inicia-periodo-de-gestion-de-episodios-criticos-en-la-region-metropolitana-actualizado","status":"publish","type":"post","link":"https:\/\/portal.sma.gob.cl\/index.php\/se-inicia-periodo-de-gestion-de-episodios-criticos-en-la-region-metropolitana-actualizado\/","title":{"rendered":"Se actualiza listado de Grandes Establecimientos afectos a paralizaci\u00f3n en per\u00edodo GEC de la Regi\u00f3n Metropolitana"},"content":{"rendered":"<p><strong>Santiago, 13 de mayo de 2022.<\/strong> La Superintendencia del Medio Ambiente informa que mediante Resoluci\u00f3n Exenta N\u00b0725 del 13 de mayo de 2022, se ha actualizado el listado de Grandes Establecimientos afectos a paralizaci\u00f3n durante eventuales jornadas de preemergencia o emergencia, en el marco de la Gesti\u00f3n de Episodios Cr\u00edticos (GEC) de la Regi\u00f3n Metropolitana.<\/p>\n<p>Al respecto, el Superintendente del Medio Ambiente (S), Emanuel Ibarra, sostuvo: \u201cAgradezco el trabajo y la dedicaci\u00f3n de los equipos de Aire y Cambio Clim\u00e1tico de la Divisi\u00f3n de Fiscalizaci\u00f3n y Conformidad Ambiental de la SMA y de la Seremi de Medio Ambiente, que han estado revisando cientos de expedientes de las empresas entregados en las \u00faltimas semanas para analizar sus Planes de Reducci\u00f3n de Emisiones en el marco del Plan de Descontaminaci\u00f3n de la Regi\u00f3n Metropolitana\u201d.<\/p>\n<p><strong>Listado de Grandes Establecimientos<\/strong><\/p>\n<p>A continuaci\u00f3n, se publica el listado de empresas que deben paralizar en preemergencia y emergencia, seg\u00fan datos disponibles al d\u00eda viernes 13 de mayo de 2022, seg\u00fan <a href=\"https:\/\/portal.sma.gob.cl\/index.php\/download\/resolucion-exenta-n725-2022\/\">Resoluci\u00f3n Exenta SMA N\u00b0 725 de 2022<\/a>. Dicha lista puede variar, en la medida que se actualizan datos de los Planes de Reducci\u00f3n de Emisiones en nuestro Sistema SISAT.<\/p>\n<\/p>\n<div class=\"table-1\">\n<table width=\"100%\">\n<thead>\n<tr>\n<th align=\"left\">RUT<\/th>\n<th align=\"left\">Gran establecimiento<\/th>\n<th align=\"left\">Estado<\/th>\n<\/tr>\n<\/thead>\n<tbody>\n<tr>\n<td align=\"left\">93926000-5<\/td>\n<td align=\"left\">ACEROS CHILE S.A.<\/td>\n<td align=\"left\">Paraliza<\/td>\n<\/tr>\n<tr>\n<td align=\"left\">96828810-5<\/td>\n<td align=\"left\">CONSORCIO SANTA MARTA S.A.<\/td>\n<td align=\"left\">Paraliza<\/td>\n<\/tr>\n<tr>\n<td align=\"left\">94528000-K<\/td>\n<td align=\"left\">EVERCRIPS SNACK PRODUCTOS DE CHILE S.A.<\/td>\n<td align=\"left\">Paraliza<\/td>\n<\/tr>\n<tr>\n<td align=\"left\">96888220-1<\/td>\n<td align=\"left\">EXTRUDER S.A.<\/td>\n<td align=\"left\">Paraliza<\/td>\n<\/tr>\n<tr>\n<td align=\"left\">61105000-3<\/td>\n<td align=\"left\">FABRICAS Y MAESTRANZA DEL EJERCITO<\/td>\n<td align=\"left\">Paraliza<\/td>\n<\/tr>\n<tr>\n<td align=\"left\">96947600-2<\/td>\n<td align=\"left\">INDS. PROFAL S.A.<\/td>\n<td align=\"left\">Paraliza<\/td>\n<\/tr>\n<tr>\n<td align=\"left\">6551041-3<\/td>\n<td align=\"left\">MANUEL MORALES MENESES<\/td>\n<td align=\"left\">Paraliza<\/td>\n<\/tr>\n<tr>\n<td align=\"left\">79749790-8<\/td>\n<td align=\"left\">PROC. Y EXTRUSORA DE ALIMENTOS LTDA.<\/td>\n<td align=\"left\">Paraliza<\/td>\n<\/tr>\n<\/tbody>\n<\/table>\n<\/div>\n<p>\n","protected":false},"excerpt":{"rendered":"<p>Santiago, 13 de mayo de 2022. La Superintendencia del Medio Ambiente informa que mediante Resoluci\u00f3n Exenta N\u00b0725 del 13 de mayo de 2022, se ha actualizado el listado de Grandes Establecimientos afectos a paralizaci\u00f3n durante eventuales jornadas de preemergencia o emergencia, en el marco de la Gesti\u00f3n de Episodios Cr\u00edticos (GEC) de la Regi\u00f3n Metropolitana. Al <a href=\"https:\/\/portal.sma.gob.cl\/index.php\/se-inicia-periodo-de-gestion-de-episodios-criticos-en-la-region-metropolitana-actualizado\/\">Leer m\u00e1s<\/a><\/p>\n","protected":false},"author":3,"featured_media":23986,"comment_status":"open","ping_status":"open","sticky":false,"template":"","format":"standard","meta":{"footnotes":""},"categories":[90,107,225,232],"tags":[],"class_list":["post-24114","post","type-post","status-publish","format-standard","has-post-thumbnail","hentry","category-comunicados-noticias","category-destacado","category-macrozona-centro","category-metropolitana"],"_links":{"self":[{"href":"https:\/\/portal.sma.gob.cl\/index.php\/wp-json\/wp\/v2\/posts\/24114","targetHints":{"allow":["GET"]}}],"collection":[{"href":"https:\/\/portal.sma.gob.cl\/index.php\/wp-json\/wp\/v2\/posts"}],"about":[{"href":"https:\/\/portal.sma.gob.cl\/index.php\/wp-json\/wp\/v2\/types\/post"}],"author":[{"embeddable":true,"href":"https:\/\/portal.sma.gob.cl\/index.php\/wp-json\/wp\/v2\/users\/3"}],"replies":[{"embeddable":true,"href":"https:\/\/portal.sma.gob.cl\/index.php\/wp-json\/wp\/v2\/comments?post=24114"}],"version-history":[{"count":7,"href":"https:\/\/portal.sma.gob.cl\/index.php\/wp-json\/wp\/v2\/posts\/24114\/revisions"}],"predecessor-version":[{"id":24129,"href":"https:\/\/portal.sma.gob.cl\/index.php\/wp-json\/wp\/v2\/posts\/24114\/revisions\/24129"}],"wp:featuredmedia":[{"embeddable":true,"href":"https:\/\/portal.sma.gob.cl\/index.php\/wp-json\/wp\/v2\/media\/23986"}],"wp:attachment":[{"href":"https:\/\/portal.sma.gob.cl\/index.php\/wp-json\/wp\/v2\/media?parent=24114"}],"wp:term":[{"taxonomy":"category","embeddable":true,"href":"https:\/\/portal.sma.gob.cl\/index.php\/wp-json\/wp\/v2\/categories?post=24114"},{"taxonomy":"post_tag","embeddable":true,"href":"https:\/\/portal.sma.gob.cl\/index.php\/wp-json\/wp\/v2\/tags?post=24114"}],"curies":[{"name":"wp","href":"https:\/\/api.w.org\/{rel}","templated":true}]}}