{"id":24142,"date":"2022-05-17T16:51:17","date_gmt":"2022-05-17T20:51:17","guid":{"rendered":"https:\/\/portal.sma.gob.cl\/?p=24142"},"modified":"2022-07-19T11:07:17","modified_gmt":"2022-07-19T15:07:17","slug":"sma-actualiza-convenio-de-colaboracion-con-servicio-aerofotogrametrico-de-la-fach","status":"publish","type":"post","link":"https:\/\/portal.sma.gob.cl\/index.php\/sma-actualiza-convenio-de-colaboracion-con-servicio-aerofotogrametrico-de-la-fach\/","title":{"rendered":"SMA actualiza convenio de colaboraci\u00f3n con Servicio Aerofotogram\u00e9trico de la FACH"},"content":{"rendered":"<p><strong>Esta alianza, que surge en 2014, ha permitido a la SMA disponer de im\u00e1genes satelitales de alta resoluci\u00f3n que sirven como medios probatorios en casos como extracciones de \u00e1ridos, salmonicultura, humedales y salares, entre otras materias de investigaci\u00f3n.<\/strong><\/p>\n<p><strong>Santiago, 17 de mayo de 2022. <\/strong>Obtener im\u00e1genes satelitales que permitan otorgar eficiencia y efectividad a las labores de la Superintendencia del Medio Ambiente (SMA) es el objetivo de la renovaci\u00f3n del Convenio escriturado entre la SMA y el Servicio Aerofotogram\u00e9trico de la Fuerza A\u00e9rea de Chile el a\u00f1o 2014.<\/p>\n<p>En la actividad, el Superintendente del Medio Ambiente (S) Emanuel Ibarra junto al Director del Servicio Aerofotogram\u00e9trico, Coronel de Aviaci\u00f3n (A), Carlos Tabilo, renovaron el convenio de colaboraci\u00f3n, que extiende un nuevo per\u00edodo la colaboraci\u00f3n, y que permitir\u00e1 a la SMA obtener im\u00e1genes satelitales de alta resoluci\u00f3n y\/o ortofotos que permitan observar obras de menor tama\u00f1o como edificaciones, canales, extracci\u00f3n de \u00e1ridos, entre otros, adem\u00e1s de no contar con registros de per\u00edodos anteriores que permitan tener un punto de comparaci\u00f3n ante los impactos generados.<\/p>\n<p>En esta oportunidad, la renovaci\u00f3n del convenio buscar\u00e1 tratar casos sensibles y que requieren de este tipo de informaci\u00f3n, como salares en el Norte del pa\u00eds, y causas por extracci\u00f3n de \u00e1ridos en la zona central.<\/p>\n<p>\u201cComo Superintendencia estamos felices de revalidar este convenio con el SAF, porque nos entrega una alianza estrat\u00e9gica para perseguir a los infractores ambientales con mejores tecnolog\u00edas, as\u00ed como tener un monitoreo permanente de ciertos titulares. Contar con im\u00e1genes satelitales para nosotros es clave, porque brinda una prueba de calidad para poder cerrar y decidir nuestros casos\u201d, coment\u00f3 el Superintendente del Medio Ambiente (S), Emanuel Ibarra.<\/p>\n<p>En tanto, el Director del Servicio Aerofotogram\u00e9trico, Coronel de Aviaci\u00f3n (A), Carlos Tabilo, sostuvo: \u201cPara la Fuerza A\u00e9rea de Chile y el SAF, contar con la extensi\u00f3n de este convenio contribuye a aportar geoinformaci\u00f3n de diferentes formatos para las labores de fiscalizaci\u00f3n de la Superintendencia del Medio Ambiente, especialmente en l\u00ednea con el trabajo en Cambio Clim\u00e1tico y en tem\u00e1ticas ambientales generales\u201d.<\/p>\n<p>El encargado del \u00e1rea de Geoinformaci\u00f3n de la SMA, Francisco Donoso, tras la reuni\u00f3n sostuvo: \u201cNuestro deseo es que la infracci\u00f3n no ocurra, y que todas las empresas reguladas sepan que, en caso de desv\u00edos a la normativa, como nosotros tenemos im\u00e1genes satelitales y capacidad de procesamiento, eso puede ser disuasivo y preventivo. Nuestra idea es que sepan que est\u00e1n siendo observados permanentemente\u201d.<\/p>\n","protected":false},"excerpt":{"rendered":"<p>Esta alianza, que surge en 2014, ha permitido a la SMA disponer de im\u00e1genes satelitales de alta resoluci\u00f3n que sirven como medios probatorios en casos como extracciones de \u00e1ridos, salmonicultura, humedales y salares, entre otras materias de investigaci\u00f3n. Santiago, 17 de mayo de 2022. Obtener im\u00e1genes satelitales que permitan otorgar eficiencia y efectividad a las labores <a href=\"https:\/\/portal.sma.gob.cl\/index.php\/sma-actualiza-convenio-de-colaboracion-con-servicio-aerofotogrametrico-de-la-fach\/\">Leer m\u00e1s<\/a><\/p>\n","protected":false},"author":8,"featured_media":24145,"comment_status":"open","ping_status":"open","sticky":false,"template":"","format":"standard","meta":{"footnotes":""},"categories":[107,225,232,94],"tags":[],"class_list":["post-24142","post","type-post","status-publish","format-standard","has-post-thumbnail","hentry","category-destacado","category-macrozona-centro","category-metropolitana","category-notas-noticias"],"_links":{"self":[{"href":"https:\/\/portal.sma.gob.cl\/index.php\/wp-json\/wp\/v2\/posts\/24142","targetHints":{"allow":["GET"]}}],"collection":[{"href":"https:\/\/portal.sma.gob.cl\/index.php\/wp-json\/wp\/v2\/posts"}],"about":[{"href":"https:\/\/portal.sma.gob.cl\/index.php\/wp-json\/wp\/v2\/types\/post"}],"author":[{"embeddable":true,"href":"https:\/\/portal.sma.gob.cl\/index.php\/wp-json\/wp\/v2\/users\/8"}],"replies":[{"embeddable":true,"href":"https:\/\/portal.sma.gob.cl\/index.php\/wp-json\/wp\/v2\/comments?post=24142"}],"version-history":[{"count":1,"href":"https:\/\/portal.sma.gob.cl\/index.php\/wp-json\/wp\/v2\/posts\/24142\/revisions"}],"predecessor-version":[{"id":24143,"href":"https:\/\/portal.sma.gob.cl\/index.php\/wp-json\/wp\/v2\/posts\/24142\/revisions\/24143"}],"wp:featuredmedia":[{"embeddable":true,"href":"https:\/\/portal.sma.gob.cl\/index.php\/wp-json\/wp\/v2\/media\/24145"}],"wp:attachment":[{"href":"https:\/\/portal.sma.gob.cl\/index.php\/wp-json\/wp\/v2\/media?parent=24142"}],"wp:term":[{"taxonomy":"category","embeddable":true,"href":"https:\/\/portal.sma.gob.cl\/index.php\/wp-json\/wp\/v2\/categories?post=24142"},{"taxonomy":"post_tag","embeddable":true,"href":"https:\/\/portal.sma.gob.cl\/index.php\/wp-json\/wp\/v2\/tags?post=24142"}],"curies":[{"name":"wp","href":"https:\/\/api.w.org\/{rel}","templated":true}]}}