{"id":24199,"date":"2022-05-18T18:13:03","date_gmt":"2022-05-18T22:13:03","guid":{"rendered":"https:\/\/portal.sma.gob.cl\/?p=24199"},"modified":"2022-07-19T11:04:38","modified_gmt":"2022-07-19T15:04:38","slug":"coyhaique-sma-intensifica-fiscalizacion-del-plan-de-descontaminacion-en-dias-de-episodios-criticos","status":"publish","type":"post","link":"https:\/\/portal.sma.gob.cl\/index.php\/coyhaique-sma-intensifica-fiscalizacion-del-plan-de-descontaminacion-en-dias-de-episodios-criticos\/","title":{"rendered":"Coyhaique: SMA intensifica fiscalizaci\u00f3n del Plan de Descontaminaci\u00f3n en d\u00edas de episodios cr\u00edticos"},"content":{"rendered":"<p><strong>Este 2022 ya se ha realizado m\u00e1s de una veintena de fiscalizaciones, y desde la creaci\u00f3n del plan, casi 500 inspecciones en la zona.\u00a0<\/strong><\/p>\n<p style=\"font-weight: 400;\"><strong>Coyhaique, 18 de mayo de 2022.\u00a0<\/strong>Este mi\u00e9rcoles 18 de mayo la ciudad de Coyhaique nuevamente present\u00f3 altos niveles de contaminaci\u00f3n debido a las bajas temperaturas y poca ventilaci\u00f3n, lo que ha favorecido la inversi\u00f3n t\u00e9rmica en la ciudad y por ende la concentraci\u00f3n de material particulado. En el transcurso del per\u00edodo GEC 2022, ya se han decretado 13 episodios cr\u00edticos, siendo 6 Alertas, 3 Preemergencias y 4 Emergencias, estos corresponden a un 26% de los episodios decretados en el per\u00edodo anterior (a\u00f1o 2021 se decretaron 51 d\u00edas con episodios cr\u00edticos, siendo 20 correspondieron Alertas, 10 Preemergencias y 21 Emergencias).<\/p>\n<p style=\"font-weight: 400;\">\u201cEn los d\u00edas de episodios cr\u00edticos nuestro equipo de la Oficina Regional de la SMA, intensifica la fiscalizaci\u00f3n en terreno de las medidas del Plan de Descontaminaci\u00f3n Atmosf\u00e9rica (PDA), especialmente la referida a la prohibici\u00f3n de usar calefacci\u00f3n a le\u00f1a en locales comerciales, como as\u00ed tambi\u00e9n el comercio de le\u00f1a seca\u201d, explica Oscar Leal, Jefe de la Oficina Regional de Ays\u00e9n de la Superintendencia del Medio Ambiente (SMA).<\/p>\n<p style=\"font-weight: 400;\">El PDA, considera medidas estructurales que tienen como objetivo disminuir en forma gradual las concentraciones de contaminaci\u00f3n que afectan la ciudad, sin embargo, tambi\u00e9n contiene medidas de mitigaci\u00f3n en el per\u00edodo de Gesti\u00f3n de Episodios Cr\u00edticos (GEC), que son de aplicaci\u00f3n inmediata y que buscan bajar en forma dr\u00e1stica los altos niveles de contaminaci\u00f3n.<\/p>\n<p style=\"font-weight: 400;\"><strong><u>Medidas del Plan de Descontaminaci\u00f3n<\/u><\/strong><strong><u>\u00a0<\/u><\/strong><\/p>\n<p style=\"font-weight: 400;\">La Superintendencia del Medio Ambiente SMA, se encuentra fiscalizando las medidas contenidas en el Plan de Descontaminaci\u00f3n Atmosf\u00e9rica y que rigen para todo el per\u00edodo GEC, comprendido entre el 1 de abril y el 30 de Septiembre. En este a\u00f1o 2022, se han realizado aproximadamente 20 actividades de fiscalizaci\u00f3n.<\/p>\n<p style=\"font-weight: 400;\"><strong>\u201cEsto dice relaci\u00f3n con la prohibici\u00f3n del funcionamiento de artefactos a le\u00f1a en locales comerciales y servicios p\u00fablicos de la ciudad, as\u00ed tambi\u00e9n que las calderas a le\u00f1a existentes en la ciudad no operen en horarios de restricci\u00f3n y adem\u00e1s de la fiscalizaci\u00f3n de la humedad de la le\u00f1a en sus puntos de comercializaci\u00f3n,<\/strong>\u00a0donde est\u00e1 prohibido comercializarla con una humedad superior al 25%\u201d, comenta Leal.<\/p>\n<p style=\"font-weight: 400;\">Cabe se\u00f1alar que desde la vigencia del Plan la Superintendencia del Medio Ambiente ha ejecutado 496 fiscalizaciones ambientales considerando las medidas de Funcionamiento de fuente fija en GEC, uso calefactor a le\u00f1a en Organismos p\u00fablicos, uso de calefactor a le\u00f1a establecimiento comerciales, comercializaci\u00f3n le\u00f1a seca.<\/p>\n<p style=\"font-weight: 400;\">La Superintendencia seguir\u00e1 \u201cfiscalizando y aplicando las medidas de restricci\u00f3n estipuladas en el PDA. Sin embargo, es de suma importancia que la comunidad tome conciencia de su rol en la soluci\u00f3n a este problema, inform\u00e1ndose de los pron\u00f3sticos de calidad del aire que publican diariamente en las redes sociales de la Seremi del Medio Ambiente y en las p\u00e1ginas web\u00a0<a href=\"http:\/\/airechile.mma.gob.cl\/\" data-saferedirecturl=\"https:\/\/www.google.com\/url?q=http:\/\/airechile.mma.gob.cl&amp;source=gmail&amp;ust=1652998085275000&amp;usg=AOvVaw3xn-KqeIzX5TPkWrMiLiLV\">airechile.mma.gob.cl<\/a>\u00a0y\u00a0<a href=\"http:\/\/airecoyhaique.mma.gob.cl\/\" data-saferedirecturl=\"https:\/\/www.google.com\/url?q=http:\/\/airecoyhaique.mma.gob.cl&amp;source=gmail&amp;ust=1652998085275000&amp;usg=AOvVaw12csrK3KWuD0npofVr_bYc\">airecoyhaique.mma.gob.cl<\/a>, respetando las restricciones y siguiendo las recomendaciones entregadas por la autoridad. Entre todos descontaminamos Coyhaique\u201d, finaliza el encargado regional.<\/p>\n","protected":false},"excerpt":{"rendered":"<p>Este 2022 ya se ha realizado m\u00e1s de una veintena de fiscalizaciones, y desde la creaci\u00f3n del plan, casi 500 inspecciones en la zona.\u00a0 Coyhaique, 18 de mayo de 2022.\u00a0Este mi\u00e9rcoles 18 de mayo la ciudad de Coyhaique nuevamente present\u00f3 altos niveles de contaminaci\u00f3n debido a las bajas temperaturas y poca ventilaci\u00f3n, lo que ha favorecido <a href=\"https:\/\/portal.sma.gob.cl\/index.php\/coyhaique-sma-intensifica-fiscalizacion-del-plan-de-descontaminacion-en-dias-de-episodios-criticos\/\">Leer m\u00e1s<\/a><\/p>\n","protected":false},"author":8,"featured_media":24201,"comment_status":"open","ping_status":"open","sticky":false,"template":"","format":"standard","meta":{"footnotes":""},"categories":[240,90,226,94],"tags":[],"class_list":["post-24199","post","type-post","status-publish","format-standard","has-post-thumbnail","hentry","category-aysen","category-comunicados-noticias","category-macrozona-sur","category-notas-noticias"],"_links":{"self":[{"href":"https:\/\/portal.sma.gob.cl\/index.php\/wp-json\/wp\/v2\/posts\/24199","targetHints":{"allow":["GET"]}}],"collection":[{"href":"https:\/\/portal.sma.gob.cl\/index.php\/wp-json\/wp\/v2\/posts"}],"about":[{"href":"https:\/\/portal.sma.gob.cl\/index.php\/wp-json\/wp\/v2\/types\/post"}],"author":[{"embeddable":true,"href":"https:\/\/portal.sma.gob.cl\/index.php\/wp-json\/wp\/v2\/users\/8"}],"replies":[{"embeddable":true,"href":"https:\/\/portal.sma.gob.cl\/index.php\/wp-json\/wp\/v2\/comments?post=24199"}],"version-history":[{"count":2,"href":"https:\/\/portal.sma.gob.cl\/index.php\/wp-json\/wp\/v2\/posts\/24199\/revisions"}],"predecessor-version":[{"id":24204,"href":"https:\/\/portal.sma.gob.cl\/index.php\/wp-json\/wp\/v2\/posts\/24199\/revisions\/24204"}],"wp:featuredmedia":[{"embeddable":true,"href":"https:\/\/portal.sma.gob.cl\/index.php\/wp-json\/wp\/v2\/media\/24201"}],"wp:attachment":[{"href":"https:\/\/portal.sma.gob.cl\/index.php\/wp-json\/wp\/v2\/media?parent=24199"}],"wp:term":[{"taxonomy":"category","embeddable":true,"href":"https:\/\/portal.sma.gob.cl\/index.php\/wp-json\/wp\/v2\/categories?post=24199"},{"taxonomy":"post_tag","embeddable":true,"href":"https:\/\/portal.sma.gob.cl\/index.php\/wp-json\/wp\/v2\/tags?post=24199"}],"curies":[{"name":"wp","href":"https:\/\/api.w.org\/{rel}","templated":true}]}}