{"id":24231,"date":"2022-05-27T10:40:34","date_gmt":"2022-05-27T14:40:34","guid":{"rendered":"https:\/\/portal.sma.gob.cl\/?p=24231"},"modified":"2022-07-18T17:13:59","modified_gmt":"2022-07-18T21:13:59","slug":"cuenta-publica-2021-se-realizaron-mas-de-4-100-actividades-de-fiscalizacion-y-se-iniciaron-mas-de-360-procesos-sancionatorios","status":"publish","type":"post","link":"https:\/\/portal.sma.gob.cl\/index.php\/cuenta-publica-2021-se-realizaron-mas-de-4-100-actividades-de-fiscalizacion-y-se-iniciaron-mas-de-360-procesos-sancionatorios\/","title":{"rendered":"Cuenta P\u00fablica 2021: Se realizaron m\u00e1s de 4.100 actividades de fiscalizaci\u00f3n y se iniciaron m\u00e1s de 360 procesos sancionatorios"},"content":{"rendered":"<p><strong>En materias de gesti\u00f3n, destaca que la Superintendencia del Medio Ambiente (SMA) recibi\u00f3 la certificaci\u00f3n en<\/strong><strong> la Norma Chilena N\u00b03262 de Igualdad de G\u00e9nero y conciliaci\u00f3n de la vida laboral, personal y familiar. Esta reconoce la implementaci\u00f3n de una serie de procedimientos que promueven un cambio cultural, orientadas a reducir brechas, favoreciendo la vida laboral, familiar y personal, adem\u00e1s de la corresponsabilidad, dentro de la instituci\u00f3n.<\/strong><strong>\u00a0<\/strong><!--more--><\/p>\n<p><strong>Santiago, 27 de mayo de 2022.<\/strong>\u00a0La Superintendencia del Medio Ambiente realiz\u00f3 su Cuenta P\u00fablica participativa en formato digital, con una transmisi\u00f3n v\u00eda YouTube. En ella, se dio cuenta de todas las gestiones realizadas durante el a\u00f1o 2021 y se abordaron algunos desaf\u00edos para este 2022. El Superintendente del Medio Ambiente (S), Emanuel Ibarra Soto, agradeci\u00f3 a las personas que se conectaron a la actividad y aprovech\u00f3 la oportunidad para relevar la labor de las funcionarias y funcionarios de la instituci\u00f3n: \u201cdesde Arica a Punta Arenas. Han sido a\u00f1os dif\u00edciles, con muchas emergencias y contingencias, y mucha demanda ciudadana frente a escasos recursos y personal. Ha sido el compromiso de las personas el que nos ha permitido sacar este servicio adelante\u201d.<\/p>\n<p>En materia de fiscalizaci\u00f3n, esta ha ido creciendo sostenidamente, superando las 4.100 actividades en 2021. \u201cSi se compara con los tiempos previos a la reforma a la institucionalidad ambiental, el ejercicio de esta atribuci\u00f3n ha crecido m\u00e1s de 7 veces, lo cual es un avance importante para el pa\u00eds\u201d, sostuvo Ibarra. En ese sentido, la autoridad explic\u00f3 que de las casi 16.000 Unidades Fiscalizables (UF) que la SMA tiene catastradas, desde 2013 a la fecha, se ha fiscalizado casi la mitad de ellas.<\/p>\n<p><img decoding=\"async\" class=\"alignright wp-image-24234 size-fusion-400\" src=\"https:\/\/portal.sma.gob.cl\/wp-content\/uploads\/2022\/05\/Cierre-casos-400x291.jpg\" alt=\"\" width=\"400\" height=\"291\" srcset=\"https:\/\/portal.sma.gob.cl\/wp-content\/uploads\/2022\/05\/Cierre-casos-200x146.jpg 200w, https:\/\/portal.sma.gob.cl\/wp-content\/uploads\/2022\/05\/Cierre-casos-300x219.jpg 300w, https:\/\/portal.sma.gob.cl\/wp-content\/uploads\/2022\/05\/Cierre-casos-400x291.jpg 400w, https:\/\/portal.sma.gob.cl\/wp-content\/uploads\/2022\/05\/Cierre-casos-600x437.jpg 600w, https:\/\/portal.sma.gob.cl\/wp-content\/uploads\/2022\/05\/Cierre-casos-768x560.jpg 768w, https:\/\/portal.sma.gob.cl\/wp-content\/uploads\/2022\/05\/Cierre-casos-800x583.jpg 800w, https:\/\/portal.sma.gob.cl\/wp-content\/uploads\/2022\/05\/Cierre-casos.jpg 991w\" sizes=\"(max-width: 400px) 100vw, 400px\" \/><\/p>\n<p>En cuanto a procesos sancionatorios, en 2021 tambi\u00e9n se alcanz\u00f3 un r\u00e9cord: 152 casos cerrados, mientras que se iniciaron 363 nuevos procedimientos con su formulaci\u00f3n de cargo, lo cual duplica la cifra que se alcanzaba el a\u00f1o 2018. Tambi\u00e9n se destac\u00f3 el aumento en la tramitaci\u00f3n de programas de cumplimiento. \u201cEstos programas siempre han ido en un alza sostenida en el tiempo, y es importante que los titulares presenten acciones que permitan enfrentar la situaci\u00f3n ambiental creada con sus infracciones, para que adem\u00e1s sea un espacio donde puedan restablecer las relaciones con la comunidad afectada. El a\u00f1o pasado tuvimos un r\u00e9cord hist\u00f3rico de 106 millones de d\u00f3lares asociados a las inversiones que deben realizar en estos programas, los cuales van directamente al medioambiente\u201d, explica el Superintendente (S).<\/p>\n<p><strong>Denuncias se triplican en 2021<\/strong><\/p>\n<p>\u201cLas demandas de las personas, que cada vez buscan m\u00e1s espacios de participaci\u00f3n, han crecido enormemente en el tiempo, lo que se ha traducido en un alza sostenida de las denuncias recibidas. Desde nuestra creaci\u00f3n estas totalizan 20 mil. El 2021, nuestro primer a\u00f1o con el Portal de Denuncia Ciudadana online, recibimos casi 6 mil, triplicando el n\u00famero habitual que se recib\u00eda previo a la implementaci\u00f3n de ese sistema\u201d, sostuvo Ibarra.<\/p>\n<p>En este aspecto, el Portal de Denuncia Ciudadana, que permite realizar las denuncias en l\u00ednea, gatill\u00f3 un alza explosiva de casos, aunque las materias m\u00e1s denunciadas permanecen: 61% se asocia a ruidos y olores molestos.<\/p>\n<p><img decoding=\"async\" class=\"alignleft size-fusion-400 wp-image-24235\" src=\"https:\/\/portal.sma.gob.cl\/wp-content\/uploads\/2022\/05\/Denuncias-400x297.jpg\" alt=\"\" width=\"400\" height=\"297\" srcset=\"https:\/\/portal.sma.gob.cl\/wp-content\/uploads\/2022\/05\/Denuncias-200x148.jpg 200w, https:\/\/portal.sma.gob.cl\/wp-content\/uploads\/2022\/05\/Denuncias-300x222.jpg 300w, https:\/\/portal.sma.gob.cl\/wp-content\/uploads\/2022\/05\/Denuncias-400x297.jpg 400w, https:\/\/portal.sma.gob.cl\/wp-content\/uploads\/2022\/05\/Denuncias-600x445.jpg 600w, https:\/\/portal.sma.gob.cl\/wp-content\/uploads\/2022\/05\/Denuncias-768x569.jpg 768w, https:\/\/portal.sma.gob.cl\/wp-content\/uploads\/2022\/05\/Denuncias-800x593.jpg 800w, https:\/\/portal.sma.gob.cl\/wp-content\/uploads\/2022\/05\/Denuncias.jpg 1001w\" sizes=\"(max-width: 400px) 100vw, 400px\" \/><\/p>\n<p>\u201cLa instituci\u00f3n es consciente de nuestras deudas en la tramitaci\u00f3n de estas denuncias, y estamos agilizando los procesos para enfrentarlo de la mejor manera. Al a\u00f1o 2021 ya tenemos gestionado el 60% del total recibido y seguiremos realizando acciones para mejorar esta cifra\u201d, sostuvo la autoridad.<\/p>\n<p>No obstante, el jefe de Servicio tambi\u00e9n recalc\u00f3 la necesidad de aumentar los recursos para la SMA. \u201cClaramente hoy tenemos un problema: los recursos no alcanzan, no nos permiten enfrentar la demanda ciudadana y el ejercicio de nuestras atribuciones. Nuestra Superintendencia, comparada con otras, es la que menos presupuesto recibe y la que m\u00e1s sujetos regulados tiene. Si dividimos el total de nuestro presupuesto de fiscalizaci\u00f3n, por las 16.000 Unidades Fiscalizables que debemos supervigilar, tenemos un total de $890 diarios por cada una. Claramente una cifra insuficiente\u201d, afirm\u00f3.<\/p>\n<p>En ese sentido, la Superintendencia del Medio Ambiente, ejecut\u00f3 en 2021 el 99,3% del presupuesto asignado al servicio. La dotaci\u00f3n alcanza 251 personas, donde el 51% son mujeres y el 49% son hombres.<\/p>\n<p>&nbsp;<\/p>\n<p>Se destaca a nivel interno la reciente obtenci\u00f3n de la <strong>Certificaci\u00f3n en la Norma Chilena N\u00b03262 de Gesti\u00f3n de Igualdad de G\u00e9nero y conciliaci\u00f3n de la vida laboral, familiar y personal<\/strong>. Esto acredita que la SMA ha desplegado un conjunto de medidas que promuevan y generen un cambio cultural, orientadas a reducir brechas de g\u00e9nero a todo nivel, junto con impulsar un equilibrio entre la vida laboral, familiar y personal, adem\u00e1s de la corresponsabilidad, al interior de la SMA.<\/p>\n<p><strong>\u00a0<\/strong><img decoding=\"async\" class=\"alignright size-fusion-400 wp-image-24236\" src=\"https:\/\/portal.sma.gob.cl\/wp-content\/uploads\/2022\/05\/Igualdad-genero-400x277.jpg\" alt=\"\" width=\"400\" height=\"277\" srcset=\"https:\/\/portal.sma.gob.cl\/wp-content\/uploads\/2022\/05\/Igualdad-genero-200x138.jpg 200w, https:\/\/portal.sma.gob.cl\/wp-content\/uploads\/2022\/05\/Igualdad-genero-300x208.jpg 300w, https:\/\/portal.sma.gob.cl\/wp-content\/uploads\/2022\/05\/Igualdad-genero-400x277.jpg 400w, https:\/\/portal.sma.gob.cl\/wp-content\/uploads\/2022\/05\/Igualdad-genero-600x415.jpg 600w, https:\/\/portal.sma.gob.cl\/wp-content\/uploads\/2022\/05\/Igualdad-genero-768x532.jpg 768w, https:\/\/portal.sma.gob.cl\/wp-content\/uploads\/2022\/05\/Igualdad-genero-800x554.jpg 800w, https:\/\/portal.sma.gob.cl\/wp-content\/uploads\/2022\/05\/Igualdad-genero-1024x709.jpg 1024w, https:\/\/portal.sma.gob.cl\/wp-content\/uploads\/2022\/05\/Igualdad-genero.jpg 1027w\" sizes=\"(max-width: 400px) 100vw, 400px\" \/><\/p>\n<p><strong>Desaf\u00edos 2022<\/strong><\/p>\n<p>\u201cA pesar de los escasos recursos y la alta demanda, puedo mencionar con total convicci\u00f3n que detr\u00e1s de la SMA existen funcionarias y funcionarios absolutamente comprometidos con nuestro rol. Si bien tenemos muchas deudas pendientes con las personas, denuncias y procedimientos, hemos hecho grandes avances, evolucionando enormemente y dando saltos importantes en nuestros indicadores y n\u00fameros\u201d, afirm\u00f3 el Superintendente.<\/p>\n<p>En cuanto a los desaf\u00edos de este a\u00f1o, la autoridad relev\u00f3 algunos ejes de gesti\u00f3n: abordar los casos relativos a la crisis h\u00eddrica, el cambio clim\u00e1tico, fiscalizaciones a la miner\u00eda, a la industria acu\u00edcola y abordar los casos de loteos irregulares, que se han multiplicado. \u201cTodo esto con un claro enfoque territorial, es decir, enfocado en localidades en conflicto\u201d, finaliz\u00f3.<\/p>\n<p>Para revisar unas vez m\u00e1s o con mayor detalle la Cuenta P\u00fablica Participativa SMA 2021-2022 ingresar al siguiente <a href=\"https:\/\/www.youtube.com\/watch?v=spQJUvUXQMo\">link<\/a><\/p>\n<div class=\"video-shortcode\"><iframe title=\"Cuenta P\u00fablica 2021 - 2022 Superintendencia del Medio Ambiente\" width=\"1100\" height=\"619\" src=\"https:\/\/www.youtube.com\/embed\/spQJUvUXQMo?feature=oembed\" frameborder=\"0\" allow=\"accelerometer; autoplay; clipboard-write; encrypted-media; gyroscope; picture-in-picture\" allowfullscreen><\/iframe><\/div>\n","protected":false},"excerpt":{"rendered":"<p>En materias de gesti\u00f3n, destaca que la Superintendencia del Medio Ambiente (SMA) recibi\u00f3 la certificaci\u00f3n en la Norma Chilena N\u00b03262 de Igualdad de G\u00e9nero y conciliaci\u00f3n de la vida laboral, personal y familiar. Esta reconoce la implementaci\u00f3n de una serie de procedimientos que promueven un cambio cultural, orientadas a reducir brechas, favoreciendo la vida laboral, familiar <a href=\"https:\/\/portal.sma.gob.cl\/index.php\/cuenta-publica-2021-se-realizaron-mas-de-4-100-actividades-de-fiscalizacion-y-se-iniciaron-mas-de-360-procesos-sancionatorios\/\">Leer m\u00e1s<\/a><\/p>\n","protected":false},"author":9,"featured_media":24233,"comment_status":"open","ping_status":"open","sticky":false,"template":"","format":"standard","meta":{"footnotes":""},"categories":[90,107,225,232],"tags":[],"class_list":["post-24231","post","type-post","status-publish","format-standard","has-post-thumbnail","hentry","category-comunicados-noticias","category-destacado","category-macrozona-centro","category-metropolitana"],"_links":{"self":[{"href":"https:\/\/portal.sma.gob.cl\/index.php\/wp-json\/wp\/v2\/posts\/24231","targetHints":{"allow":["GET"]}}],"collection":[{"href":"https:\/\/portal.sma.gob.cl\/index.php\/wp-json\/wp\/v2\/posts"}],"about":[{"href":"https:\/\/portal.sma.gob.cl\/index.php\/wp-json\/wp\/v2\/types\/post"}],"author":[{"embeddable":true,"href":"https:\/\/portal.sma.gob.cl\/index.php\/wp-json\/wp\/v2\/users\/9"}],"replies":[{"embeddable":true,"href":"https:\/\/portal.sma.gob.cl\/index.php\/wp-json\/wp\/v2\/comments?post=24231"}],"version-history":[{"count":10,"href":"https:\/\/portal.sma.gob.cl\/index.php\/wp-json\/wp\/v2\/posts\/24231\/revisions"}],"predecessor-version":[{"id":24265,"href":"https:\/\/portal.sma.gob.cl\/index.php\/wp-json\/wp\/v2\/posts\/24231\/revisions\/24265"}],"wp:featuredmedia":[{"embeddable":true,"href":"https:\/\/portal.sma.gob.cl\/index.php\/wp-json\/wp\/v2\/media\/24233"}],"wp:attachment":[{"href":"https:\/\/portal.sma.gob.cl\/index.php\/wp-json\/wp\/v2\/media?parent=24231"}],"wp:term":[{"taxonomy":"category","embeddable":true,"href":"https:\/\/portal.sma.gob.cl\/index.php\/wp-json\/wp\/v2\/categories?post=24231"},{"taxonomy":"post_tag","embeddable":true,"href":"https:\/\/portal.sma.gob.cl\/index.php\/wp-json\/wp\/v2\/tags?post=24231"}],"curies":[{"name":"wp","href":"https:\/\/api.w.org\/{rel}","templated":true}]}}