{"id":24252,"date":"2022-05-27T12:30:26","date_gmt":"2022-05-27T16:30:26","guid":{"rendered":"https:\/\/portal.sma.gob.cl\/?p=24252"},"modified":"2022-07-18T17:13:03","modified_gmt":"2022-07-18T21:13:03","slug":"nuble-sma-intensifica-fiscalizacion-del-plan-de-prevencion-y-descontaminacion-tras-7-dias-de-episodios-criticos","status":"publish","type":"post","link":"https:\/\/portal.sma.gob.cl\/index.php\/nuble-sma-intensifica-fiscalizacion-del-plan-de-prevencion-y-descontaminacion-tras-7-dias-de-episodios-criticos\/","title":{"rendered":"\u00d1uble: SMA intensifica fiscalizaci\u00f3n del Plan de Prevenci\u00f3n y Descontaminaci\u00f3n tras 8 d\u00edas de episodios cr\u00edticos"},"content":{"rendered":"<p><strong>Se han realizado m\u00e1s de 30 actividades relativas al comercio formal de le\u00f1a y fiscalizaci\u00f3n de calderas en industrias y calefacci\u00f3n.<\/strong><!--more--><\/p>\n<p><strong>Chill\u00e1n, 27 de mayo de 2022<\/strong>. Desde inicios de abril, cuando comienza el per\u00edodo de Gesti\u00f3n de Episodios Cr\u00edticos (GEC) en la intercomuna de Chill\u00e1n-Chil\u00e1n Viejo se han decretado 8 episodios cr\u00edticos, siendo 4 Alertas, 3 Preemergencias y 1 Emergencias, estos corresponden a un 15% de los episodios decretados en el periodo anterior (a\u00f1o 2021 se decretaron 46 d\u00edas con episodios cr\u00edticos, siendo 30 correspondieron Alertas, 15 Pre emergencias y 1 Emergencias). La Direcci\u00f3n Meteorol\u00f3gica de Chile emiti\u00f3 ayer una advertencia por heladas que afectar\u00e1n a cinco regiones, entre ellas la de \u00d1uble \u2014con temperaturas m\u00ednimas pronosticadas entre -4 y -2\u00b0C\u2014, lo cual favorece la inversi\u00f3n t\u00e9rmica en la ciudad y por ende la concentraci\u00f3n de material particulado respirable.<\/p>\n<p><strong>\u201cEn los d\u00edas de episodios cr\u00edticos nuestro equipo Regional de la SMA, intensifica la fiscalizaci\u00f3n en terreno de las medidas del Plan de Prevenci\u00f3n y Descontaminaci\u00f3n Atmosf\u00e9rica (PPDA), especialmente las referidas al comercio establecido de le\u00f1a seca, el control y reporte de monitoreos isocin\u00e9ticos para calderas mayores a 75 kwt y el uso de equipos a le\u00f1a en reparticiones p\u00fablicas\u201d, explica Cristi\u00e1n Lineros, jefe de la Oficina Regional de \u00d1uble de la Superintendencia del Medio Ambiente (SMA).<\/strong><\/p>\n<p>El PPDA, considera medidas estructurales que tienen como objetivo disminuir en forma gradual las concentraciones de contaminaci\u00f3n que afectan la intercomuna, sin embargo, tambi\u00e9n contiene medidas de control en el periodo de Gesti\u00f3n de Episodios Cr\u00edticos GEC, que son de aplicaci\u00f3n inmediata y que buscan bajar en forma dr\u00e1stica los altos niveles de contaminaci\u00f3n.<\/p>\n<h3>Fiscalizaciones y hallazgos<\/h3>\n<p>La Superintendencia del Medio Ambiente SMA se encuentra fiscalizando parte de las 100 medidas contenidas en el Plan de Prevenci\u00f3n y Descontaminaci\u00f3n Ambiental que rigen para todo el periodo GEC a la intercomuna de Chill\u00e1n y Chill\u00e1n Viejo, comprendido entre el 1 de abril y el 30 de septiembre.<\/p>\n<p>En este a\u00f1o, se han realizado alrededor de <strong>30 fiscalizaciones,<\/strong> que incluyen <strong>adem\u00e1s del comercio de le\u00f1a, patrullajes a las fuentes industriales mayores como aserraderos, plantas procesadoras, calderas de uso para calefacci\u00f3n de equipamiento y sistemas de calefacci\u00f3n de organismos p\u00fablicos.<\/strong> Lineros cita que este a\u00f1o no se descarta aplicar medidas dr\u00e1sticas. como el sellado de calderas por 15 d\u00edas h\u00e1biles, para aquellas empresas que generen resistencia al cumplimiento ambiental como fue el caso en algunas fuentes fijas como la empresa de Chapas Li y Chang de la comuna de Chill\u00e1n Viejo.<\/p>\n<p>\u201cEn relaci\u00f3n con la venta de le\u00f1a las Municipalidades est\u00e1n encargadas por norma de la fiscalizaci\u00f3n del comercio informal, en tanto la SMA controla aquellos l<strong>ocales comerciales establecidos, donde deben mantener contenidos de humedad inferiores al 25%,<\/strong> adem\u00e1s de tener visible una tabla de conversi\u00f3n energ\u00e9tica por especie y contar con un equipo de medici\u00f3n propio de humedad para acreditar a compradores que la le\u00f1a se encuentra en condiciones \u00f3ptimas de ser utilizada como combustible\u201d, comenta Lineros. Y a\u00f1ade: \u201cA la fecha notamos que es un mercado acotado, donde el precio se ha incrementado, la participaci\u00f3n de especies ex\u00f3ticas como eucaliptus y aromo se vuelve importante y este a\u00f1o <strong>s\u00f3lo mantenemos un hallazgo por venta de le\u00f1a h\u00fameda que corresponde al local Easy de Chill\u00e1n, donde el 60% de las muestras fiscalizadas super\u00f3 ese porcentaje de humedad, por lo que se aplicar\u00e1 la potestad correctiva de la SMA\u201d.<\/strong><\/p>\n<p>Cabe se\u00f1alar que las acciones correctivas del Plan se enmarcan en medio de otras acciones que tienen relevancia en materia fiscalizable y de descontaminaci\u00f3n, como el programa de compensaci\u00f3n y recambio de equipos de calefacci\u00f3n a le\u00f1a, a cargo de la Seremi de Medio Ambiente. \u201cEspecial an\u00e1lisis debemos poner en el Art. 60 que instruye que todos los proyectos inmobiliarios de la intercomuna urbana de m\u00e1s de 100 m2 o de tasaci\u00f3n comercial superior a 2.000 UF, que deben contar con un sistema de calefacci\u00f3n integrado a la vivienda con un combustible distinto a la le\u00f1a, elementos que deben ser de conocimiento p\u00fablico, exigible y denunciable en los casos que no se materialice por la ciudadan\u00eda\u201d, comenta la autoridad regional.<\/p>\n<p>Cabe se\u00f1alar que, desde la vigencia del Plan, la Superintendencia del Medio Ambiente, ha ejecutado<strong> 313 fiscalizaciones ambientales<\/strong> considerando las medidas de control de l\u00edmites de emisi\u00f3n e emisiones en calderas, uso de calefactores a le\u00f1a en Organismos P\u00fablico, comercializaci\u00f3n le\u00f1a seca y compensaci\u00f3n de emisiones.<\/p>\n<p>Durante toda la pandemia, y especialmente en este a\u00f1o de mayor reapertura, \u201cla SMA seguir\u00e1 fiscalizando y aplicando las medidas de restricci\u00f3n estipuladas en el PPDA. Sin embargo, es de suma importancia que la comunidad tome conciencia de su rol en la soluci\u00f3n a este problema, inform\u00e1ndose de los pron\u00f3sticos de calidad del aire que publican diariamente en las redes sociales de la Seremi del Medio Ambiente de \u00d1uble y en las p\u00e1ginas web airechile.mma.gob.cl, respetando las restricciones y siguiendo las recomendaciones entregadas por la autoridad. Queremos que toda la ciudadan\u00eda pueda contribuir a una mejor calidad del aire en Chill\u00e1n y Chill\u00e1n Viejo, bajando los \u00edndices de contaminaci\u00f3n sobre todo ante las bajas temperaturas que se vaticinan en los pr\u00f3ximos d\u00edas\u201d, finaliza el encargado regional.<\/p>\n","protected":false},"excerpt":{"rendered":"<p>Se han realizado m\u00e1s de 30 actividades relativas al comercio formal de le\u00f1a y fiscalizaci\u00f3n de calderas en industrias y calefacci\u00f3n.<\/p>\n","protected":false},"author":9,"featured_media":24251,"comment_status":"open","ping_status":"open","sticky":false,"template":"","format":"standard","meta":{"footnotes":""},"categories":[90,107,226,235],"tags":[],"class_list":["post-24252","post","type-post","status-publish","format-standard","has-post-thumbnail","hentry","category-comunicados-noticias","category-destacado","category-macrozona-sur","category-nuble"],"_links":{"self":[{"href":"https:\/\/portal.sma.gob.cl\/index.php\/wp-json\/wp\/v2\/posts\/24252","targetHints":{"allow":["GET"]}}],"collection":[{"href":"https:\/\/portal.sma.gob.cl\/index.php\/wp-json\/wp\/v2\/posts"}],"about":[{"href":"https:\/\/portal.sma.gob.cl\/index.php\/wp-json\/wp\/v2\/types\/post"}],"author":[{"embeddable":true,"href":"https:\/\/portal.sma.gob.cl\/index.php\/wp-json\/wp\/v2\/users\/9"}],"replies":[{"embeddable":true,"href":"https:\/\/portal.sma.gob.cl\/index.php\/wp-json\/wp\/v2\/comments?post=24252"}],"version-history":[{"count":3,"href":"https:\/\/portal.sma.gob.cl\/index.php\/wp-json\/wp\/v2\/posts\/24252\/revisions"}],"predecessor-version":[{"id":24255,"href":"https:\/\/portal.sma.gob.cl\/index.php\/wp-json\/wp\/v2\/posts\/24252\/revisions\/24255"}],"wp:featuredmedia":[{"embeddable":true,"href":"https:\/\/portal.sma.gob.cl\/index.php\/wp-json\/wp\/v2\/media\/24251"}],"wp:attachment":[{"href":"https:\/\/portal.sma.gob.cl\/index.php\/wp-json\/wp\/v2\/media?parent=24252"}],"wp:term":[{"taxonomy":"category","embeddable":true,"href":"https:\/\/portal.sma.gob.cl\/index.php\/wp-json\/wp\/v2\/categories?post=24252"},{"taxonomy":"post_tag","embeddable":true,"href":"https:\/\/portal.sma.gob.cl\/index.php\/wp-json\/wp\/v2\/tags?post=24252"}],"curies":[{"name":"wp","href":"https:\/\/api.w.org\/{rel}","templated":true}]}}