{"id":24275,"date":"2022-05-30T11:29:24","date_gmt":"2022-05-30T15:29:24","guid":{"rendered":"https:\/\/portal.sma.gob.cl\/?p=24275"},"modified":"2022-07-18T17:11:05","modified_gmt":"2022-07-18T21:11:05","slug":"sma-dicta-medidas-urgentes-y-transitorias-contra-compania-minera-del-pacifico","status":"publish","type":"post","link":"https:\/\/portal.sma.gob.cl\/index.php\/sma-dicta-medidas-urgentes-y-transitorias-contra-compania-minera-del-pacifico\/","title":{"rendered":"SMA dicta medidas urgentes y transitorias contra Compa\u00f1\u00eda Minera del Pac\u00edfico"},"content":{"rendered":"<p><strong>Tras constatar en una actividad de inspecci\u00f3n ambiental efectuada por la Oficina Regional de Atacama de la SMA, al proyecto minero, el cuerpo en estado de descomposici\u00f3n de un Guanaco, sin que este incidente fuese informado a la Superintendencia del Medio Ambiente, en el contexto del Reporte de Avisos, Contingencias e Incidentes a trav\u00e9s del Sistema de Seguimiento Ambiental (SSA) que la empresa debe cumplir.<\/strong><\/p>\n<p><strong>Atacama, 30 de mayo de 2022. <\/strong>La Superintendencia del Medio Ambiente (SMA) orden\u00f3 Medidas Urgentes y Transitorias (MUT) al proyecto: \u201cEIA Ampliaci\u00f3n y Mejoras Operacionales en Mina Los Colorados\u201d cuyo titular es Compa\u00f1\u00eda Minera del Pac\u00edfico S.A., ubicado en la comuna de Huasco, regi\u00f3n de Atacama, esto luego de que en el marco de la actividad de fiscalizaci\u00f3n del Programa de Cumplimiento (PdC) vigente que debe cumplir este titular, se constatara la afectaci\u00f3n de un individuo de la especie <em>Lama guanicoe<\/em> (Guanaco), animal que fue encontrado en estado de descomposici\u00f3n y con heridas efectuadas al ser consumido por otros animales silvestres. Dicho ejemplar se encontraba a un costado del camino de acceso a muro de protecci\u00f3n de botadero de Est\u00e9riles Suroeste del proyecto.<\/p>\n<p>Al respecto, el Superintendente del Medio Ambiente (S), Emanuel Ibarra explic\u00f3 que \u201cConsiderando que existe un riesgo ambiental asociado a la especie y teniendo presente el alto grado de sensibilidad producto de las singularidades de la misma en el ecosistema sobre el que se inserta este proyecto minero, es que hemos dictado estas medidas que deben ser cumplidas en un plazo de 30 d\u00edas h\u00e1biles por la Compa\u00f1\u00eda Minera del Pac\u00edfico S.A.\u201d, indic\u00f3 la autoridad.<\/p>\n<p>Las cuatro medidas ordenadas al titular consisten en primer lugar<strong> en el dise\u00f1o, ejecuci\u00f3n y verificaci\u00f3n de un programa de monitoreo de guanacos <\/strong>en caminos de acceso al sector muro de contenci\u00f3n de obras hidr\u00e1ulicas de Botadero de Est\u00e9riles Suroeste donde fue constatado ejemplar de Guanaco muerto, incluyendo todos aquellos caminos asociados a dicho botadero y otros aleda\u00f1os al proyecto.<\/p>\n<p>En segundo lugar, se orden\u00f3 la <strong>instalaci\u00f3n de se\u00f1al\u00e9tica<\/strong> a lo largo del camino de acceso hacia el sector muro de contenci\u00f3n de obras hidr\u00e1ulicas de Botadero de Est\u00e9riles Suroeste, que indique precauci\u00f3n por presencia de fauna silvestre y restricci\u00f3n de velocidad a 40 km\/hr.<\/p>\n<p>Como tercera medida se le requiri\u00f3 a la empresa la <strong>restricci\u00f3n de velocidad de tr\u00e1nsito<\/strong> en caminos de acceso al sector muro de contenci\u00f3n de obras hidr\u00e1ulicas de Botadero de Est\u00e9riles Suroeste, as\u00ed como en todos los caminos aleda\u00f1os al proyecto, a 40 km\/hr.<\/p>\n<p>Finalmente, como cuarta medida se orden\u00f3 al titular <strong>actualizar el plan de prevenci\u00f3n de contingencias y emergencias ambientales<\/strong> de la Mina Los Colorados, en el marco de la Resoluci\u00f3n Exenta N\u00b01610, de 2018, de la SMA, plan cuya \u00faltima versi\u00f3n es de agosto de 2019, que deber\u00e1 incluir dentro de los componentes ambientales a la fauna y detallar todas las medidas (protocolo) que eviten en el futuro eventos como el que dio origen a la presente medida.<\/p>\n<p>Por su parte, Felipe S\u00e1nchez, jefe de la Oficina Regional SMA de Atacama explic\u00f3 que \u201cla especie <em>Lama guanicoe<\/em> (Guanaco), y en espec\u00edfico la subespecie <em>Lama guanicoe cacsilensis<\/em> que habita en el norte de Chile, forma poblaciones relictas (remanentes) con una distribuci\u00f3n y abundancia muy reducida en comparaci\u00f3n a su estado original, lo cual le confiere a esta especie una gran relevancia ambiental, por lo cual es fundamental su protecci\u00f3n y conservaci\u00f3n. M\u00e1s a\u00fan cuando los \u00faltimos estudios demuestran que la poblaci\u00f3n en dicho territorio ha disminuido en un 58%, lo que nos llama a redoblar los esfuerzos para detener esta reducci\u00f3n mediante las herramientas de fiscalizaci\u00f3n que nos entrega nuestra legislaci\u00f3n\u201d, indic\u00f3.<\/p>\n<p>Cabe destacar que, el proyecto \u201cEIA Ampliaci\u00f3n y Mejoras Operacionales en Mina Los Colorados\u201d fue calificado ambientalmente favorable mediante la Resoluci\u00f3n Exenta N\u00b0246 del a\u00f1o 2010 (en adelante, \u201cRCA N\u00b0246\/2010\u201d) y corresponde a uno de los cinco proyectos de la Unidad Fiscalizable \u201cCMP &#8211; Los Colorados\u201d.<\/p>\n<p>El proyecto consiste en la expansi\u00f3n del rajo y la incorporaci\u00f3n de nuevas instalaciones y equipos mineros para lograr el aumento de extracci\u00f3n y tratamiento de minerales de hierro, aumentando la capacidad de producci\u00f3n de preconcentrado de hierro en Mina Los Colorados a 9,15 millones de toneladas anuales, partiendo de los 6,5 Mt\/a\u00f1o actuales, lo que implica elevar la capacidad de tratamiento de minerales mediante la instalaci\u00f3n de una nueva planta, paralela a las instalaciones actuales, con una capacidad de producci\u00f3n de 3,35 Mt\/a\u00f1o.<\/p>\n<p>*Para obtener mayores detalles de este caso, puede acceder al expediente de Medidas Urgentes y Transitorias en el Sistema Nacional de Informaci\u00f3n de Fiscalizaci\u00f3n Ambiental (SNIFA): <a href=\"https:\/\/snifa.sma.gob.cl\/MedidaProvisional\/Ficha\/341\">https:\/\/snifa.sma.gob.cl\/MedidaProvisional\/Ficha\/341<\/a><\/p>\n","protected":false},"excerpt":{"rendered":"<p>Tras constatar en una actividad de inspecci\u00f3n ambiental efectuada por la Oficina Regional de Atacama de la SMA, al proyecto minero, el cuerpo en estado de descomposici\u00f3n de un Guanaco, sin que este incidente fuese informado a la Superintendencia del Medio Ambiente, en el contexto del Reporte de Avisos, Contingencias e Incidentes a trav\u00e9s del Sistema <a href=\"https:\/\/portal.sma.gob.cl\/index.php\/sma-dicta-medidas-urgentes-y-transitorias-contra-compania-minera-del-pacifico\/\">Leer m\u00e1s<\/a><\/p>\n","protected":false},"author":8,"featured_media":24278,"comment_status":"open","ping_status":"open","sticky":false,"template":"","format":"standard","meta":{"footnotes":""},"categories":[228,90,107,224],"tags":[],"class_list":["post-24275","post","type-post","status-publish","format-standard","has-post-thumbnail","hentry","category-atacama","category-comunicados-noticias","category-destacado","category-macrozona-norte"],"_links":{"self":[{"href":"https:\/\/portal.sma.gob.cl\/index.php\/wp-json\/wp\/v2\/posts\/24275","targetHints":{"allow":["GET"]}}],"collection":[{"href":"https:\/\/portal.sma.gob.cl\/index.php\/wp-json\/wp\/v2\/posts"}],"about":[{"href":"https:\/\/portal.sma.gob.cl\/index.php\/wp-json\/wp\/v2\/types\/post"}],"author":[{"embeddable":true,"href":"https:\/\/portal.sma.gob.cl\/index.php\/wp-json\/wp\/v2\/users\/8"}],"replies":[{"embeddable":true,"href":"https:\/\/portal.sma.gob.cl\/index.php\/wp-json\/wp\/v2\/comments?post=24275"}],"version-history":[{"count":2,"href":"https:\/\/portal.sma.gob.cl\/index.php\/wp-json\/wp\/v2\/posts\/24275\/revisions"}],"predecessor-version":[{"id":24277,"href":"https:\/\/portal.sma.gob.cl\/index.php\/wp-json\/wp\/v2\/posts\/24275\/revisions\/24277"}],"wp:featuredmedia":[{"embeddable":true,"href":"https:\/\/portal.sma.gob.cl\/index.php\/wp-json\/wp\/v2\/media\/24278"}],"wp:attachment":[{"href":"https:\/\/portal.sma.gob.cl\/index.php\/wp-json\/wp\/v2\/media?parent=24275"}],"wp:term":[{"taxonomy":"category","embeddable":true,"href":"https:\/\/portal.sma.gob.cl\/index.php\/wp-json\/wp\/v2\/categories?post=24275"},{"taxonomy":"post_tag","embeddable":true,"href":"https:\/\/portal.sma.gob.cl\/index.php\/wp-json\/wp\/v2\/tags?post=24275"}],"curies":[{"name":"wp","href":"https:\/\/api.w.org\/{rel}","templated":true}]}}