{"id":24296,"date":"2022-05-31T12:15:08","date_gmt":"2022-05-31T16:15:08","guid":{"rendered":"https:\/\/portal.sma.gob.cl\/?p=24296"},"modified":"2022-07-15T13:06:23","modified_gmt":"2022-07-15T17:06:23","slug":"plan-de-descontaminacion-talca-maule-sma-intensifica-fiscalizacion-tras-17-dias-de-episodios-criticos-en-lo-que-va-del-ano","status":"publish","type":"post","link":"https:\/\/portal.sma.gob.cl\/index.php\/plan-de-descontaminacion-talca-maule-sma-intensifica-fiscalizacion-tras-17-dias-de-episodios-criticos-en-lo-que-va-del-ano\/","title":{"rendered":"Plan de Descontaminaci\u00f3n Talca-Maule: SMA intensifica fiscalizaci\u00f3n tras 17 d\u00edas de episodios cr\u00edticos en lo que va del a\u00f1o"},"content":{"rendered":"<p><strong>Se han realizado 16 actividades relativas principalmente a la fiscalizaci\u00f3n de calderas industriales y de calefacci\u00f3n, entre otras medidas.<\/strong><!--more--><\/p>\n<p><strong>Talca, 31 de mayo de 2022.<\/strong> Desde inicios de abril, cuando comienza el per\u00edodo de Gesti\u00f3n de Episodios Cr\u00edticos (GEC) en el PDA para las comunas de Talca Maule se han decretado 17 episodios cr\u00edticos, siendo 10 Alertas, 6 Preemergencias y 2 Emergencias, estos corresponden a un 25% de los episodios declarados en el periodo anterior (a\u00f1o 2021 se declararon 67 d\u00edas con episodios cr\u00edticos, siendo 22 correspondieron Alertas, 31 Preemergencias y 14 Emergencias). La Direcci\u00f3n Meteorol\u00f3gica de Chile emiti\u00f3 durante esta semana una advertencia por heladas que afectar\u00e1n a cinco regiones, entre ellas la del Maule \u2014con temperaturas m\u00ednimas pronosticadas entre -4 y -2\u00b0C\u2014, lo cual favorece la inversi\u00f3n t\u00e9rmica en la ciudad y, por ende, la concentraci\u00f3n de material particulado respirable.<\/p>\n<p><strong>\u201cEn los d\u00edas de episodios cr\u00edticos, como el de emergencia ambiental decretada hoy, nuestro equipo Regional de la SMA intensifica la fiscalizaci\u00f3n en terreno de las medidas del Plan de Descontaminaci\u00f3n Atmosf\u00e9rica (PDA), especialmente las referidas al control de emisiones de contaminantes en calderas mayores a 75 kWt, compensaci\u00f3n de emisiones, entre otras medidas\u201d<\/strong>, explica <strong>Mariela Valenzuela, jefa de la Oficina Regional del Maule<\/strong> de la Superintendencia del Medio Ambiente (SMA).<\/p>\n<p>El Plan, considera medidas estructurales que tienen como objetivo disminuir en forma gradual las concentraciones de contaminaci\u00f3n que afectan la zona, que son fiscalizadas por la Superintendencia del Medio Ambiente. Tambi\u00e9n contiene medidas de control en el periodo de Gesti\u00f3n de Episodios Cr\u00edticos GEC, que son de aplicaci\u00f3n inmediata, que buscan bajar en forma dr\u00e1stica los altos niveles de contaminaci\u00f3n, y que est\u00e1n a cargo de la Seremi de Salud.<\/p>\n<h3>Fiscalizaciones y hallazgos<\/h3>\n<p>La Superintendencia del Medio Ambiente SMA se encuentra fiscalizando parte de las 109 medidas contenidas en el Plan de Descontaminaci\u00f3n Atmosf\u00e9rica, y que se intensifican en el periodo GEC, comprendido entre el 1 de abril y el 30 de septiembre.<br \/>\nDurante este a\u00f1o,<strong> se han realizado 16 fiscalizaciones,<\/strong> tanto a fuentes industriales, especialmente a aquellas que presentan denuncias ciudadanas, como a programas de compensaci\u00f3n de emisiones de material Particulado.<\/p>\n<p>Cabe se\u00f1alar que, desde la entrada en vigencia del Plan el a\u00f1o 2016, la Superintendencia del Medio Ambiente, ha<strong> ejecutado m\u00e1s de 340 fiscalizaciones ambientales.<\/strong> Este a\u00f1o la fiscalizaci\u00f3n se concentra en las medidas de control de l\u00edmites de emisi\u00f3n en calderas y programas de compensaci\u00f3n de emisiones.<\/p>\n<p>Durante toda la pandemia, y especialmente en este a\u00f1o de mayor reapertura, \u201cla SMA seguir\u00e1 fiscalizando y aplicando las medidas de restricci\u00f3n estipuladas en el PDA. Sin embargo, es de suma importancia que la comunidad tome conciencia de su rol en la soluci\u00f3n a este problema, inform\u00e1ndose de los pron\u00f3sticos de calidad del aire que se publican diariamente en las redes sociales de la Seremi del Medio Ambiente del Maule y en las p\u00e1ginas web airechile.mma.gob.cl , respetando las restricciones y siguiendo las recomendaciones entregadas por la autoridad. Queremos que toda la ciudadan\u00eda pueda contribuir a una mejor calidad del aire en las comunas de Talca y Maule, disminuyendo los \u00edndices de contaminaci\u00f3n atmosf\u00e9rica sobre todo en d\u00edas de bajas temperaturas\u201d, finaliza la encargada regional.<\/p>\n","protected":false},"excerpt":{"rendered":"<p>Se han realizado 16 actividades relativas principalmente a la fiscalizaci\u00f3n de calderas industriales y de calefacci\u00f3n, entre otras medidas.<\/p>\n","protected":false},"author":9,"featured_media":24300,"comment_status":"open","ping_status":"open","sticky":false,"template":"","format":"standard","meta":{"footnotes":""},"categories":[90,107,225,234],"tags":[],"class_list":["post-24296","post","type-post","status-publish","format-standard","has-post-thumbnail","hentry","category-comunicados-noticias","category-destacado","category-macrozona-centro","category-maule"],"_links":{"self":[{"href":"https:\/\/portal.sma.gob.cl\/index.php\/wp-json\/wp\/v2\/posts\/24296","targetHints":{"allow":["GET"]}}],"collection":[{"href":"https:\/\/portal.sma.gob.cl\/index.php\/wp-json\/wp\/v2\/posts"}],"about":[{"href":"https:\/\/portal.sma.gob.cl\/index.php\/wp-json\/wp\/v2\/types\/post"}],"author":[{"embeddable":true,"href":"https:\/\/portal.sma.gob.cl\/index.php\/wp-json\/wp\/v2\/users\/9"}],"replies":[{"embeddable":true,"href":"https:\/\/portal.sma.gob.cl\/index.php\/wp-json\/wp\/v2\/comments?post=24296"}],"version-history":[{"count":1,"href":"https:\/\/portal.sma.gob.cl\/index.php\/wp-json\/wp\/v2\/posts\/24296\/revisions"}],"predecessor-version":[{"id":24297,"href":"https:\/\/portal.sma.gob.cl\/index.php\/wp-json\/wp\/v2\/posts\/24296\/revisions\/24297"}],"wp:featuredmedia":[{"embeddable":true,"href":"https:\/\/portal.sma.gob.cl\/index.php\/wp-json\/wp\/v2\/media\/24300"}],"wp:attachment":[{"href":"https:\/\/portal.sma.gob.cl\/index.php\/wp-json\/wp\/v2\/media?parent=24296"}],"wp:term":[{"taxonomy":"category","embeddable":true,"href":"https:\/\/portal.sma.gob.cl\/index.php\/wp-json\/wp\/v2\/categories?post=24296"},{"taxonomy":"post_tag","embeddable":true,"href":"https:\/\/portal.sma.gob.cl\/index.php\/wp-json\/wp\/v2\/tags?post=24296"}],"curies":[{"name":"wp","href":"https:\/\/api.w.org\/{rel}","templated":true}]}}