{"id":24317,"date":"2022-06-02T19:28:49","date_gmt":"2022-06-02T23:28:49","guid":{"rendered":"https:\/\/portal.sma.gob.cl\/?p=24317"},"modified":"2022-07-18T17:08:34","modified_gmt":"2022-07-18T21:08:34","slug":"ministra-del-medio-ambiente-visita-dependencias-de-la-sma","status":"publish","type":"post","link":"https:\/\/portal.sma.gob.cl\/index.php\/ministra-del-medio-ambiente-visita-dependencias-de-la-sma\/","title":{"rendered":"Ministra del Medio Ambiente visita dependencias de la SMA"},"content":{"rendered":"<p><strong>La secretaria de Estado, Maisa Rojas recorri\u00f3 las principales \u00e1reas de la SMA y sostuvo una reuni\u00f3n con todo el funcionariado de la Instituci\u00f3n.<\/strong><\/p>\n<p><strong>Santiago, 02 de junio de 2022.<\/strong>\u00a0La ministra del Medio Ambiente, Maisa Rojas visit\u00f3 esta ma\u00f1ana las dependencias de la Superintendencia del Medio Ambiente (SMA) junto a su jefa de gabinete, Violeta Rabi para dar un saludo oficial al funcionariado de nuestra Instituci\u00f3n. La jefa de la cartera del Medio Ambiente recorri\u00f3 todas las \u00e1reas del Nivel Central donde pudo conocer a los distintos equipos que conforman las dependencias de la casa matriz de la SMA.<\/p>\n<p>Posterior a este recorrido, la ministra Rojas particip\u00f3 en compa\u00f1\u00eda del Superintendente del Medio Ambiente (S), Emanuel Ibarra, de una reuni\u00f3n que se desarroll\u00f3 mediante videollamada con toda la organizaci\u00f3n, instancia donde dio a conocer las principales l\u00edneas de acci\u00f3n del ministerio. \u201cEstamos impulsando una transici\u00f3n ecol\u00f3gica justa cuya finalidad es el bienestar de los chilenos y chilenas\u201d, destac\u00f3 y quien agreg\u00f3 que \u201ctodas las personas que vienen a la Superintendencia se quedan con una muy buena impresi\u00f3n del nivel t\u00e9cnico y profesi\u00f3n que hay, y eso me deja muy contenta del buen nivel que existe\u201d.<\/p>\n<p>Por su parte, el Superintendente del Medio Ambiente (S), Emanuel Ibarra, agradeci\u00f3 la visita de la ministra y destac\u00f3 que \u201ctodas las funcionarias y funcionarios de la SMA son personas muy comprometidas con su trabajo. Contamos con una dotaci\u00f3n que se desempe\u00f1a con mucha carga laboral, con mucha demanda ciudadana, pero siempre con un gran impulso para sacar adelante todo el trabajo de nuestra organizaci\u00f3n\u201d, destac\u00f3.<\/p>\n<p>Finalizada la videollamada, el jefe del servicio realiz\u00f3 una presentaci\u00f3n a la ministra Rojas, que tambi\u00e9n cont\u00f3 con la presencia del subsecretario de Ministerio del Medio Ambiente, Maximiliano Proa\u00f1o, donde se revisaron los temas que se relacionan con las agendas de ambas instituciones.<\/p>\n<p>En la reuni\u00f3n tambi\u00e9n se destac\u00f3 la certificaci\u00f3n que obtuvo hace pocos d\u00edas la SMA, en el marco de la norma chilena sobre equidad de g\u00e9nero, y adem\u00e1s se puntualiz\u00f3 en la necesidad de mayores recursos que requiere la Instituci\u00f3n, principalmente para enfrentar los desaf\u00edos relacionados con la nueva normativa, esto es, impuestos verdes \u2013 compensaci\u00f3n de emisiones, Ley REP, Ley Marco de Cambio Clim\u00e1tico, entre otras.<\/p>\n","protected":false},"excerpt":{"rendered":"<p>La secretaria de Estado, Maisa Rojas recorri\u00f3 las principales \u00e1reas de la SMA y sostuvo una reuni\u00f3n con todo el funcionariado de la Instituci\u00f3n. Santiago, 02 de junio de 2022.\u00a0La ministra del Medio Ambiente, Maisa Rojas visit\u00f3 esta ma\u00f1ana las dependencias de la Superintendencia del Medio Ambiente (SMA) junto a su jefa de gabinete, Violeta Rabi <a href=\"https:\/\/portal.sma.gob.cl\/index.php\/ministra-del-medio-ambiente-visita-dependencias-de-la-sma\/\">Leer m\u00e1s<\/a><\/p>\n","protected":false},"author":8,"featured_media":24320,"comment_status":"open","ping_status":"open","sticky":false,"template":"","format":"standard","meta":{"footnotes":""},"categories":[107,225,232,94],"tags":[],"class_list":["post-24317","post","type-post","status-publish","format-standard","has-post-thumbnail","hentry","category-destacado","category-macrozona-centro","category-metropolitana","category-notas-noticias"],"_links":{"self":[{"href":"https:\/\/portal.sma.gob.cl\/index.php\/wp-json\/wp\/v2\/posts\/24317","targetHints":{"allow":["GET"]}}],"collection":[{"href":"https:\/\/portal.sma.gob.cl\/index.php\/wp-json\/wp\/v2\/posts"}],"about":[{"href":"https:\/\/portal.sma.gob.cl\/index.php\/wp-json\/wp\/v2\/types\/post"}],"author":[{"embeddable":true,"href":"https:\/\/portal.sma.gob.cl\/index.php\/wp-json\/wp\/v2\/users\/8"}],"replies":[{"embeddable":true,"href":"https:\/\/portal.sma.gob.cl\/index.php\/wp-json\/wp\/v2\/comments?post=24317"}],"version-history":[{"count":1,"href":"https:\/\/portal.sma.gob.cl\/index.php\/wp-json\/wp\/v2\/posts\/24317\/revisions"}],"predecessor-version":[{"id":24318,"href":"https:\/\/portal.sma.gob.cl\/index.php\/wp-json\/wp\/v2\/posts\/24317\/revisions\/24318"}],"wp:featuredmedia":[{"embeddable":true,"href":"https:\/\/portal.sma.gob.cl\/index.php\/wp-json\/wp\/v2\/media\/24320"}],"wp:attachment":[{"href":"https:\/\/portal.sma.gob.cl\/index.php\/wp-json\/wp\/v2\/media?parent=24317"}],"wp:term":[{"taxonomy":"category","embeddable":true,"href":"https:\/\/portal.sma.gob.cl\/index.php\/wp-json\/wp\/v2\/categories?post=24317"},{"taxonomy":"post_tag","embeddable":true,"href":"https:\/\/portal.sma.gob.cl\/index.php\/wp-json\/wp\/v2\/tags?post=24317"}],"curies":[{"name":"wp","href":"https:\/\/api.w.org\/{rel}","templated":true}]}}