{"id":24330,"date":"2022-06-03T14:33:21","date_gmt":"2022-06-03T18:33:21","guid":{"rendered":"https:\/\/portal.sma.gob.cl\/?p=24330"},"modified":"2023-09-07T15:32:30","modified_gmt":"2023-09-07T18:32:30","slug":"sma-dicta-primer-taller-de-asistencia-al-cumplimiento-en-el-marco-de-la-resolucion-exenta-no343-2022-sobre-reporte-de-datos-estandarizados-de-biodiversidad","status":"publish","type":"post","link":"https:\/\/portal.sma.gob.cl\/index.php\/sma-dicta-primer-taller-de-asistencia-al-cumplimiento-en-el-marco-de-la-resolucion-exenta-no343-2022-sobre-reporte-de-datos-estandarizados-de-biodiversidad\/","title":{"rendered":"SMA dicta primer taller de Asistencia al Cumplimiento en el marco del reporte de datos estandarizados de Biodiversidad"},"content":{"rendered":"<p><strong>La actividad busc\u00f3 abordar el cumplimiento con la instrucci\u00f3n de la R.E. 343 de 2022, junto con ntregar orientaciones para el llenado de las planillas de reporte, en los formatos que se encuentran disponibles en el <a href=\"https:\/\/ssa.sma.gob.cl\/\">Sistema de Seguimiento Ambiental de la SMA<\/a>.<\/strong><\/p>\n<p><strong>Santiago, 03 de junio de 2022.- <\/strong>Durante la jornada de la ma\u00f1ana del d\u00eda martes 31 de mayo de 2022, la Superintendencia del Medio Ambiente (SMA) realiz\u00f3 el Primer Taller de Asistencia al Cumplimiento en el marco de la Resoluci\u00f3n Exenta N\u00ba343, del 05 de abril de 2022, que <strong>&#8220;Dicta instrucciones para la elaboraci\u00f3n y remisi\u00f3n de informes de seguimiento ambiental del componente ambiental biodiversidad para los proyectos que cuentan con Resoluci\u00f3n de Calificaci\u00f3n Ambiental&#8221;<\/strong>. El objetivo de la actividad fue abordar el contexto general de la Instrucci\u00f3n, adem\u00e1s de entregar orientaciones para el llenado de las planillas de reporte, en los formatos que se encuentran disponibles en el <a href=\"https:\/\/ssa.sma.gob.cl\/\">Sistema de Seguimiento Ambiental de la SMA<\/a>.<\/p>\n<p>Jorge G\u00f3mez, jefe de la Secci\u00f3n de Mejoramiento Continuo de la Divisi\u00f3n de Seguimiento e Informaci\u00f3n Ambiental (DSI) de la SMA, abri\u00f3 el taller haciendo hincapi\u00e9 en los ejes de gobierno en materia ambiental, tales como: Cambio Clim\u00e1tico, \u00c1reas Protegidas y Humedales, Escasez H\u00eddrica y Proyectos Inmobiliarios, se\u00f1alando que todos se relacionan significativamente con el componente Biodiversidad, lo que lo vuelve prioritario para esta Superintendencia. \u201cUno de los ejes fundamentales para abordar esta tem\u00e1tica es a trav\u00e9s de la estandarizaci\u00f3n de informaci\u00f3n, lo que permite facilitar su gesti\u00f3n y fiscalizaci\u00f3n. Adem\u00e1s, es necesario relevar el trabajo interinstitucional que se ha desarrollado en el marco de esta instrucci\u00f3n con la participaci\u00f3n del Ministerio del Medio Ambiente, y de Organismos Sectoriales, entre los cuales se encuentra la Corporaci\u00f3n Nacional Forestal (CONAF)\u201d, destac\u00f3.<\/p>\n<p>Por otra parte, Gloria Gallegos, profesional de la misma secci\u00f3n y coordinadora del Componente Biodiversidad, destac\u00f3 la relevancia que ha tenido el trabajo realizado tanto por la SMA, como tambi\u00e9n por los Organismos Sectoriales, en la fiscalizaci\u00f3n de Resoluciones de Calificaci\u00f3n Ambiental (RCA), y la revisi\u00f3n de Informes de Seguimiento Ambiental asociados a dichas resoluciones. Seg\u00fan lo indicado en el Taller \u201cgracias al trabajo realizado se detect\u00f3 una oportunidad de mejora, dada por la necesidad de contar con datos estructurados y sistematizados de la componente ambiental Biodiversidad, que permitan evaluar el comportamiento en el tiempo de las variables consideradas en la evaluaci\u00f3n ambiental de los proyectos de inversi\u00f3n, y por consiguiente, tener la posibilidad de actuar oportunamente en caso de detectar desviaciones asociadas al tema\u201d, sostuvo.<\/p>\n<p>Finalmente, Francisco Donoso, coordinador de la Oficina de Inteligencia Ambiental de DSI, present\u00f3 las obligaciones establecidas en la Instrucci\u00f3n, adem\u00e1s de directrices generales en el uso de los formatos establecidos. Al respecto, se\u00f1al\u00f3 que, \u201cpara cumplir correctamente lo instruido en esta resoluci\u00f3n, la SMA dispondr\u00e1 de material audiovisual que los titulares afectos podr\u00e1n hacer uso para el llenado de las planillas de reporte, a la vez que se anunciar\u00e1n oportunamente de nuevas instancias de asistencia t\u00e9cnica y capacitaci\u00f3n donde podr\u00e1n ser abordadas preguntas espec\u00edficas ante casos particulares. El uso de estos nuevos recursos permitir\u00e1 que la informaci\u00f3n remitida tenga altos est\u00e1ndares de calidad tanto para uso de la SMA (actividades de seguimiento, fiscalizaciones, entre otros), como el de otras instituciones p\u00fablicas con competencia ambiental, adem\u00e1s del mundo acad\u00e9mico y otros actores interesados en el \u00e1mbito de la biodiversidad\u201d, inform\u00f3.<\/p>\n<p>El taller cont\u00f3 con la asistencia de m\u00e1s de 900 personas, quienes tuvieron la posibilidad de realizar consultas que abordaron diversas tem\u00e1ticas, tales como aspectos formales de la instrucci\u00f3n, el alcance de esta, entre otros. La jornada puede ser revisada \u00edntegramente en el canal de YouTube de la SMA en el siguiente <a href=\"https:\/\/www.youtube.com\/watch?v=cW4ZxjYdbuA&amp;t=9262s\">enlace<\/a>.<\/p>\n<div class=\"video-shortcode\"><iframe title=\"Taller de asistencia al cumplimiento: Formatos estandarizados de biodiversidad (RE 343\/2022)\" width=\"1100\" height=\"619\" src=\"https:\/\/www.youtube.com\/embed\/cW4ZxjYdbuA?start=9262&#038;feature=oembed\" frameborder=\"0\" allow=\"accelerometer; autoplay; clipboard-write; encrypted-media; gyroscope; picture-in-picture\" allowfullscreen><\/iframe><\/div>\n","protected":false},"excerpt":{"rendered":"<p>La actividad busc\u00f3 abordar el cumplimiento con la instrucci\u00f3n de la R.E. 343 de 2022, junto con ntregar orientaciones para el llenado de las planillas de reporte, en los formatos que se encuentran disponibles en el Sistema de Seguimiento Ambiental de la SMA. Santiago, 03 de junio de 2022.- Durante la jornada de la ma\u00f1ana del <a href=\"https:\/\/portal.sma.gob.cl\/index.php\/sma-dicta-primer-taller-de-asistencia-al-cumplimiento-en-el-marco-de-la-resolucion-exenta-no343-2022-sobre-reporte-de-datos-estandarizados-de-biodiversidad\/\">Leer m\u00e1s<\/a><\/p>\n","protected":false},"author":8,"featured_media":24345,"comment_status":"open","ping_status":"open","sticky":false,"template":"","format":"standard","meta":{"footnotes":""},"categories":[107,225,232],"tags":[],"class_list":["post-24330","post","type-post","status-publish","format-standard","has-post-thumbnail","hentry","category-destacado","category-macrozona-centro","category-metropolitana"],"_links":{"self":[{"href":"https:\/\/portal.sma.gob.cl\/index.php\/wp-json\/wp\/v2\/posts\/24330","targetHints":{"allow":["GET"]}}],"collection":[{"href":"https:\/\/portal.sma.gob.cl\/index.php\/wp-json\/wp\/v2\/posts"}],"about":[{"href":"https:\/\/portal.sma.gob.cl\/index.php\/wp-json\/wp\/v2\/types\/post"}],"author":[{"embeddable":true,"href":"https:\/\/portal.sma.gob.cl\/index.php\/wp-json\/wp\/v2\/users\/8"}],"replies":[{"embeddable":true,"href":"https:\/\/portal.sma.gob.cl\/index.php\/wp-json\/wp\/v2\/comments?post=24330"}],"version-history":[{"count":6,"href":"https:\/\/portal.sma.gob.cl\/index.php\/wp-json\/wp\/v2\/posts\/24330\/revisions"}],"predecessor-version":[{"id":27952,"href":"https:\/\/portal.sma.gob.cl\/index.php\/wp-json\/wp\/v2\/posts\/24330\/revisions\/27952"}],"wp:featuredmedia":[{"embeddable":true,"href":"https:\/\/portal.sma.gob.cl\/index.php\/wp-json\/wp\/v2\/media\/24345"}],"wp:attachment":[{"href":"https:\/\/portal.sma.gob.cl\/index.php\/wp-json\/wp\/v2\/media?parent=24330"}],"wp:term":[{"taxonomy":"category","embeddable":true,"href":"https:\/\/portal.sma.gob.cl\/index.php\/wp-json\/wp\/v2\/categories?post=24330"},{"taxonomy":"post_tag","embeddable":true,"href":"https:\/\/portal.sma.gob.cl\/index.php\/wp-json\/wp\/v2\/tags?post=24330"}],"curies":[{"name":"wp","href":"https:\/\/api.w.org\/{rel}","templated":true}]}}