{"id":24332,"date":"2022-06-03T14:30:26","date_gmt":"2022-06-03T18:30:26","guid":{"rendered":"https:\/\/portal.sma.gob.cl\/?p=24332"},"modified":"2022-07-18T17:06:50","modified_gmt":"2022-07-18T21:06:50","slug":"sma-fiscaliza-ruidos-molestos-con-personal-de-municipalidades-de-quilicura-y-recoleta","status":"publish","type":"post","link":"https:\/\/portal.sma.gob.cl\/index.php\/sma-fiscaliza-ruidos-molestos-con-personal-de-municipalidades-de-quilicura-y-recoleta\/","title":{"rendered":"SMA fiscaliza ruidos molestos con personal de municipalidades de Quilicura y Recoleta"},"content":{"rendered":"<p><strong>Las inspecciones buscan abordar denuncias ciudadanas, y a la vez, capacitar a profesionales de medioambiente de ambas casas edilicias en el marco de convenios de colaboraci\u00f3n con la Superintendencia.<\/strong><\/p>\n<p><!--more--><br \/>\n<strong>Santiago, 3 de junio de 2022.<\/strong> La jornada de ayer fue intensa en la fiscalizaci\u00f3n de ruidos en la Regi\u00f3n Metropolitana. Durante la ma\u00f1ana, el equipo de la SMA concurri\u00f3 a Quilicura a fiscalizar denuncias provenientes de ruidos de una construcci\u00f3n. En esa oportunidad, se concurri\u00f3 a los domicilios de las personas afectadas para realizar las mediciones de decibeles junto a personal de dicha municipalidad.<\/p>\n<p>En tanto, por la noche, un equipo de fiscalizadoras de la SMA concurri\u00f3 a fiscalizar al barrio Bellavista, ante denuncias que se reciben por ruidos de distintos locales nocturnos. En la oportunidad, asistieron tambi\u00e9n profesionales de la municipalidad de Recoleta.<\/p>\n<p><strong>\u201cEn ambas fiscalizaciones asistieron profesionales municipales, ya que estamos realizando capacitaciones <em>in situ,<\/em> en el marco de convenios de colaboraci\u00f3n que est\u00e1 firmando la SMA con distintas municipalidades para poder abordar la gran cantidad de denuncias por ruidos molestos que se reciben en el organismo, y que afectan sin duda la calidad de vida de las y los vecinos que deben enfrentar estos ruidos en horarios diurnos y nocturnos. Los municipios pueden ser grandes aliados, porque siempre la gente recurre en primer lugar a ellos, como primer paso de sus denuncias\u201d<\/strong>, explica <strong>Claudia Pastore, encargada de la Secci\u00f3n Ciudad y Territorio<\/strong> de la Divisi\u00f3n de Fiscalizaci\u00f3n y Cumplimiento Ambiental.<\/p>\n<p>En cuanto a la gesti\u00f3n de denuncias, la SMA recibi\u00f3 casi 6.000 el a\u00f1o 2021, y de ese total, el 50% corresponde a tem\u00e1ticas de ruidos molestos. La Regi\u00f3n Metropolitana lidera las denuncias de este tipo, asociadas a obras de construcci\u00f3n, locales nocturnos, centros de eventos, entre otros.<\/p>\n<h3>Fiscalizaci\u00f3n con Municipalidad de Quilicura<\/h3>\n\n\t\t<style type=\"text\/css\">\n\t\t\t#gallery-1 {\n\t\t\t\tmargin: auto;\n\t\t\t}\n\t\t\t#gallery-1 .gallery-item {\n\t\t\t\tfloat: left;\n\t\t\t\tmargin-top: 10px;\n\t\t\t\ttext-align: center;\n\t\t\t\twidth: 20%;\n\t\t\t}\n\t\t\t#gallery-1 img {\n\t\t\t\tborder: 2px solid #cfcfcf;\n\t\t\t}\n\t\t\t#gallery-1 .gallery-caption {\n\t\t\t\tmargin-left: 0;\n\t\t\t}\n\t\t\t\/* see gallery_shortcode() in wp-includes\/media.php *\/\n\t\t<\/style>\n\t\t<div id='gallery-1' class='gallery galleryid-24332 gallery-columns-5 gallery-size-thumbnail'><dl class='gallery-item'>\n\t\t\t<dt class='gallery-icon landscape'>\n\t\t\t\t<a data-rel=\"iLightbox[postimages]\" data-title=\"WhatsApp Image 2022-06-02 at 4.52.01 PM (3)\" data-caption=\"\" href='https:\/\/portal.sma.gob.cl\/whatsapp-image-2022-06-02-at-4-52-01-pm-3\/'><img decoding=\"async\" width=\"150\" height=\"150\" src=\"https:\/\/portal.sma.gob.cl\/wp-content\/uploads\/2022\/06\/WhatsApp-Image-2022-06-02-at-4.52.01-PM-3-150x150.jpeg\" class=\"attachment-thumbnail size-thumbnail\" alt=\"\" srcset=\"https:\/\/portal.sma.gob.cl\/wp-content\/uploads\/2022\/06\/WhatsApp-Image-2022-06-02-at-4.52.01-PM-3-66x66.jpeg 66w, https:\/\/portal.sma.gob.cl\/wp-content\/uploads\/2022\/06\/WhatsApp-Image-2022-06-02-at-4.52.01-PM-3-150x150.jpeg 150w\" sizes=\"(max-width: 150px) 100vw, 150px\" \/><\/a>\n\t\t\t<\/dt><\/dl><dl class='gallery-item'>\n\t\t\t<dt class='gallery-icon landscape'>\n\t\t\t\t<a data-rel=\"iLightbox[postimages]\" data-title=\"WhatsApp Image 2022-06-02 at 4.52.02 PM\" data-caption=\"\" href='https:\/\/portal.sma.gob.cl\/whatsapp-image-2022-06-02-at-4-52-02-pm\/'><img decoding=\"async\" width=\"150\" height=\"150\" src=\"https:\/\/portal.sma.gob.cl\/wp-content\/uploads\/2022\/06\/WhatsApp-Image-2022-06-02-at-4.52.02-PM-150x150.jpeg\" class=\"attachment-thumbnail size-thumbnail\" alt=\"\" srcset=\"https:\/\/portal.sma.gob.cl\/wp-content\/uploads\/2022\/06\/WhatsApp-Image-2022-06-02-at-4.52.02-PM-66x66.jpeg 66w, https:\/\/portal.sma.gob.cl\/wp-content\/uploads\/2022\/06\/WhatsApp-Image-2022-06-02-at-4.52.02-PM-150x150.jpeg 150w\" sizes=\"(max-width: 150px) 100vw, 150px\" \/><\/a>\n\t\t\t<\/dt><\/dl><dl class='gallery-item'>\n\t\t\t<dt class='gallery-icon landscape'>\n\t\t\t\t<a data-rel=\"iLightbox[postimages]\" data-title=\"WhatsApp Image 2022-06-02 at 4.52.03 PM (1)\" data-caption=\"\" href='https:\/\/portal.sma.gob.cl\/whatsapp-image-2022-06-02-at-4-52-03-pm-1\/'><img decoding=\"async\" width=\"150\" height=\"150\" src=\"https:\/\/portal.sma.gob.cl\/wp-content\/uploads\/2022\/06\/WhatsApp-Image-2022-06-02-at-4.52.03-PM-1-150x150.jpeg\" class=\"attachment-thumbnail size-thumbnail\" alt=\"\" srcset=\"https:\/\/portal.sma.gob.cl\/wp-content\/uploads\/2022\/06\/WhatsApp-Image-2022-06-02-at-4.52.03-PM-1-66x66.jpeg 66w, https:\/\/portal.sma.gob.cl\/wp-content\/uploads\/2022\/06\/WhatsApp-Image-2022-06-02-at-4.52.03-PM-1-150x150.jpeg 150w\" sizes=\"(max-width: 150px) 100vw, 150px\" \/><\/a>\n\t\t\t<\/dt><\/dl><dl class='gallery-item'>\n\t\t\t<dt class='gallery-icon landscape'>\n\t\t\t\t<a data-rel=\"iLightbox[postimages]\" data-title=\"WhatsApp Image 2022-06-02 at 4.52.01 PM (1)\" data-caption=\"\" href='https:\/\/portal.sma.gob.cl\/whatsapp-image-2022-06-02-at-4-52-01-pm-1\/'><img decoding=\"async\" width=\"150\" height=\"150\" src=\"https:\/\/portal.sma.gob.cl\/wp-content\/uploads\/2022\/06\/WhatsApp-Image-2022-06-02-at-4.52.01-PM-1-150x150.jpeg\" class=\"attachment-thumbnail size-thumbnail\" alt=\"\" srcset=\"https:\/\/portal.sma.gob.cl\/wp-content\/uploads\/2022\/06\/WhatsApp-Image-2022-06-02-at-4.52.01-PM-1-66x66.jpeg 66w, https:\/\/portal.sma.gob.cl\/wp-content\/uploads\/2022\/06\/WhatsApp-Image-2022-06-02-at-4.52.01-PM-1-150x150.jpeg 150w\" sizes=\"(max-width: 150px) 100vw, 150px\" \/><\/a>\n\t\t\t<\/dt><\/dl><dl class='gallery-item'>\n\t\t\t<dt class='gallery-icon landscape'>\n\t\t\t\t<a data-rel=\"iLightbox[postimages]\" data-title=\"WhatsApp Image 2022-06-02 at 4.52.00 PM (1)\" data-caption=\"\" href='https:\/\/portal.sma.gob.cl\/whatsapp-image-2022-06-02-at-4-52-00-pm-1\/'><img decoding=\"async\" width=\"150\" height=\"150\" src=\"https:\/\/portal.sma.gob.cl\/wp-content\/uploads\/2022\/06\/WhatsApp-Image-2022-06-02-at-4.52.00-PM-1-150x150.jpeg\" class=\"attachment-thumbnail size-thumbnail\" alt=\"\" srcset=\"https:\/\/portal.sma.gob.cl\/wp-content\/uploads\/2022\/06\/WhatsApp-Image-2022-06-02-at-4.52.00-PM-1-66x66.jpeg 66w, https:\/\/portal.sma.gob.cl\/wp-content\/uploads\/2022\/06\/WhatsApp-Image-2022-06-02-at-4.52.00-PM-1-150x150.jpeg 150w\" sizes=\"(max-width: 150px) 100vw, 150px\" \/><\/a>\n\t\t\t<\/dt><\/dl><br style=\"clear: both\" \/>\n\t\t<\/div>\n\n<h3>Fiscalizaci\u00f3n nocturna en Barrio Bellavista con Municipalidad de Recoleta<\/h3>\n\n\t\t<style type=\"text\/css\">\n\t\t\t#gallery-2 {\n\t\t\t\tmargin: auto;\n\t\t\t}\n\t\t\t#gallery-2 .gallery-item {\n\t\t\t\tfloat: left;\n\t\t\t\tmargin-top: 10px;\n\t\t\t\ttext-align: center;\n\t\t\t\twidth: 20%;\n\t\t\t}\n\t\t\t#gallery-2 img {\n\t\t\t\tborder: 2px solid #cfcfcf;\n\t\t\t}\n\t\t\t#gallery-2 .gallery-caption {\n\t\t\t\tmargin-left: 0;\n\t\t\t}\n\t\t\t\/* see gallery_shortcode() in wp-includes\/media.php *\/\n\t\t<\/style>\n\t\t<div id='gallery-2' class='gallery galleryid-24332 gallery-columns-5 gallery-size-thumbnail'><dl class='gallery-item'>\n\t\t\t<dt class='gallery-icon landscape'>\n\t\t\t\t<a data-rel=\"iLightbox[postimages]\" data-title=\"WhatsApp Image 2022-06-03 at 11.59.15 AM (1)\" data-caption=\"\" href='https:\/\/portal.sma.gob.cl\/whatsapp-image-2022-06-03-at-11-59-15-am-1\/'><img decoding=\"async\" width=\"150\" height=\"150\" src=\"https:\/\/portal.sma.gob.cl\/wp-content\/uploads\/2022\/06\/WhatsApp-Image-2022-06-03-at-11.59.15-AM-1-150x150.jpeg\" class=\"attachment-thumbnail size-thumbnail\" alt=\"\" srcset=\"https:\/\/portal.sma.gob.cl\/wp-content\/uploads\/2022\/06\/WhatsApp-Image-2022-06-03-at-11.59.15-AM-1-66x66.jpeg 66w, https:\/\/portal.sma.gob.cl\/wp-content\/uploads\/2022\/06\/WhatsApp-Image-2022-06-03-at-11.59.15-AM-1-150x150.jpeg 150w\" sizes=\"(max-width: 150px) 100vw, 150px\" \/><\/a>\n\t\t\t<\/dt><\/dl><dl class='gallery-item'>\n\t\t\t<dt class='gallery-icon portrait'>\n\t\t\t\t<a data-rel=\"iLightbox[postimages]\" data-title=\"WhatsApp Image 2022-06-03 at 11.59.15 AM (3)\" data-caption=\"\" href='https:\/\/portal.sma.gob.cl\/whatsapp-image-2022-06-03-at-11-59-15-am-3\/'><img decoding=\"async\" width=\"150\" height=\"150\" src=\"https:\/\/portal.sma.gob.cl\/wp-content\/uploads\/2022\/06\/WhatsApp-Image-2022-06-03-at-11.59.15-AM-3-150x150.jpeg\" class=\"attachment-thumbnail size-thumbnail\" alt=\"\" srcset=\"https:\/\/portal.sma.gob.cl\/wp-content\/uploads\/2022\/06\/WhatsApp-Image-2022-06-03-at-11.59.15-AM-3-66x66.jpeg 66w, https:\/\/portal.sma.gob.cl\/wp-content\/uploads\/2022\/06\/WhatsApp-Image-2022-06-03-at-11.59.15-AM-3-150x150.jpeg 150w\" sizes=\"(max-width: 150px) 100vw, 150px\" \/><\/a>\n\t\t\t<\/dt><\/dl><dl class='gallery-item'>\n\t\t\t<dt class='gallery-icon landscape'>\n\t\t\t\t<a data-rel=\"iLightbox[postimages]\" data-title=\"WhatsApp Image 2022-06-03 at 11.59.14 AM\" data-caption=\"\" href='https:\/\/portal.sma.gob.cl\/whatsapp-image-2022-06-03-at-11-59-14-am\/'><img decoding=\"async\" width=\"150\" height=\"150\" src=\"https:\/\/portal.sma.gob.cl\/wp-content\/uploads\/2022\/06\/WhatsApp-Image-2022-06-03-at-11.59.14-AM-150x150.jpeg\" class=\"attachment-thumbnail size-thumbnail\" alt=\"\" srcset=\"https:\/\/portal.sma.gob.cl\/wp-content\/uploads\/2022\/06\/WhatsApp-Image-2022-06-03-at-11.59.14-AM-66x66.jpeg 66w, https:\/\/portal.sma.gob.cl\/wp-content\/uploads\/2022\/06\/WhatsApp-Image-2022-06-03-at-11.59.14-AM-150x150.jpeg 150w\" sizes=\"(max-width: 150px) 100vw, 150px\" \/><\/a>\n\t\t\t<\/dt><\/dl><dl class='gallery-item'>\n\t\t\t<dt class='gallery-icon landscape'>\n\t\t\t\t<a data-rel=\"iLightbox[postimages]\" data-title=\"WhatsApp Image 2022-06-03 at 11.59.14 AM (1)\" data-caption=\"\" href='https:\/\/portal.sma.gob.cl\/whatsapp-image-2022-06-03-at-11-59-14-am-1\/'><img decoding=\"async\" width=\"150\" height=\"150\" src=\"https:\/\/portal.sma.gob.cl\/wp-content\/uploads\/2022\/06\/WhatsApp-Image-2022-06-03-at-11.59.14-AM-1-150x150.jpeg\" class=\"attachment-thumbnail size-thumbnail\" alt=\"\" srcset=\"https:\/\/portal.sma.gob.cl\/wp-content\/uploads\/2022\/06\/WhatsApp-Image-2022-06-03-at-11.59.14-AM-1-66x66.jpeg 66w, https:\/\/portal.sma.gob.cl\/wp-content\/uploads\/2022\/06\/WhatsApp-Image-2022-06-03-at-11.59.14-AM-1-150x150.jpeg 150w\" sizes=\"(max-width: 150px) 100vw, 150px\" \/><\/a>\n\t\t\t<\/dt><\/dl><dl class='gallery-item'>\n\t\t\t<dt class='gallery-icon landscape'>\n\t\t\t\t<a data-rel=\"iLightbox[postimages]\" data-title=\"WhatsApp Image 2022-06-03 at 11.59.13 AM (1)\" data-caption=\"\" href='https:\/\/portal.sma.gob.cl\/whatsapp-image-2022-06-03-at-11-59-13-am-1\/'><img decoding=\"async\" width=\"150\" height=\"150\" src=\"https:\/\/portal.sma.gob.cl\/wp-content\/uploads\/2022\/06\/WhatsApp-Image-2022-06-03-at-11.59.13-AM-1-150x150.jpeg\" class=\"attachment-thumbnail size-thumbnail\" alt=\"\" srcset=\"https:\/\/portal.sma.gob.cl\/wp-content\/uploads\/2022\/06\/WhatsApp-Image-2022-06-03-at-11.59.13-AM-1-66x66.jpeg 66w, https:\/\/portal.sma.gob.cl\/wp-content\/uploads\/2022\/06\/WhatsApp-Image-2022-06-03-at-11.59.13-AM-1-150x150.jpeg 150w\" sizes=\"(max-width: 150px) 100vw, 150px\" \/><\/a>\n\t\t\t<\/dt><\/dl><br style=\"clear: both\" \/>\n\t\t<\/div>\n\n","protected":false},"excerpt":{"rendered":"<p>Las inspecciones buscan abordar denuncias ciudadanas, y a la vez, capacitar a profesionales de medioambiente de ambas casas edilicias en el marco de convenios de colaboraci\u00f3n con la Superintendencia.<\/p>\n","protected":false},"author":9,"featured_media":24336,"comment_status":"open","ping_status":"open","sticky":false,"template":"","format":"standard","meta":{"footnotes":""},"categories":[90,107,225,232],"tags":[],"class_list":["post-24332","post","type-post","status-publish","format-standard","has-post-thumbnail","hentry","category-comunicados-noticias","category-destacado","category-macrozona-centro","category-metropolitana"],"_links":{"self":[{"href":"https:\/\/portal.sma.gob.cl\/index.php\/wp-json\/wp\/v2\/posts\/24332","targetHints":{"allow":["GET"]}}],"collection":[{"href":"https:\/\/portal.sma.gob.cl\/index.php\/wp-json\/wp\/v2\/posts"}],"about":[{"href":"https:\/\/portal.sma.gob.cl\/index.php\/wp-json\/wp\/v2\/types\/post"}],"author":[{"embeddable":true,"href":"https:\/\/portal.sma.gob.cl\/index.php\/wp-json\/wp\/v2\/users\/9"}],"replies":[{"embeddable":true,"href":"https:\/\/portal.sma.gob.cl\/index.php\/wp-json\/wp\/v2\/comments?post=24332"}],"version-history":[{"count":3,"href":"https:\/\/portal.sma.gob.cl\/index.php\/wp-json\/wp\/v2\/posts\/24332\/revisions"}],"predecessor-version":[{"id":24349,"href":"https:\/\/portal.sma.gob.cl\/index.php\/wp-json\/wp\/v2\/posts\/24332\/revisions\/24349"}],"wp:featuredmedia":[{"embeddable":true,"href":"https:\/\/portal.sma.gob.cl\/index.php\/wp-json\/wp\/v2\/media\/24336"}],"wp:attachment":[{"href":"https:\/\/portal.sma.gob.cl\/index.php\/wp-json\/wp\/v2\/media?parent=24332"}],"wp:term":[{"taxonomy":"category","embeddable":true,"href":"https:\/\/portal.sma.gob.cl\/index.php\/wp-json\/wp\/v2\/categories?post=24332"},{"taxonomy":"post_tag","embeddable":true,"href":"https:\/\/portal.sma.gob.cl\/index.php\/wp-json\/wp\/v2\/tags?post=24332"}],"curies":[{"name":"wp","href":"https:\/\/api.w.org\/{rel}","templated":true}]}}