{"id":24369,"date":"2022-06-07T13:44:51","date_gmt":"2022-06-07T17:44:51","guid":{"rendered":"https:\/\/portal.sma.gob.cl\/?p=24369"},"modified":"2022-07-18T16:59:57","modified_gmt":"2022-07-18T20:59:57","slug":"sma-dicta-medidas-provisionales-contra-codelco-division-ventanas-y-termoelectrica-aes-andes","status":"publish","type":"post","link":"https:\/\/portal.sma.gob.cl\/index.php\/sma-dicta-medidas-provisionales-contra-codelco-division-ventanas-y-termoelectrica-aes-andes\/","title":{"rendered":"SMA dicta medidas provisionales contra Codelco Divisi\u00f3n Ventanas y termoel\u00e9ctrica AES Andes"},"content":{"rendered":"<p><strong>Tras primera emergencia ambiental de 2022 y dentro del Plan de Descontaminaci\u00f3n de la zona, la Superintendencia instruy\u00f3 dos acciones a Codelco y una a la termoel\u00e9ctrica Ventanas, con el objetivo de disminuir sus emisiones, resguardando la salud de la poblaci\u00f3n.<\/strong><\/p>\n<p><!--more--><br \/>\n<strong>Valpara\u00edso, 7 de junio de 2022.<\/strong> La Superintendencia del Medio Ambiente ha procedido a dictar Medidas Provisionales a la fundici\u00f3n Codelco Divisi\u00f3n Ventanas y a la AES Andes titular del Complejo Termoel\u00e9ctrico Ventanas, esto, luego de que ayer se constatara la primera emergencia ambiental del a\u00f1o 2022, en el marco del Plan de Descontaminaci\u00f3n Atmosf\u00e9rica de Quintero-Puchuncav\u00ed, tras el peak de Di\u00f3xido de Azufre (SO2) de 1.327 ug\/m3 en la Estaci\u00f3n de Calidad del Aire de Quintero, registrado entre las 00:00 y 01:00 horas del d\u00eda de ayer, 06 de junio.<\/p>\n<p>\u201cLas medidas se fundamentan debido al aumento en las concentraciones de di\u00f3xido de azufre, lo cual ha significado un riesgo a la salud de la poblaci\u00f3n. Este, en la atm\u00f3sfera puede ocasionar neblinas \u00e1cidas que producen efectos agudos sobre la salud de las personas y en especial de los grupos vulnerables como personas asm\u00e1ticas, ni\u00f1os y ancianos que viven cerca a la fuente emisora\u201d, explica el Superintendente del Medio Ambiente (S), Emanuel Ibarra.<\/p>\n<p>Para la <strong>Fundici\u00f3n Codelco Divisi\u00f3n Ventanas,<\/strong> las medidas que se dictan son las siguientes:<br \/>\n<strong>a) Medidas operacionales seg\u00fan inversi\u00f3n t\u00e9rmica:<\/strong> En caso de existir condiciones de ventilaci\u00f3n malas y regulares se ordenan una serie de medidas a aplicar en el Convertidor El Teniente y el Convertidor Pierce Smith, cuando la inversi\u00f3n t\u00e9rmica tenga determinadas caracter\u00edsticas. Estas medidas deben implementarse en forma inmediata.<\/p>\n<p><strong>b) Instalar un nuevo sensor de temperatura para determinar la Inversi\u00f3n T\u00e9rmica,<\/strong> que funcione mediante otro set de sensores como respaldo del ya existente. El plazo para su instalaci\u00f3n es de 5 d\u00edas h\u00e1biles.<\/p>\n<p>Respecto del <strong>Complejo Termoel\u00e9ctrico Ventanas,<\/strong> las medidas son:<br \/>\n<strong>a) Operaci\u00f3n en condici\u00f3n l\u00edmite de los desulfurizadores en alerta ambiental:<\/strong> Se ordena la reducci\u00f3n de carga s\u00f3lo en caso de no alcanzarse el 11% de reducci\u00f3n de emisiones, considerando como base las \u00faltimas 3 horas de operaci\u00f3n previas a la declaraci\u00f3n de los episodios cr\u00edticos. Esta medida debe aplicarse en forma inmediata.<\/p>\n<p>En forma paralela a estas medidas, la Superintendencia del Medio Ambiente est\u00e1 trabajando en un instructivo destinado para que las empresas del Parque Industrial Quintero-Puchuncav\u00ed instalen sensores remotos de di\u00f3xido de azufre. <strong>\u201cEl objetivo de este proyecto es poder detectar la emisi\u00f3n de forma anticipada para poder tener una acci\u00f3n preventiva en la zona y poder contar con mejor informaci\u00f3n que explique las causas y or\u00edgenes de los episodios de altas concentraciones que hemos presenciado\u201d<\/strong>, afirma la autoridad.<\/p>\n<p>Finalmente, la SMA en coordinaci\u00f3n con la Seremi de Medio Ambiente de la Regi\u00f3n de Valpara\u00edso est\u00e1n coordinado la revisi\u00f3n de los planes operacionales de las empresas afectas al PPDA con el fin se mejorar el est\u00e1ndar e incluir mayores exigencias.<\/p>\n","protected":false},"excerpt":{"rendered":"<p>Tras primera emergencia ambiental de 2022 y dentro del Plan de Descontaminaci\u00f3n de la zona, la Superintendencia instruy\u00f3 dos acciones a Codelco y una a la termoel\u00e9ctrica Ventanas, con el objetivo de disminuir sus emisiones, resguardando la salud de la poblaci\u00f3n.<\/p>\n","protected":false},"author":9,"featured_media":24368,"comment_status":"open","ping_status":"open","sticky":false,"template":"","format":"standard","meta":{"footnotes":""},"categories":[90,107,225,231],"tags":[],"class_list":["post-24369","post","type-post","status-publish","format-standard","has-post-thumbnail","hentry","category-comunicados-noticias","category-destacado","category-macrozona-centro","category-valparaiso"],"_links":{"self":[{"href":"https:\/\/portal.sma.gob.cl\/index.php\/wp-json\/wp\/v2\/posts\/24369","targetHints":{"allow":["GET"]}}],"collection":[{"href":"https:\/\/portal.sma.gob.cl\/index.php\/wp-json\/wp\/v2\/posts"}],"about":[{"href":"https:\/\/portal.sma.gob.cl\/index.php\/wp-json\/wp\/v2\/types\/post"}],"author":[{"embeddable":true,"href":"https:\/\/portal.sma.gob.cl\/index.php\/wp-json\/wp\/v2\/users\/9"}],"replies":[{"embeddable":true,"href":"https:\/\/portal.sma.gob.cl\/index.php\/wp-json\/wp\/v2\/comments?post=24369"}],"version-history":[{"count":1,"href":"https:\/\/portal.sma.gob.cl\/index.php\/wp-json\/wp\/v2\/posts\/24369\/revisions"}],"predecessor-version":[{"id":24370,"href":"https:\/\/portal.sma.gob.cl\/index.php\/wp-json\/wp\/v2\/posts\/24369\/revisions\/24370"}],"wp:featuredmedia":[{"embeddable":true,"href":"https:\/\/portal.sma.gob.cl\/index.php\/wp-json\/wp\/v2\/media\/24368"}],"wp:attachment":[{"href":"https:\/\/portal.sma.gob.cl\/index.php\/wp-json\/wp\/v2\/media?parent=24369"}],"wp:term":[{"taxonomy":"category","embeddable":true,"href":"https:\/\/portal.sma.gob.cl\/index.php\/wp-json\/wp\/v2\/categories?post=24369"},{"taxonomy":"post_tag","embeddable":true,"href":"https:\/\/portal.sma.gob.cl\/index.php\/wp-json\/wp\/v2\/tags?post=24369"}],"curies":[{"name":"wp","href":"https:\/\/api.w.org\/{rel}","templated":true}]}}