{"id":24371,"date":"2022-06-07T18:04:35","date_gmt":"2022-06-07T22:04:35","guid":{"rendered":"https:\/\/portal.sma.gob.cl\/?p=24371"},"modified":"2022-07-18T16:58:41","modified_gmt":"2022-07-18T20:58:41","slug":"sma-requiere-a-la-empresa-electrica-de-aisen-el-ingreso-a-evaluacion-ambiental-del-proyecto-hidroelectrica-los-maquis-bajo-apercibimiento-de-sancion","status":"publish","type":"post","link":"https:\/\/portal.sma.gob.cl\/index.php\/sma-requiere-a-la-empresa-electrica-de-aisen-el-ingreso-a-evaluacion-ambiental-del-proyecto-hidroelectrica-los-maquis-bajo-apercibimiento-de-sancion\/","title":{"rendered":"SMA requiere a la empresa El\u00e9ctrica de Ais\u00e9n el ingreso a evaluaci\u00f3n ambiental del proyecto Hidroel\u00e9ctrica Los Maquis bajo apercibimiento de sanci\u00f3n"},"content":{"rendered":"<p><strong>A partir de la presentaci\u00f3n de denuncias ciudadanas dirigidas en contra del proyecto \u201cRehabilitaci\u00f3n Central Hidroel\u00e9ctrica Los Maquis\u201d, principalmente, por no contar con una Resoluci\u00f3n de Calificaci\u00f3n Ambiental (RCA), en circunstancias que aquella le resulta exigible por estar en una Zona de Inter\u00e9s Tur\u00edstico (ZOIT) y afectar su objeto de protecci\u00f3n ambiental.<\/strong><\/p>\n<p><strong>Ays\u00e9n, 07 de junio de 2022.-<\/strong>\u00a0La Superintendencia del Medio Ambiente (SMA) requiri\u00f3 a la Empresa El\u00e9ctrica de Ais\u00e9n S.A. el ingreso de su proyecto \u201cRehabilitaci\u00f3n Central Hidroel\u00e9ctrica Los Maquis\u201d, ubicado en la comuna de Chile Chico, regi\u00f3n de Ays\u00e9n, espec\u00edficamente al interior de la ZOIT Chelenko, al Sistema de Evaluaci\u00f3n de Impacto Ambiental (SEIA), dado que cumple con lo establecido en el literal p) del art\u00edculo 10 de la Ley N\u00b019.300, que obliga la evaluaci\u00f3n ambiental previa de proyectos o actividades que consistan en la <em>\u201cejecuci\u00f3n de obras, programas o actividades en parques nacionales, reservas nacionales, monumentos naturales, reservas de zonas v\u00edrgenes, santuarios de la naturaleza, parques marinos, reservas marinas, humedales urbanos o en cualesquiera otras \u00e1reas colocadas bajo protecci\u00f3n oficial, en los casos en que la legislaci\u00f3n respectiva lo permita<\/em>\u201d.<\/p>\n<p>Cabe destacar, que este proyecto consiste en la rehabilitaci\u00f3n de una central hidroel\u00e9ctrica de pasada con la finalidad de alimentar dos nuevas turbinas hidroel\u00e9ctricas para inyectar en conjunto una potencia m\u00e1xima de 1 MW al Sistema Mediano General Carrera, ambas, inexistentes antes de la ejecuci\u00f3n del proyecto.<\/p>\n<p>Como contexto, desde marzo de 2020, la SMA recibi\u00f3 una serie de denuncias ciudadanas en contra de la Empresa El\u00e9ctrica de Ais\u00e9n S.A., centradas en que su proyecto se encontrar\u00eda en elusi\u00f3n al SEIA, al emplazarse al interior de la ZOIT Chelenko y no contar con una RCA que autorice su funcionamiento. Al respecto, se realizaron dos actividades de fiscalizaci\u00f3n, constatando en la segunda de ellas (abril de 2021), una intervenci\u00f3n mucho m\u00e1s notable que en la primera (julio de 2020), con obras en diversos sectores, personal trabajando y maquinaria interviniendo el suelo sobre el cual se instalara\u0301 el trazado de la tuber\u00eda de baja presi\u00f3n del proyecto, entre otros hechos.<\/p>\n<p>Con estos antecedentes, y con el fallo del Tercer Tribunal Ambiental, se requiri\u00f3 un pronunciamiento del Servicio de Evaluaci\u00f3n Ambiental (SEA), que en su informe publicado en mayo 2022 concluy\u00f3 que la empresa \u201crealizo\u0301 obras y acciones distintas a las proyectadas originalmente, las que son susceptibles de afectar el atractivo tur\u00edstico Cascada Los Maquis y sus pozones; varias de las obras realizadas tienen un car\u00e1cter permanente que afectar\u00e1n el valor paisaj\u00edstico y tur\u00edstico, as\u00ed por ejemplo las obras de la bocatoma, el nuevo trazado de tuber\u00edas y la nueva casa de m\u00e1quinas son totalmente distintas a las se\u00f1aladas originalmente en la Consulta de Pertinencia\u201d; entre otras observaciones.<\/p>\n<p>Al respecto, el Superintendente del Medio Ambiente (S), Emanuel Ibarra se\u00f1al\u00f3 que \u201cel an\u00e1lisis del Departamento Jur\u00eddico ha concluido que este proyecto configura la tipolog\u00eda de ingreso al SEIA establecida en el literal p) del art\u00edculo 10 de la Ley N\u00b019.300, tras constatar que la construcci\u00f3n de esta central hidroel\u00e9ctrica, emplazada al interior de la Zona de Inter\u00e9s Tur\u00edstico Chelenko, estar\u00eda afectando su objeto de protecci\u00f3n, sobre todo, en t\u00e9rminos visuales\u201d.<\/p>\n<p>Por su parte, el jefe de la Oficina Regional SMA de Ays\u00e9n, Oscar Leal, destac\u00f3 que \u201cnuestra ley Org\u00e1nica requiere obligatoriamente de un informe previo del Servicio de Evaluaci\u00f3n Ambiental para requerir la evaluaci\u00f3n ambiental forzosa a proyectos que as\u00ed lo ameriten. Los antecedentes recopilados con posterioridad a la \u00faltima inspecci\u00f3n dan cuenta de la ejecuci\u00f3n de obras de mayor afectaci\u00f3n visual que las descritas por la empresa inicialmente\u201d.<\/p>\n<p>En virtud de este requerimiento, la empresa tiene un plazo de 10 d\u00edas h\u00e1biles, contados desde la notificaci\u00f3n de la resoluci\u00f3n, para presentar ante la Superintendencia, para su revisi\u00f3n y validaci\u00f3n, un cronograma de trabajo donde se identifiquen los plazos y acciones en que ser\u00e1 ingresado al SEIA el Proyecto \u201cRehabilitaci\u00f3n Central Hidroel\u00e9ctrica Los Maquis\u201d.<\/p>\n<p>Para m\u00e1s informaci\u00f3n de este caso, ingresar a la p\u00e1gina de la SMA, www.sma.gob.cl, espec\u00edficamente a SNIFA, requerimiento de ingreso al SEIA: <a href=\"https:\/\/snifa.sma.gob.cl\/RequerimientoIngreso\/Ficha\/140\">https:\/\/snifa.sma.gob.cl\/RequerimientoIngreso\/Ficha\/140<\/a><\/p>\n","protected":false},"excerpt":{"rendered":"<p>A partir de la presentaci\u00f3n de denuncias ciudadanas dirigidas en contra del proyecto \u201cRehabilitaci\u00f3n Central Hidroel\u00e9ctrica Los Maquis\u201d, principalmente, por no contar con una Resoluci\u00f3n de Calificaci\u00f3n Ambiental (RCA), en circunstancias que aquella le resulta exigible por estar en una Zona de Inter\u00e9s Tur\u00edstico (ZOIT) y afectar su objeto de protecci\u00f3n ambiental. Ays\u00e9n, 07 de junio <a href=\"https:\/\/portal.sma.gob.cl\/index.php\/sma-requiere-a-la-empresa-electrica-de-aisen-el-ingreso-a-evaluacion-ambiental-del-proyecto-hidroelectrica-los-maquis-bajo-apercibimiento-de-sancion\/\">Leer m\u00e1s<\/a><\/p>\n","protected":false},"author":8,"featured_media":24375,"comment_status":"open","ping_status":"open","sticky":false,"template":"","format":"standard","meta":{"footnotes":""},"categories":[240,90,107,226],"tags":[],"class_list":["post-24371","post","type-post","status-publish","format-standard","has-post-thumbnail","hentry","category-aysen","category-comunicados-noticias","category-destacado","category-macrozona-sur"],"_links":{"self":[{"href":"https:\/\/portal.sma.gob.cl\/index.php\/wp-json\/wp\/v2\/posts\/24371","targetHints":{"allow":["GET"]}}],"collection":[{"href":"https:\/\/portal.sma.gob.cl\/index.php\/wp-json\/wp\/v2\/posts"}],"about":[{"href":"https:\/\/portal.sma.gob.cl\/index.php\/wp-json\/wp\/v2\/types\/post"}],"author":[{"embeddable":true,"href":"https:\/\/portal.sma.gob.cl\/index.php\/wp-json\/wp\/v2\/users\/8"}],"replies":[{"embeddable":true,"href":"https:\/\/portal.sma.gob.cl\/index.php\/wp-json\/wp\/v2\/comments?post=24371"}],"version-history":[{"count":1,"href":"https:\/\/portal.sma.gob.cl\/index.php\/wp-json\/wp\/v2\/posts\/24371\/revisions"}],"predecessor-version":[{"id":24372,"href":"https:\/\/portal.sma.gob.cl\/index.php\/wp-json\/wp\/v2\/posts\/24371\/revisions\/24372"}],"wp:featuredmedia":[{"embeddable":true,"href":"https:\/\/portal.sma.gob.cl\/index.php\/wp-json\/wp\/v2\/media\/24375"}],"wp:attachment":[{"href":"https:\/\/portal.sma.gob.cl\/index.php\/wp-json\/wp\/v2\/media?parent=24371"}],"wp:term":[{"taxonomy":"category","embeddable":true,"href":"https:\/\/portal.sma.gob.cl\/index.php\/wp-json\/wp\/v2\/categories?post=24371"},{"taxonomy":"post_tag","embeddable":true,"href":"https:\/\/portal.sma.gob.cl\/index.php\/wp-json\/wp\/v2\/tags?post=24371"}],"curies":[{"name":"wp","href":"https:\/\/api.w.org\/{rel}","templated":true}]}}