{"id":24377,"date":"2022-06-08T21:02:54","date_gmt":"2022-06-09T01:02:54","guid":{"rendered":"https:\/\/portal.sma.gob.cl\/?p=24377"},"modified":"2022-07-18T16:58:08","modified_gmt":"2022-07-18T20:58:08","slug":"sma-dicta-medidas-provisionales-contra-seis-empresas-de-la-bahia-de-quintero-y-puchuncavi","status":"publish","type":"post","link":"https:\/\/portal.sma.gob.cl\/index.php\/sma-dicta-medidas-provisionales-contra-seis-empresas-de-la-bahia-de-quintero-y-puchuncavi\/","title":{"rendered":"SMA dicta medidas provisionales contra seis empresas de la Bah\u00eda de Quintero y Puchuncav\u00ed"},"content":{"rendered":"<p><strong>Tras segundo episodio cr\u00edtico asociado con emisiones atmosf\u00e9ricas y que han generado afectaci\u00f3n a la salud de la comunidad de dichas comunas. Acciones apuntan a disminuir los contaminantes vol\u00e1tiles en la atm\u00f3sfera.<\/strong><\/p>\n<p><strong>Valpara\u00edso, 8 de junio de 2022. <\/strong>La Superintendencia del Medio Ambiente ha procedido a dictar Medidas Provisionales a seis empresas de la Bah\u00eda de Quinteros y Puchuncav\u00ed luego de constatar un nuevo episodio de afectaci\u00f3n a la salud de la comunidad de esta zona, con un registro de 105 personas atendidas en el Hospital de Quintero, Atenci\u00f3n Primaria de Salud (APS) de Quintero y APS de Puchuncav\u00ed. Las medidas que comienzan a regir de manera inmediata est\u00e1n ordenadas a las empresas <strong>Planta Gasmar Quintero, Terminal de Asfaltos y Combustibles Enex, Terminal Mar\u00edtimo de Quintero Copec, Terminal Mar\u00edtimo de ENAP, Terminal Mar\u00edtimo GNL Quintero y Terminal Mar\u00edtimo Oxiquim.<\/strong> Todas estas emiten Compuestos Org\u00e1nicos Vol\u00e1tiles (COVs) y tienen medidas establecidas en el Plan de Prevenci\u00f3n y Descontaminaci\u00f3n Atmosf\u00e9rica (PPDA) de la zona.<\/p>\n<p>\u201cLas nuevas medidas que estamos ordenado se sustentan luego de constatar que los episodios de intoxicaci\u00f3n de hoy se relacionan a emisi\u00f3n de Compuestos Org\u00e1nicos Vol\u00e1tiles (COVs) en el cord\u00f3n industrial de Quintero y Puchuncav\u00ed. Como no es posible todav\u00eda determinar a un causante espec\u00edfico de los eventos es que, sobre la base del principio preventivo, se proceden a dictar medidas en contra de todas las empresas que emiten estos compuestos en la zona. Dichas medidas directamente limitan su actividad productiva, sin perjudicar el abastecimiento primario\u201d, enfatiz\u00f3 el Superintendente del Medio Ambiente (S), Emanuel Ibarra.<\/p>\n<p>Las medidas ordenadas son las siguientes:<\/p>\n<ul>\n<li><strong>Ante condici\u00f3n de \u201cmala ventilaci\u00f3n\u201d: <\/strong>reducir en un 70% sus flujos nominales de cargas y descargas de productos combustibles y\/o qu\u00edmicos que emitan COVs. Reducir en 50% cargas y\/o transporte de productos combustibles y\/o qu\u00edmicos de camiones.<\/li>\n<li><strong>Ante condici\u00f3n de \u201cregular ventilaci\u00f3n\u201d: <\/strong>reducir en un 50% sus flujos nominales de cargas y descargas de productos combustibles y\/o qu\u00edmicos que emitan COVs. Reducir en 30% cargas y\/o transporte de productos combustibles y\/o qu\u00edmicos de camiones.<\/li>\n<\/ul>\n<p>Adicionalmente, se <strong>requiri\u00f3 a las empresas informar <\/strong>el detalle de la implementaci\u00f3n de las medidas exigibles al tercer a\u00f1o de aplicaci\u00f3n del PPDA que rige para las comunas de Conc\u00f3n, Quintero y Puchuncav\u00ed relacionado al cap\u00edtulo V \u201cControl de emisiones de compuestos org\u00e1nicos vol\u00e1tiles provenientes del sector de procesamiento y almacenamiento de hidrocarburos y sus derivados\u201d.<\/p>\n<p>A estas acciones, se suman las medidas provisionales ordenadas ayer a la <strong>fundici\u00f3n Codelco Divisi\u00f3n Ventanas<\/strong>, titular que paraliz\u00f3 voluntariamente su operaci\u00f3n en el d\u00eda de hoy, y al <strong>Complejo Termoel\u00e9ctrico Ventanas de la empresa Aes Andes.<\/strong><\/p>\n<p>&#8220;Ante la preocupante situaci\u00f3n de salud que viven las comunas de Quintero y Puchuncav\u00ed, especialmente sus ni\u00f1os y ni\u00f1as es que resulta fundamental tomar medidas de prevenci\u00f3n, en este contexto se solicitaron las medidas provisionales, que esperan reducir considerablemente la emisi\u00f3n de COVs&#8221;, se\u00f1al\u00f3, Carolina Silva, jefa de la Oficina Regional SMA de Valpara\u00edso.<\/p>\n","protected":false},"excerpt":{"rendered":"<p>Tras segundo episodio cr\u00edtico asociado con emisiones atmosf\u00e9ricas y que han generado afectaci\u00f3n a la salud de la comunidad de dichas comunas. Acciones apuntan a disminuir los contaminantes vol\u00e1tiles en la atm\u00f3sfera. Valpara\u00edso, 8 de junio de 2022. La Superintendencia del Medio Ambiente ha procedido a dictar Medidas Provisionales a seis empresas de la Bah\u00eda de <a href=\"https:\/\/portal.sma.gob.cl\/index.php\/sma-dicta-medidas-provisionales-contra-seis-empresas-de-la-bahia-de-quintero-y-puchuncavi\/\">Leer m\u00e1s<\/a><\/p>\n","protected":false},"author":8,"featured_media":24379,"comment_status":"open","ping_status":"open","sticky":false,"template":"","format":"standard","meta":{"footnotes":""},"categories":[90,107,225,231],"tags":[],"class_list":["post-24377","post","type-post","status-publish","format-standard","has-post-thumbnail","hentry","category-comunicados-noticias","category-destacado","category-macrozona-centro","category-valparaiso"],"_links":{"self":[{"href":"https:\/\/portal.sma.gob.cl\/index.php\/wp-json\/wp\/v2\/posts\/24377","targetHints":{"allow":["GET"]}}],"collection":[{"href":"https:\/\/portal.sma.gob.cl\/index.php\/wp-json\/wp\/v2\/posts"}],"about":[{"href":"https:\/\/portal.sma.gob.cl\/index.php\/wp-json\/wp\/v2\/types\/post"}],"author":[{"embeddable":true,"href":"https:\/\/portal.sma.gob.cl\/index.php\/wp-json\/wp\/v2\/users\/8"}],"replies":[{"embeddable":true,"href":"https:\/\/portal.sma.gob.cl\/index.php\/wp-json\/wp\/v2\/comments?post=24377"}],"version-history":[{"count":2,"href":"https:\/\/portal.sma.gob.cl\/index.php\/wp-json\/wp\/v2\/posts\/24377\/revisions"}],"predecessor-version":[{"id":24382,"href":"https:\/\/portal.sma.gob.cl\/index.php\/wp-json\/wp\/v2\/posts\/24377\/revisions\/24382"}],"wp:featuredmedia":[{"embeddable":true,"href":"https:\/\/portal.sma.gob.cl\/index.php\/wp-json\/wp\/v2\/media\/24379"}],"wp:attachment":[{"href":"https:\/\/portal.sma.gob.cl\/index.php\/wp-json\/wp\/v2\/media?parent=24377"}],"wp:term":[{"taxonomy":"category","embeddable":true,"href":"https:\/\/portal.sma.gob.cl\/index.php\/wp-json\/wp\/v2\/categories?post=24377"},{"taxonomy":"post_tag","embeddable":true,"href":"https:\/\/portal.sma.gob.cl\/index.php\/wp-json\/wp\/v2\/tags?post=24377"}],"curies":[{"name":"wp","href":"https:\/\/api.w.org\/{rel}","templated":true}]}}