{"id":24410,"date":"2022-06-17T16:30:38","date_gmt":"2022-06-17T20:30:38","guid":{"rendered":"https:\/\/portal.sma.gob.cl\/?p=24410"},"modified":"2022-07-18T16:42:57","modified_gmt":"2022-07-18T20:42:57","slug":"sma-renueva-medidas-provisionales-a-seis-empresas-de-la-bahia-de-quintero-y-puchuncavi","status":"publish","type":"post","link":"https:\/\/portal.sma.gob.cl\/index.php\/sma-renueva-medidas-provisionales-a-seis-empresas-de-la-bahia-de-quintero-y-puchuncavi\/","title":{"rendered":"SMA renueva medidas provisionales a seis empresas de la Bah\u00eda de Quintero y Puchuncav\u00ed"},"content":{"rendered":"<p><strong>Las medidas apuntan a seguir controlando emisiones atmosf\u00e9ricas, principalmente asociadas a las compa\u00f1\u00edas cuyos procesos con hidrocarburos pueden generar Compuestos Org\u00e1nicos Vol\u00e1tiles (COVs) en esas comunas. A lo anterior se suma que la reducci\u00f3n de hasta 70% de la actividad deber\u00e1 cumplirse cuando haya -adem\u00e1s- una declaraci\u00f3n de la Gesti\u00f3n de Episodios Cr\u00edticos (GEC) por la Delegaci\u00f3n Presidencial Regional de Valpara\u00edso, de acuerdo con lo establecido en el Plan de Prevenci\u00f3n y Descontaminaci\u00f3n Atmosf\u00e9rica (PPDA) que rige para las comunas de Conc\u00f3n, Quintero y Puchuncav\u00ed.<\/strong><\/p>\n<p><strong>Valpara\u00edso, 17 de junio de 2022.\u00a0<\/strong>La Superintendencia del Medio Ambiente ha renovado las medidas provisionales dictadas hace una semana a seis empresas de la Bah\u00eda de Quinteros y Puchuncav\u00ed luego de constatar nuevos episodios de afectaci\u00f3n a la salud de la comunidad de esta zona, durante distintos d\u00edas de esta semana.<\/p>\n<p>La medida original se extend\u00eda hasta el s\u00e1bado 18 de junio. Ahora se renueva por 10 d\u00edas m\u00e1s.<\/p>\n<p>Las medidas que se extender\u00e1n est\u00e1n ordenadas a las empresas\u00a0<strong>Planta Gasmar Quintero, Terminal de Asfaltos y Combustibles Enex, Terminal Mar\u00edtimo de Quintero Copec, Terminal Mar\u00edtimo de ENAP, Terminal Mar\u00edtimo GNL Quintero y Terminal Mar\u00edtimo Oxiquim.<\/strong>\u00a0Todas estas emiten Compuestos Org\u00e1nicos Vol\u00e1tiles (COVs) y tienen medidas establecidas en el Plan de Prevenci\u00f3n y Descontaminaci\u00f3n Atmosf\u00e9rica (PPDA) de la zona.<\/p>\n<p>\u201cEsta renovaci\u00f3n la estamos ordenado luego de constatar distintos episodios de afectaci\u00f3n de la salud de ni\u00f1as, ni\u00f1os, adolescentes y adultos en distintos puntos de la comuna durante esta semana. Seguiremos siendo preventivos y mantendremos las medidas que se relacionan a emisi\u00f3n de Compuestos Org\u00e1nicos Vol\u00e1tiles (COVs) en el cord\u00f3n industrial de Quintero y Puchuncav\u00ed. Dichas medidas directamente limitan su actividad productiva, sin perjudicar el abastecimiento primario\u201d, enfatiz\u00f3 el Superintendente del Medio Ambiente (S), Emanuel Ibarra.<\/p>\n<p>Las medidas ordenadas son las siguientes:<\/p>\n<ul>\n<li><strong>Ante condici\u00f3n de \u201cmala ventilaci\u00f3n\u201d:\u00a0<\/strong>reducir en un 70% sus flujos nominales de cargas y descargas de productos combustibles y\/o qu\u00edmicos que emitan COVs. Reducir en 50% cargas y\/o transporte de productos combustibles y\/o qu\u00edmicos de camiones.<\/li>\n<li><strong>Ante condici\u00f3n de \u201cregular ventilaci\u00f3n\u201d:\u00a0<\/strong>reducir en un 50% sus flujos nominales de cargas y descargas de productos combustibles y\/o qu\u00edmicos que emitan COVs. Reducir en 30% cargas y\/o transporte de productos combustibles y\/o qu\u00edmicos de camiones.<\/li>\n<\/ul>\n<p>A lo anterior se suma que la reducci\u00f3n de hasta 70% de la actividad deber\u00e1 cumplirse cuando haya -adem\u00e1s- una declaraci\u00f3n de la Gesti\u00f3n de Episodios Cr\u00edticos (GEC) por la Delegaci\u00f3n Presidencial Regional de Valpara\u00edso, de acuerdo con lo establecido en el Plan de Prevenci\u00f3n y Descontaminaci\u00f3n Atmosf\u00e9rica (PPDA) que rige para las comunas de Conc\u00f3n, Quintero y Puchuncav\u00ed.<\/p>\n<p>A estas acciones, se suman las medidas provisionales ordenadas el 7 de junio a la\u00a0<strong>fundici\u00f3n Codelco Divisi\u00f3n Ventanas<\/strong>, titular que mantiene paralizada voluntariamente su operaci\u00f3n, y al\u00a0<strong>Complejo Termoel\u00e9ctrico Ventanas de la empresa Aes Andes. Estas medidas vencen el 30 de junio.<\/strong><\/p>\n","protected":false},"excerpt":{"rendered":"<p>Las medidas apuntan a seguir controlando emisiones atmosf\u00e9ricas, principalmente asociadas a las compa\u00f1\u00edas cuyos procesos con hidrocarburos pueden generar Compuestos Org\u00e1nicos Vol\u00e1tiles (COVs) en esas comunas. A lo anterior se suma que la reducci\u00f3n de hasta 70% de la actividad deber\u00e1 cumplirse cuando haya -adem\u00e1s- una declaraci\u00f3n de la Gesti\u00f3n de Episodios Cr\u00edticos (GEC) por la <a href=\"https:\/\/portal.sma.gob.cl\/index.php\/sma-renueva-medidas-provisionales-a-seis-empresas-de-la-bahia-de-quintero-y-puchuncavi\/\">Leer m\u00e1s<\/a><\/p>\n","protected":false},"author":8,"featured_media":24379,"comment_status":"open","ping_status":"open","sticky":false,"template":"","format":"standard","meta":{"footnotes":""},"categories":[90,107,225,231],"tags":[],"class_list":["post-24410","post","type-post","status-publish","format-standard","has-post-thumbnail","hentry","category-comunicados-noticias","category-destacado","category-macrozona-centro","category-valparaiso"],"_links":{"self":[{"href":"https:\/\/portal.sma.gob.cl\/index.php\/wp-json\/wp\/v2\/posts\/24410","targetHints":{"allow":["GET"]}}],"collection":[{"href":"https:\/\/portal.sma.gob.cl\/index.php\/wp-json\/wp\/v2\/posts"}],"about":[{"href":"https:\/\/portal.sma.gob.cl\/index.php\/wp-json\/wp\/v2\/types\/post"}],"author":[{"embeddable":true,"href":"https:\/\/portal.sma.gob.cl\/index.php\/wp-json\/wp\/v2\/users\/8"}],"replies":[{"embeddable":true,"href":"https:\/\/portal.sma.gob.cl\/index.php\/wp-json\/wp\/v2\/comments?post=24410"}],"version-history":[{"count":2,"href":"https:\/\/portal.sma.gob.cl\/index.php\/wp-json\/wp\/v2\/posts\/24410\/revisions"}],"predecessor-version":[{"id":24416,"href":"https:\/\/portal.sma.gob.cl\/index.php\/wp-json\/wp\/v2\/posts\/24410\/revisions\/24416"}],"wp:featuredmedia":[{"embeddable":true,"href":"https:\/\/portal.sma.gob.cl\/index.php\/wp-json\/wp\/v2\/media\/24379"}],"wp:attachment":[{"href":"https:\/\/portal.sma.gob.cl\/index.php\/wp-json\/wp\/v2\/media?parent=24410"}],"wp:term":[{"taxonomy":"category","embeddable":true,"href":"https:\/\/portal.sma.gob.cl\/index.php\/wp-json\/wp\/v2\/categories?post=24410"},{"taxonomy":"post_tag","embeddable":true,"href":"https:\/\/portal.sma.gob.cl\/index.php\/wp-json\/wp\/v2\/tags?post=24410"}],"curies":[{"name":"wp","href":"https:\/\/api.w.org\/{rel}","templated":true}]}}