{"id":24440,"date":"2022-06-29T15:20:44","date_gmt":"2022-06-29T19:20:44","guid":{"rendered":"https:\/\/portal.sma.gob.cl\/?p=24440"},"modified":"2023-03-20T12:35:37","modified_gmt":"2023-03-20T15:35:37","slug":"sma-instala-sensores-en-colegios-de-puchuncavi-y-quintero-para-monitorear-olores","status":"publish","type":"post","link":"https:\/\/portal.sma.gob.cl\/index.php\/sma-instala-sensores-en-colegios-de-puchuncavi-y-quintero-para-monitorear-olores\/","title":{"rendered":"SMA instala sensores en colegios de Puchuncav\u00ed y Quintero para monitorear olores"},"content":{"rendered":"<p><strong>La iniciativa consiste en una primera fase de una Red de Sensores que estar\u00e1n ubicados en 3 colegios donde se instalar\u00e1n olfat\u00f3metros que permitir\u00e1n monitorear Compuestos Org\u00e1nicos Vol\u00e1tiles (COVs), entre otros, para detectar tempranamente episodios que pongan en riesgo la salud de las comunidades escolares.<\/strong><\/p>\n<p><!--more--><strong>Valpara\u00edso, 29 de junio de 2022.<\/strong> Durante esta jornada profesionales de la Superintendencia del Medio Ambiente (SMA) comenzaron la instalaci\u00f3n de 3 sensores -en una primera fase- que permitir\u00e1n el monitoreo de calidad del aire, los cuales, se instalar\u00e1n en dos colegios de Quintero y uno de Puchuncav\u00ed. Se trata de un plan piloto que simulan \u201cnarices electr\u00f3nicas\u201d, que permiten mediciones de olor en Compuestos Org\u00e1nicos Vol\u00e1tiles (COVs) y Gas Sulfh\u00eddrico (H2S). Ambos compuestos han estado presentes las \u00faltimas semanas en los episodios que han afectado a la salud de la poblaci\u00f3n, especialmente de comunidades estudiantiles. Al lanzamiento de la actividad asistieron el Superintendente (S) del Medio Ambiente, Emanuel Ibarra; la Delegada Presidencial, Sof\u00eda Gonz\u00e1lez; el Seremi de Medio Ambiente, Hern\u00e1n Ram\u00edrez; la jefa de la Oficina Regional SMA de Valpara\u00edso, Carolina Silva y el alcalde de Quintero, Mauricio Carrasco.<\/p>\n<p>Entre las principales caracter\u00edsticas de los sensores instalados est\u00e1 que son de monitoreo continuo (24\/7), operar\u00e1n al aire libre y permitir\u00e1n ir creando una red de sensores en la bah\u00eda de Quintero y Puchuncav\u00ed, lo cual robustecer\u00e1 la capacidad de fiscalizaci\u00f3n de la SMA en la zona.<\/p>\n<p>\u201cA estos se sumar\u00e1n los sensores que deber\u00e1n instalar las grandes fuentes de la zona, cuya informaci\u00f3n nos permitir\u00e1 establecer planes de alerta temprana, los cuales deber\u00e1n estar en sinton\u00eda con los Planes Operacionales en el marco del Plan de Descontaminaci\u00f3n. Todas estas iniciativas tecnol\u00f3gicas lo que buscan es ir mejorando la capacidad predictiva y evitar nuevos episodios de contaminaci\u00f3n que afecten a la poblaci\u00f3n, especialmente a ni\u00f1os y ni\u00f1as de esta zona\u201d, explica<strong> Emanuel Ibarra, Superintendente del Medio Ambiente (S).<\/strong><\/p>\n<p>La autoridad agreg\u00f3 que a mediano plazo debiera notarse una evidente mejora en las condiciones de calidad del aire con el cese de la Fundici\u00f3n Ventanas y la salida de operaci\u00f3n de la Termoel\u00e9ctrica Ventanas Unidad 1, pues ambas fuentes contribuyen con el Di\u00f3xido de Azufre (SO2) que ha provocado emergencias en la zona.<\/p>\n<p>Al respecto, la <strong>Delegada Presidencial Regional de Valpara\u00edso, Sof\u00eda Gonz\u00e1lez<\/strong> afirm\u00f3 que &#8220;la medida que hoy vinimos a anunciar es una de una serie y de un plan de trabajo que nos ha encomendado desplegar nuestro Presidente Gabriel Boric en Conc\u00f3n, Quintero y Puchuncav\u00ed. Esta medida se enmarca dentro del plan que incorpora, por ejemplo, la alerta sanitaria, la exigencia a todas las empresas del cord\u00f3n industrial de ajustar sus planes operacionales que incorporan la consideraci\u00f3n de las condiciones de ventilaci\u00f3n o de la temperatura en las comunas afectadas&#8221;, indic\u00f3.<\/p>\n<p>En tanto, el <strong>Seremi de Medio Ambiente de Valpara\u00edso, Hern\u00e1n Ram\u00edrez,<\/strong> sostuvo que \u201ca esta iniciativa se suma la reciente actualizaci\u00f3n de los Planes Operacionales de las industrias que operan en el cord\u00f3n industrial de Quintero y Puchuncav\u00ed. Actualmente las empresas han enviado sus propuestas de ajustes operacionales, los cuales se encuentran en etapa de evaluaci\u00f3n por parte nuestra y que en el corto plazo debiesen entrar en funcionamiento para luego ser fiscalizados por la SMA. Asimismo, pr\u00f3ximamente daremos inicio al proceso de participaci\u00f3n ciudadana para el redise\u00f1o de la Red de Monitoreo de Calidad de Aire, el que dar\u00e1 garant\u00edas a la comunidad respecto a su dise\u00f1o y funcionamiento. Un proceso que ya estaba iniciado del a\u00f1o 2021, pero que recientemente hemos dejado sin efecto por no contar con el debido proceso de participaci\u00f3n ciudadana que amerita\u201d, coment\u00f3 el Seremi Hern\u00e1n Ram\u00edrez.<\/p>\n<p>\u201cEl compromiso de implementar sensores en los colegios, que es lo m\u00e1s sensible que tenemos hoy d\u00eda, no es suficiente, falta el compromiso de las empresas, el Gobierno puede hacer todas las inversiones en medici\u00f3n, pero si no est\u00e1 el compromiso de las empresas privadas y estatales no sirve. Tambi\u00e9n quiero pedir que cuando haya alguna desviaci\u00f3n en los procesos, las empresas sean honestas para decir qui\u00e9n fue y con qu\u00e9 contaminante, para que el hospital pueda atender mejor a los ni\u00f1os y ni\u00f1as. No es posible que, en Quintero y Puchuncav\u00ed, los padres vayan a dejar a los hijos al colegio, y luego no sepan si deben ir a buscarlos al colegio o al hospital\u201d, sostuvo <strong>el alcalde de Quintero Mauricio Carrasco.<\/strong><\/p>\n<p>Por su parte, la <strong>Jefa de la Oficina Regional de la SMA, Carolina Silva,<\/strong> coment\u00f3 que desde que se inici\u00f3 en 2019 el Plan de Descontaminaci\u00f3n, se han realizado m\u00e1s de 640 actividades de fiscalizaci\u00f3n en la zona de Quintero y Puchuncav\u00ed. Silva a\u00f1adi\u00f3: \u201cHemos acudido r\u00e1pidamente a los colegios cada vez que se nos avisa de alg\u00fan evento de olores molestos, se han tomado muestras y se est\u00e1 trabajando activamente para monitorear las actividades productivas de la zona. Adicionalmente, hemos tenido 3 reuniones con las empresas de la zona, para ir monitoreando la implementaci\u00f3n de las medidas provisionales que dictamos apenas comenzaron los episodios de intoxicaci\u00f3n. Le hemos transmitido a todas las compa\u00f1\u00edas que se requiere un comportamiento m\u00e1s diligente y que no s\u00f3lo cumplan con lo m\u00ednimo de la ley, sino que vayan m\u00e1s all\u00e1 de sus compromisos ambientales. Ac\u00e1 todos debemos trabajar para evitar episodios que afecten la salud de la poblaci\u00f3n de Quintero y Puchuncav\u00ed\u201d.<\/p>\n<p>Galer\u00eda de fotos<\/p>\n\n\t\t<style type=\"text\/css\">\n\t\t\t#gallery-1 {\n\t\t\t\tmargin: auto;\n\t\t\t}\n\t\t\t#gallery-1 .gallery-item {\n\t\t\t\tfloat: left;\n\t\t\t\tmargin-top: 10px;\n\t\t\t\ttext-align: center;\n\t\t\t\twidth: 50%;\n\t\t\t}\n\t\t\t#gallery-1 img {\n\t\t\t\tborder: 2px solid #cfcfcf;\n\t\t\t}\n\t\t\t#gallery-1 .gallery-caption {\n\t\t\t\tmargin-left: 0;\n\t\t\t}\n\t\t\t\/* see gallery_shortcode() in wp-includes\/media.php *\/\n\t\t<\/style>\n\t\t<div id='gallery-1' class='gallery galleryid-24440 gallery-columns-2 gallery-size-medium'><dl class='gallery-item'>\n\t\t\t<dt class='gallery-icon landscape'>\n\t\t\t\t<a data-rel=\"iLightbox[postimages]\" data-title=\"WhatsApp Image 2022-06-29 at 3.18.54 PM (1)\" data-caption=\"\" href='https:\/\/portal.sma.gob.cl\/wp-content\/uploads\/2022\/06\/WhatsApp-Image-2022-06-29-at-3.18.54-PM-1.jpeg'><img decoding=\"async\" width=\"300\" height=\"225\" src=\"https:\/\/portal.sma.gob.cl\/wp-content\/uploads\/2022\/06\/WhatsApp-Image-2022-06-29-at-3.18.54-PM-1-300x225.jpeg\" class=\"attachment-medium size-medium\" alt=\"\" srcset=\"https:\/\/portal.sma.gob.cl\/wp-content\/uploads\/2022\/06\/WhatsApp-Image-2022-06-29-at-3.18.54-PM-1-200x150.jpeg 200w, https:\/\/portal.sma.gob.cl\/wp-content\/uploads\/2022\/06\/WhatsApp-Image-2022-06-29-at-3.18.54-PM-1-300x225.jpeg 300w, https:\/\/portal.sma.gob.cl\/wp-content\/uploads\/2022\/06\/WhatsApp-Image-2022-06-29-at-3.18.54-PM-1-400x300.jpeg 400w, https:\/\/portal.sma.gob.cl\/wp-content\/uploads\/2022\/06\/WhatsApp-Image-2022-06-29-at-3.18.54-PM-1-600x450.jpeg 600w, https:\/\/portal.sma.gob.cl\/wp-content\/uploads\/2022\/06\/WhatsApp-Image-2022-06-29-at-3.18.54-PM-1-768x576.jpeg 768w, https:\/\/portal.sma.gob.cl\/wp-content\/uploads\/2022\/06\/WhatsApp-Image-2022-06-29-at-3.18.54-PM-1-800x600.jpeg 800w, https:\/\/portal.sma.gob.cl\/wp-content\/uploads\/2022\/06\/WhatsApp-Image-2022-06-29-at-3.18.54-PM-1-1024x768.jpeg 1024w, https:\/\/portal.sma.gob.cl\/wp-content\/uploads\/2022\/06\/WhatsApp-Image-2022-06-29-at-3.18.54-PM-1-1200x900.jpeg 1200w, https:\/\/portal.sma.gob.cl\/wp-content\/uploads\/2022\/06\/WhatsApp-Image-2022-06-29-at-3.18.54-PM-1.jpeg 1512w\" sizes=\"(max-width: 300px) 100vw, 300px\" \/><\/a>\n\t\t\t<\/dt><\/dl><dl class='gallery-item'>\n\t\t\t<dt class='gallery-icon landscape'>\n\t\t\t\t<a data-rel=\"iLightbox[postimages]\" data-title=\"WhatsApp Image 2022-06-29 at 3.18.54 PM (2)\" data-caption=\"\" href='https:\/\/portal.sma.gob.cl\/wp-content\/uploads\/2022\/06\/WhatsApp-Image-2022-06-29-at-3.18.54-PM-2.jpeg'><img decoding=\"async\" width=\"300\" height=\"217\" src=\"https:\/\/portal.sma.gob.cl\/wp-content\/uploads\/2022\/06\/WhatsApp-Image-2022-06-29-at-3.18.54-PM-2-300x217.jpeg\" class=\"attachment-medium size-medium\" alt=\"\" srcset=\"https:\/\/portal.sma.gob.cl\/wp-content\/uploads\/2022\/06\/WhatsApp-Image-2022-06-29-at-3.18.54-PM-2-200x144.jpeg 200w, https:\/\/portal.sma.gob.cl\/wp-content\/uploads\/2022\/06\/WhatsApp-Image-2022-06-29-at-3.18.54-PM-2-300x217.jpeg 300w, https:\/\/portal.sma.gob.cl\/wp-content\/uploads\/2022\/06\/WhatsApp-Image-2022-06-29-at-3.18.54-PM-2-400x289.jpeg 400w, https:\/\/portal.sma.gob.cl\/wp-content\/uploads\/2022\/06\/WhatsApp-Image-2022-06-29-at-3.18.54-PM-2-600x433.jpeg 600w, https:\/\/portal.sma.gob.cl\/wp-content\/uploads\/2022\/06\/WhatsApp-Image-2022-06-29-at-3.18.54-PM-2-768x554.jpeg 768w, https:\/\/portal.sma.gob.cl\/wp-content\/uploads\/2022\/06\/WhatsApp-Image-2022-06-29-at-3.18.54-PM-2-800x577.jpeg 800w, https:\/\/portal.sma.gob.cl\/wp-content\/uploads\/2022\/06\/WhatsApp-Image-2022-06-29-at-3.18.54-PM-2-1024x739.jpeg 1024w, https:\/\/portal.sma.gob.cl\/wp-content\/uploads\/2022\/06\/WhatsApp-Image-2022-06-29-at-3.18.54-PM-2-1200x866.jpeg 1200w, https:\/\/portal.sma.gob.cl\/wp-content\/uploads\/2022\/06\/WhatsApp-Image-2022-06-29-at-3.18.54-PM-2-1536x1109.jpeg 1536w, https:\/\/portal.sma.gob.cl\/wp-content\/uploads\/2022\/06\/WhatsApp-Image-2022-06-29-at-3.18.54-PM-2.jpeg 1571w\" sizes=\"(max-width: 300px) 100vw, 300px\" \/><\/a>\n\t\t\t<\/dt><\/dl><br style=\"clear: both\" \/><dl class='gallery-item'>\n\t\t\t<dt class='gallery-icon landscape'>\n\t\t\t\t<a data-rel=\"iLightbox[postimages]\" data-title=\"WhatsApp Image 2022-06-29 at 3.18.54 PM\" data-caption=\"\" href='https:\/\/portal.sma.gob.cl\/wp-content\/uploads\/2022\/06\/WhatsApp-Image-2022-06-29-at-3.18.54-PM.jpeg'><img decoding=\"async\" width=\"300\" height=\"229\" src=\"https:\/\/portal.sma.gob.cl\/wp-content\/uploads\/2022\/06\/WhatsApp-Image-2022-06-29-at-3.18.54-PM-300x229.jpeg\" class=\"attachment-medium size-medium\" alt=\"\" srcset=\"https:\/\/portal.sma.gob.cl\/wp-content\/uploads\/2022\/06\/WhatsApp-Image-2022-06-29-at-3.18.54-PM-200x153.jpeg 200w, https:\/\/portal.sma.gob.cl\/wp-content\/uploads\/2022\/06\/WhatsApp-Image-2022-06-29-at-3.18.54-PM-300x229.jpeg 300w, https:\/\/portal.sma.gob.cl\/wp-content\/uploads\/2022\/06\/WhatsApp-Image-2022-06-29-at-3.18.54-PM-400x305.jpeg 400w, https:\/\/portal.sma.gob.cl\/wp-content\/uploads\/2022\/06\/WhatsApp-Image-2022-06-29-at-3.18.54-PM-600x458.jpeg 600w, https:\/\/portal.sma.gob.cl\/wp-content\/uploads\/2022\/06\/WhatsApp-Image-2022-06-29-at-3.18.54-PM-768x586.jpeg 768w, https:\/\/portal.sma.gob.cl\/wp-content\/uploads\/2022\/06\/WhatsApp-Image-2022-06-29-at-3.18.54-PM-800x610.jpeg 800w, https:\/\/portal.sma.gob.cl\/wp-content\/uploads\/2022\/06\/WhatsApp-Image-2022-06-29-at-3.18.54-PM-1024x781.jpeg 1024w, https:\/\/portal.sma.gob.cl\/wp-content\/uploads\/2022\/06\/WhatsApp-Image-2022-06-29-at-3.18.54-PM-1200x915.jpeg 1200w, https:\/\/portal.sma.gob.cl\/wp-content\/uploads\/2022\/06\/WhatsApp-Image-2022-06-29-at-3.18.54-PM.jpeg 1487w\" sizes=\"(max-width: 300px) 100vw, 300px\" \/><\/a>\n\t\t\t<\/dt><\/dl><dl class='gallery-item'>\n\t\t\t<dt class='gallery-icon landscape'>\n\t\t\t\t<a data-rel=\"iLightbox[postimages]\" data-title=\"WhatsApp Image 2022-06-29 at 3.18.55 PM (1)\" data-caption=\"\" href='https:\/\/portal.sma.gob.cl\/wp-content\/uploads\/2022\/06\/WhatsApp-Image-2022-06-29-at-3.18.55-PM-1.jpeg'><img decoding=\"async\" width=\"300\" height=\"169\" src=\"https:\/\/portal.sma.gob.cl\/wp-content\/uploads\/2022\/06\/WhatsApp-Image-2022-06-29-at-3.18.55-PM-1-300x169.jpeg\" class=\"attachment-medium size-medium\" alt=\"\" srcset=\"https:\/\/portal.sma.gob.cl\/wp-content\/uploads\/2022\/06\/WhatsApp-Image-2022-06-29-at-3.18.55-PM-1-200x113.jpeg 200w, https:\/\/portal.sma.gob.cl\/wp-content\/uploads\/2022\/06\/WhatsApp-Image-2022-06-29-at-3.18.55-PM-1-300x169.jpeg 300w, https:\/\/portal.sma.gob.cl\/wp-content\/uploads\/2022\/06\/WhatsApp-Image-2022-06-29-at-3.18.55-PM-1-400x225.jpeg 400w, https:\/\/portal.sma.gob.cl\/wp-content\/uploads\/2022\/06\/WhatsApp-Image-2022-06-29-at-3.18.55-PM-1-600x338.jpeg 600w, https:\/\/portal.sma.gob.cl\/wp-content\/uploads\/2022\/06\/WhatsApp-Image-2022-06-29-at-3.18.55-PM-1-768x432.jpeg 768w, https:\/\/portal.sma.gob.cl\/wp-content\/uploads\/2022\/06\/WhatsApp-Image-2022-06-29-at-3.18.55-PM-1-800x450.jpeg 800w, https:\/\/portal.sma.gob.cl\/wp-content\/uploads\/2022\/06\/WhatsApp-Image-2022-06-29-at-3.18.55-PM-1-1024x576.jpeg 1024w, https:\/\/portal.sma.gob.cl\/wp-content\/uploads\/2022\/06\/WhatsApp-Image-2022-06-29-at-3.18.55-PM-1-1200x675.jpeg 1200w, https:\/\/portal.sma.gob.cl\/wp-content\/uploads\/2022\/06\/WhatsApp-Image-2022-06-29-at-3.18.55-PM-1-1536x864.jpeg 1536w, https:\/\/portal.sma.gob.cl\/wp-content\/uploads\/2022\/06\/WhatsApp-Image-2022-06-29-at-3.18.55-PM-1.jpeg 1600w\" sizes=\"(max-width: 300px) 100vw, 300px\" \/><\/a>\n\t\t\t<\/dt><\/dl><br style=\"clear: both\" \/><dl class='gallery-item'>\n\t\t\t<dt class='gallery-icon landscape'>\n\t\t\t\t<a data-rel=\"iLightbox[postimages]\" data-title=\"WhatsApp Image 2022-06-29 at 3.18.55 PM (2)\" data-caption=\"\" href='https:\/\/portal.sma.gob.cl\/wp-content\/uploads\/2022\/06\/WhatsApp-Image-2022-06-29-at-3.18.55-PM-2.jpeg'><img decoding=\"async\" width=\"300\" height=\"169\" src=\"https:\/\/portal.sma.gob.cl\/wp-content\/uploads\/2022\/06\/WhatsApp-Image-2022-06-29-at-3.18.55-PM-2-300x169.jpeg\" class=\"attachment-medium size-medium\" alt=\"\" srcset=\"https:\/\/portal.sma.gob.cl\/wp-content\/uploads\/2022\/06\/WhatsApp-Image-2022-06-29-at-3.18.55-PM-2-200x113.jpeg 200w, https:\/\/portal.sma.gob.cl\/wp-content\/uploads\/2022\/06\/WhatsApp-Image-2022-06-29-at-3.18.55-PM-2-300x169.jpeg 300w, https:\/\/portal.sma.gob.cl\/wp-content\/uploads\/2022\/06\/WhatsApp-Image-2022-06-29-at-3.18.55-PM-2-400x225.jpeg 400w, https:\/\/portal.sma.gob.cl\/wp-content\/uploads\/2022\/06\/WhatsApp-Image-2022-06-29-at-3.18.55-PM-2-600x338.jpeg 600w, https:\/\/portal.sma.gob.cl\/wp-content\/uploads\/2022\/06\/WhatsApp-Image-2022-06-29-at-3.18.55-PM-2-768x432.jpeg 768w, https:\/\/portal.sma.gob.cl\/wp-content\/uploads\/2022\/06\/WhatsApp-Image-2022-06-29-at-3.18.55-PM-2-800x450.jpeg 800w, https:\/\/portal.sma.gob.cl\/wp-content\/uploads\/2022\/06\/WhatsApp-Image-2022-06-29-at-3.18.55-PM-2-1024x576.jpeg 1024w, https:\/\/portal.sma.gob.cl\/wp-content\/uploads\/2022\/06\/WhatsApp-Image-2022-06-29-at-3.18.55-PM-2-1200x675.jpeg 1200w, https:\/\/portal.sma.gob.cl\/wp-content\/uploads\/2022\/06\/WhatsApp-Image-2022-06-29-at-3.18.55-PM-2.jpeg 1280w\" sizes=\"(max-width: 300px) 100vw, 300px\" \/><\/a>\n\t\t\t<\/dt><\/dl><dl class='gallery-item'>\n\t\t\t<dt class='gallery-icon landscape'>\n\t\t\t\t<a data-rel=\"iLightbox[postimages]\" data-title=\"WhatsApp Image 2022-06-29 at 3.18.55 PM\" data-caption=\"\" href='https:\/\/portal.sma.gob.cl\/wp-content\/uploads\/2022\/06\/WhatsApp-Image-2022-06-29-at-3.18.55-PM.jpeg'><img decoding=\"async\" width=\"300\" height=\"220\" src=\"https:\/\/portal.sma.gob.cl\/wp-content\/uploads\/2022\/06\/WhatsApp-Image-2022-06-29-at-3.18.55-PM-300x220.jpeg\" class=\"attachment-medium size-medium\" alt=\"\" srcset=\"https:\/\/portal.sma.gob.cl\/wp-content\/uploads\/2022\/06\/WhatsApp-Image-2022-06-29-at-3.18.55-PM-200x147.jpeg 200w, https:\/\/portal.sma.gob.cl\/wp-content\/uploads\/2022\/06\/WhatsApp-Image-2022-06-29-at-3.18.55-PM-300x220.jpeg 300w, https:\/\/portal.sma.gob.cl\/wp-content\/uploads\/2022\/06\/WhatsApp-Image-2022-06-29-at-3.18.55-PM-400x293.jpeg 400w, https:\/\/portal.sma.gob.cl\/wp-content\/uploads\/2022\/06\/WhatsApp-Image-2022-06-29-at-3.18.55-PM-600x440.jpeg 600w, https:\/\/portal.sma.gob.cl\/wp-content\/uploads\/2022\/06\/WhatsApp-Image-2022-06-29-at-3.18.55-PM-768x563.jpeg 768w, https:\/\/portal.sma.gob.cl\/wp-content\/uploads\/2022\/06\/WhatsApp-Image-2022-06-29-at-3.18.55-PM-800x586.jpeg 800w, https:\/\/portal.sma.gob.cl\/wp-content\/uploads\/2022\/06\/WhatsApp-Image-2022-06-29-at-3.18.55-PM-1024x750.jpeg 1024w, https:\/\/portal.sma.gob.cl\/wp-content\/uploads\/2022\/06\/WhatsApp-Image-2022-06-29-at-3.18.55-PM-1200x879.jpeg 1200w, https:\/\/portal.sma.gob.cl\/wp-content\/uploads\/2022\/06\/WhatsApp-Image-2022-06-29-at-3.18.55-PM.jpeg 1280w\" sizes=\"(max-width: 300px) 100vw, 300px\" \/><\/a>\n\t\t\t<\/dt><\/dl><br style=\"clear: both\" \/><dl class='gallery-item'>\n\t\t\t<dt class='gallery-icon landscape'>\n\t\t\t\t<a data-rel=\"iLightbox[postimages]\" data-title=\"WhatsApp Image 2022-06-29 at 3.18.56 PM\" data-caption=\"\" href='https:\/\/portal.sma.gob.cl\/wp-content\/uploads\/2022\/06\/WhatsApp-Image-2022-06-29-at-3.18.56-PM.jpeg'><img decoding=\"async\" width=\"300\" height=\"202\" src=\"https:\/\/portal.sma.gob.cl\/wp-content\/uploads\/2022\/06\/WhatsApp-Image-2022-06-29-at-3.18.56-PM-300x202.jpeg\" class=\"attachment-medium size-medium\" alt=\"\" srcset=\"https:\/\/portal.sma.gob.cl\/wp-content\/uploads\/2022\/06\/WhatsApp-Image-2022-06-29-at-3.18.56-PM-200x134.jpeg 200w, https:\/\/portal.sma.gob.cl\/wp-content\/uploads\/2022\/06\/WhatsApp-Image-2022-06-29-at-3.18.56-PM-300x202.jpeg 300w, https:\/\/portal.sma.gob.cl\/wp-content\/uploads\/2022\/06\/WhatsApp-Image-2022-06-29-at-3.18.56-PM-400x269.jpeg 400w, https:\/\/portal.sma.gob.cl\/wp-content\/uploads\/2022\/06\/WhatsApp-Image-2022-06-29-at-3.18.56-PM-600x403.jpeg 600w, https:\/\/portal.sma.gob.cl\/wp-content\/uploads\/2022\/06\/WhatsApp-Image-2022-06-29-at-3.18.56-PM-768x516.jpeg 768w, https:\/\/portal.sma.gob.cl\/wp-content\/uploads\/2022\/06\/WhatsApp-Image-2022-06-29-at-3.18.56-PM-800x538.jpeg 800w, https:\/\/portal.sma.gob.cl\/wp-content\/uploads\/2022\/06\/WhatsApp-Image-2022-06-29-at-3.18.56-PM-1024x688.jpeg 1024w, https:\/\/portal.sma.gob.cl\/wp-content\/uploads\/2022\/06\/WhatsApp-Image-2022-06-29-at-3.18.56-PM-1200x806.jpeg 1200w, https:\/\/portal.sma.gob.cl\/wp-content\/uploads\/2022\/06\/WhatsApp-Image-2022-06-29-at-3.18.56-PM.jpeg 1280w\" sizes=\"(max-width: 300px) 100vw, 300px\" \/><\/a>\n\t\t\t<\/dt><\/dl>\n\t\t\t<br style='clear: both' \/>\n\t\t<\/div>\n\n","protected":false},"excerpt":{"rendered":"<p>La iniciativa consiste en una primera fase de una Red de Sensores que estar\u00e1n ubicados en 3 colegios donde se instalar\u00e1n olfat\u00f3metros que permitir\u00e1n monitorear Compuestos Org\u00e1nicos Vol\u00e1tiles (COVs), entre otros, para detectar tempranamente episodios que pongan en riesgo la salud de las comunidades escolares.<\/p>\n","protected":false},"author":9,"featured_media":24444,"comment_status":"open","ping_status":"open","sticky":false,"template":"","format":"standard","meta":{"footnotes":""},"categories":[90,107,225,231],"tags":[],"class_list":["post-24440","post","type-post","status-publish","format-standard","has-post-thumbnail","hentry","category-comunicados-noticias","category-destacado","category-macrozona-centro","category-valparaiso"],"_links":{"self":[{"href":"https:\/\/portal.sma.gob.cl\/index.php\/wp-json\/wp\/v2\/posts\/24440","targetHints":{"allow":["GET"]}}],"collection":[{"href":"https:\/\/portal.sma.gob.cl\/index.php\/wp-json\/wp\/v2\/posts"}],"about":[{"href":"https:\/\/portal.sma.gob.cl\/index.php\/wp-json\/wp\/v2\/types\/post"}],"author":[{"embeddable":true,"href":"https:\/\/portal.sma.gob.cl\/index.php\/wp-json\/wp\/v2\/users\/9"}],"replies":[{"embeddable":true,"href":"https:\/\/portal.sma.gob.cl\/index.php\/wp-json\/wp\/v2\/comments?post=24440"}],"version-history":[{"count":6,"href":"https:\/\/portal.sma.gob.cl\/index.php\/wp-json\/wp\/v2\/posts\/24440\/revisions"}],"predecessor-version":[{"id":26140,"href":"https:\/\/portal.sma.gob.cl\/index.php\/wp-json\/wp\/v2\/posts\/24440\/revisions\/26140"}],"wp:featuredmedia":[{"embeddable":true,"href":"https:\/\/portal.sma.gob.cl\/index.php\/wp-json\/wp\/v2\/media\/24444"}],"wp:attachment":[{"href":"https:\/\/portal.sma.gob.cl\/index.php\/wp-json\/wp\/v2\/media?parent=24440"}],"wp:term":[{"taxonomy":"category","embeddable":true,"href":"https:\/\/portal.sma.gob.cl\/index.php\/wp-json\/wp\/v2\/categories?post=24440"},{"taxonomy":"post_tag","embeddable":true,"href":"https:\/\/portal.sma.gob.cl\/index.php\/wp-json\/wp\/v2\/tags?post=24440"}],"curies":[{"name":"wp","href":"https:\/\/api.w.org\/{rel}","templated":true}]}}