{"id":24727,"date":"2022-07-14T09:44:51","date_gmt":"2022-07-14T13:44:51","guid":{"rendered":"https:\/\/portal.sma.gob.cl\/?p=24727"},"modified":"2022-07-14T09:53:16","modified_gmt":"2022-07-14T13:53:16","slug":"puerto-varas-sma-ordena-medidas-a-relleno-sanitario-la-laja","status":"publish","type":"post","link":"https:\/\/portal.sma.gob.cl\/index.php\/puerto-varas-sma-ordena-medidas-a-relleno-sanitario-la-laja\/","title":{"rendered":"Puerto Varas: SMA ordena medidas a Relleno Sanitario La Laja"},"content":{"rendered":"<p><strong>M\u00e1s de 50 denuncias ciudadanas motivaron las fiscalizaciones y dictaci\u00f3n de medidas provisionales contra el relleno sanitario operado por la Municipalidad de Puerto Varas, respecto al manejo del biog\u00e1s y a los residuos l\u00edquidos (lixiviados) que se generan desde la masa de residuos.<\/strong><\/p>\n<p><strong>Puerto Varas, 14 de julio de 2022.<\/strong> La Superintendencia del Medio Ambiente ha notificado a la Ilustre Municipalidad de Puerto Varas, titular del \u201cRelleno Sanitario La Laja\u201d, la necesidad de adoptar medidas provisionales pre-procedimentales por un plazo de 15 d\u00edas h\u00e1biles, respecto a su sistema de quema de biog\u00e1s y del sistema de lixiviados (residuos l\u00edquidos que se generan en la disposici\u00f3n de residuos en los alv\u00e9olos).<\/p>\n<p>\u201cEstas medidas se toman debido a la deficiente captaci\u00f3n de los gases generados en la masa de residuos y a los afloramientos de lixiviados en ciertas zonas del relleno, junto a la mezcla con aguas lluvias conlleva la emanaci\u00f3n de malos olores, que pueden afectar a la comunidad cercana a la instalaci\u00f3n, situaci\u00f3n que hace que se genere un riesgo inminente a la salud de las personas\u201d, explica la Jefa Regional de Los Lagos, Ivonne Mansilla.<\/p>\n<p>Cabe destacar que en este caso se suman m\u00e1s de 50 denuncias recibidas, especialmente entre los meses de abril y mayo de 2022. La mayor\u00eda se relaciona con olores molestos que perciben vecinas y vecinos de la parte Norte y Sur del proyecto. Dicha instalaci\u00f3n se ubica en un predio de 179 hect\u00e1reas en Puerto Varas, y recibe residuos domiciliarios de 7 comunas de la provincia de Llanquihue: Puerto Montt, Puerto Varas, Llanquihue, Fresia, Frutillar, Calbuco y Maull\u00edn.<\/p>\n<p>\u201cEn este caso, se han desarrollado acciones de fiscalizaci\u00f3n por nuestra Oficina Regional y se est\u00e1n dictando medidas que buscan una mejora r\u00e1pida a los temas de olores molestos denunciados por la comunidad. Este proyecto cuenta con una Resoluci\u00f3n de Calificaci\u00f3n Ambiental que lo regula, y estamos buscando el cumplimiento de todas las medidas que all\u00ed se establecen para su buen funcionamiento, y, sobre todo, para resguardar la salud de las vecinas y vecinos\u201d, explica el Superintendente del Medio Ambiente (S), Emanuel Ibarra.<\/p>\n<p>Las medidas solicitadas por la SMA al relleno respecto del <strong>biog\u00e1s<\/strong> que se genera en los taludes donde se disponen los residuos son:<\/p>\n<ol>\n<li><strong>Migraci\u00f3n de biog\u00e1s en taludes<\/strong>: Identificar las zonas por las cuales se encuentra emigrando el biog\u00e1s y que no est\u00e1 siendo captado por el sistema de la red de captaci\u00f3n actual, debiendo informar a trav\u00e9s de un cronograma, todas las acciones que se realizar\u00e1n para mejorar la captaci\u00f3n y quema del biog\u00e1s en la chimenea.<\/li>\n<li><strong>Funcionamiento de antorcha central y chimeneas no conectadas al sistema de recolecci\u00f3n de la antorcha central: <\/strong>Acreditar que el quemador central y chimeneas con quemadores no conectadas al sistema de red se encuentran funcionando.<\/li>\n<\/ol>\n<p>Respecto al<strong> manejo y control de lixiviados<\/strong>, que se generan como l\u00edquidos percolados a trav\u00e9s de la basura, y que pueden provocar malos olores, las medidas que se mandatan son:<\/p>\n<ol>\n<li><strong>Afloramiento de lixiviados en taludes: <\/strong>Catastrar afloramientos de lixiviado en los diferentes taludes del alveolo uno (1), identificar si estos corresponden a un episodio puntual o de flujo continuo y proceder a su eliminaci\u00f3n, de acuerdo a lo se\u00f1alado en su Resoluci\u00f3n de Calificaci\u00f3n Ambiental.<\/li>\n<li><strong>Extracci\u00f3n de aguas lluvias mezcladas con lixiviados y residuos: <\/strong>Realizar la extracci\u00f3n total de las aguas lluvias mezcladas con lixiviados y residuos en los canales perimetrales que se encuentran en la parte basal del alveolo uno (1), y de los canales perimetrales del sector 1 de disposici\u00f3n de residuos del alveolo dos (2). Adem\u00e1s, se deber\u00e1 extraer de forma permanente y diaria, todas las aguas lluvias mezcladas con lixiviados y residuos que se encuentran en las sobreceldas del alveolo uno (1) y de las que se encuentran al interior del alveolo dos (2).<\/li>\n<li><strong>Muestreo y an\u00e1lisis de aguas del Wetland: <\/strong>Realizar mediante una Entidad T\u00e9cnica de Fiscalizaci\u00f3n Ambiental (ETFA) autorizada y vigente por la SMA, la toma de muestras de las aguas que ingresan al wetland y las aguas de salida previa a la descarga.<\/li>\n<\/ol>\n<p>Todas estas acciones deber\u00e1n ser reportadas por la Municipalidad a la SMA a trav\u00e9s de un \u201creporte de cumplimiento\u201d en un plazo de 10 d\u00edas h\u00e1biles, contados desde el vencimiento de cada medida.<\/p>\n<p>Cabe destacar que incumplimiento de las medidas provisionales dictadas por esta Superintendencia constituye una infracci\u00f3n sancionable por este organismo.<\/p>\n","protected":false},"excerpt":{"rendered":"<p>M\u00e1s de 50 denuncias ciudadanas motivaron las fiscalizaciones y dictaci\u00f3n de medidas provisionales contra el relleno sanitario operado por la Municipalidad de Puerto Varas, respecto al manejo del biog\u00e1s y a los residuos l\u00edquidos (lixiviados) que se generan desde la masa de residuos. Puerto Varas, 14 de julio de 2022. La Superintendencia del Medio Ambiente ha <a href=\"https:\/\/portal.sma.gob.cl\/index.php\/puerto-varas-sma-ordena-medidas-a-relleno-sanitario-la-laja\/\">Leer m\u00e1s<\/a><\/p>\n","protected":false},"author":9,"featured_media":24731,"comment_status":"open","ping_status":"open","sticky":false,"template":"","format":"standard","meta":{"footnotes":""},"categories":[90,107,239,226],"tags":[],"class_list":["post-24727","post","type-post","status-publish","format-standard","has-post-thumbnail","hentry","category-comunicados-noticias","category-destacado","category-los-lagos","category-macrozona-sur"],"_links":{"self":[{"href":"https:\/\/portal.sma.gob.cl\/index.php\/wp-json\/wp\/v2\/posts\/24727","targetHints":{"allow":["GET"]}}],"collection":[{"href":"https:\/\/portal.sma.gob.cl\/index.php\/wp-json\/wp\/v2\/posts"}],"about":[{"href":"https:\/\/portal.sma.gob.cl\/index.php\/wp-json\/wp\/v2\/types\/post"}],"author":[{"embeddable":true,"href":"https:\/\/portal.sma.gob.cl\/index.php\/wp-json\/wp\/v2\/users\/9"}],"replies":[{"embeddable":true,"href":"https:\/\/portal.sma.gob.cl\/index.php\/wp-json\/wp\/v2\/comments?post=24727"}],"version-history":[{"count":3,"href":"https:\/\/portal.sma.gob.cl\/index.php\/wp-json\/wp\/v2\/posts\/24727\/revisions"}],"predecessor-version":[{"id":24733,"href":"https:\/\/portal.sma.gob.cl\/index.php\/wp-json\/wp\/v2\/posts\/24727\/revisions\/24733"}],"wp:featuredmedia":[{"embeddable":true,"href":"https:\/\/portal.sma.gob.cl\/index.php\/wp-json\/wp\/v2\/media\/24731"}],"wp:attachment":[{"href":"https:\/\/portal.sma.gob.cl\/index.php\/wp-json\/wp\/v2\/media?parent=24727"}],"wp:term":[{"taxonomy":"category","embeddable":true,"href":"https:\/\/portal.sma.gob.cl\/index.php\/wp-json\/wp\/v2\/categories?post=24727"},{"taxonomy":"post_tag","embeddable":true,"href":"https:\/\/portal.sma.gob.cl\/index.php\/wp-json\/wp\/v2\/tags?post=24727"}],"curies":[{"name":"wp","href":"https:\/\/api.w.org\/{rel}","templated":true}]}}