{"id":24780,"date":"2022-07-22T14:46:51","date_gmt":"2022-07-22T18:46:51","guid":{"rendered":"https:\/\/portal.sma.gob.cl\/?p=24780"},"modified":"2022-07-22T14:54:49","modified_gmt":"2022-07-22T18:54:49","slug":"linares-sma-aplica-sancion-de-clausura-temporal-a-frigorifico-antillal-hasta-que-implemente-medidas-que-mitiguen-ruidos-molestos","status":"publish","type":"post","link":"https:\/\/portal.sma.gob.cl\/index.php\/linares-sma-aplica-sancion-de-clausura-temporal-a-frigorifico-antillal-hasta-que-implemente-medidas-que-mitiguen-ruidos-molestos\/","title":{"rendered":"Linares: SMA aplica sanci\u00f3n de clausura temporal a Frigor\u00edfico Antillal hasta que implemente medidas que mitiguen ruidos molestos"},"content":{"rendered":"<ul>\n<li><strong>La decisi\u00f3n se adopt\u00f3 considerando que instalaci\u00f3n tiene m\u00e1quinas de enfriamiento que emiten ruido diurno y nocturno, superando los niveles de presi\u00f3n sonora en zona rural. Ahora se deber\u00e1 cumplir con el tr\u00e1mite de consulta ante el Segundo Tribunal Ambiental de Santiago.<\/strong><\/li>\n<\/ul>\n<p><!--more--><\/p>\n<p><strong>Linares, 22 de julio de 2022. <\/strong>La Superintendencia del Medio Ambiente (SMA) ha finalizado el procedimiento sancionatorio contra Sociedad Comercial Antillal Limitada, titular de Frigor\u00edfico Antillal, ubicado en Parcela 22, Lote 1, sector San Antonio Lamas, comuna de Linares.<\/p>\n<p>Este establecimiento agroindustrial recepciona y procesa frutas congeladas. Tiene una capacidad de procesamiento de 250 toneladas y cuenta con equipos de enfriamiento. Su operaci\u00f3n implica turnos en horario diurno y nocturno y es una fuente emisora de ruido, seg\u00fan el D.S. N\u00b0 38\/2011.<\/p>\n<p>Respecto de esta planta la Oficina Regional del Maule ha recepcionado diversas denuncias por ruidos. \u201cVecinas y vecinos del sector San Antonio Lamas nos han presentado reiteradamente sus quejas al respecto. Por ello, se realizaron fiscalizaciones en terreno por parte de la SMA y de la Seremi de Salud del Maule. En estas se estableci\u00f3 el incumplimiento de la norma de ruido, pues superaba el l\u00edmite de presi\u00f3n sonora para zona rural en horario diurno y nocturno\u201d, explica la Jefa Regional del Maule, Mariela Valenzuela.<\/p>\n<p>En este caso, la SMA ha dictado en dos ocasiones medidas cautelares: unas provisionales y medidas urgentes y transitorias contra la empresa (en 2018 y en 2019), ordenando la implementaci\u00f3n de un muro perimetral de 3 metros con aislante ac\u00fastico, para posteriormente realizar mediciones en receptores sensibles con una Entidad de Fiscalizaci\u00f3n Ambiental (ETFA) autorizada por la Superintendencia. En ambos casos, la empresa no implement\u00f3 las medidas, ni dio respuesta a los requerimientos de la SMA. Por ello, considerando la conducta de la compa\u00f1\u00eda, el proceso sancionatorio concluye con la clausura temporal del Frigor\u00edfico Antillal.<\/p>\n<p>\u201cLa sanci\u00f3n de clausura temporal que aplicamos tiene un car\u00e1cter preventivo y busca que la empresa, antes de seguir operando, tome todas las medidas de mitigaci\u00f3n de ruidos molestos que corresponden, las cuales por a\u00f1os no ha implementado\u201d, afirma el Superintendente del Medio Ambiente (S), Emanuel Ibarra.<\/p>\n<p>Entre las circunstancias que se tomaron en cuenta para esta sanci\u00f3n \u2014afirma la autoridad\u2014 est\u00e1 el peligro ocasionado por su infracci\u00f3n, el n\u00famero de personas cuya salud pudo afectarse, la intencionalidad en la comisi\u00f3n de las infracciones y la conducta anterior negativa del infractor, a quien se le ha sancionado en dos ocasiones por incumplimientos asociados al mismo componente ambiental. \u201cEstamos frente a un infractor contumaz, que presenta un alto nivel de incumplimiento, y que revela una falta de compromiso con el cumplimiento de la normativa ambiental\u201d, finaliza Ibarra.<\/p>\n<p>En este caso, como la sanci\u00f3n incluye una de las medidas m\u00e1s gravosas que dispone la Superintendencia, \u00e9sta debe elevarse en consulta al Segundo Tribunal Ambiental. Respecto a la empresa, ella cuenta con 5 d\u00edas h\u00e1biles para presentar un recurso de reposici\u00f3n ante la SMA, o bien, puede presentar un reclamo de ilegalidad ante el mismo tribunal.<\/p>\n<p><strong>_______________________________________________________________________________<\/strong><\/p>\n<p><strong>Rol de la SMA:<\/strong> en el contexto de la institucionalidad ambiental actual en Chile, la Superintendencia del Medio Ambiente cumple un rol fiscalizador y de sanci\u00f3n sobre los instrumentos de gesti\u00f3n ambiental vigentes en el pa\u00eds (Ley 19.300): Resoluciones de Calificaci\u00f3n (RCA), Normas de Emisi\u00f3n, Normas de Calidad y Planes de Prevenci\u00f3n y\/o de Descontaminaci\u00f3n Ambiental, entre otros.<\/p>\n<p>&nbsp;<\/p>\n","protected":false},"excerpt":{"rendered":"<p>La decisi\u00f3n se adopt\u00f3 considerando que instalaci\u00f3n tiene m\u00e1quinas de enfriamiento que emiten ruido diurno y nocturno, superando los niveles de presi\u00f3n sonora en zona rural. Ahora se deber\u00e1 cumplir con el tr\u00e1mite de consulta ante el Segundo Tribunal Ambiental de Santiago.<\/p>\n","protected":false},"author":9,"featured_media":24782,"comment_status":"open","ping_status":"open","sticky":false,"template":"","format":"standard","meta":{"footnotes":""},"categories":[90,107,225,234],"tags":[],"class_list":["post-24780","post","type-post","status-publish","format-standard","has-post-thumbnail","hentry","category-comunicados-noticias","category-destacado","category-macrozona-centro","category-maule"],"_links":{"self":[{"href":"https:\/\/portal.sma.gob.cl\/index.php\/wp-json\/wp\/v2\/posts\/24780","targetHints":{"allow":["GET"]}}],"collection":[{"href":"https:\/\/portal.sma.gob.cl\/index.php\/wp-json\/wp\/v2\/posts"}],"about":[{"href":"https:\/\/portal.sma.gob.cl\/index.php\/wp-json\/wp\/v2\/types\/post"}],"author":[{"embeddable":true,"href":"https:\/\/portal.sma.gob.cl\/index.php\/wp-json\/wp\/v2\/users\/9"}],"replies":[{"embeddable":true,"href":"https:\/\/portal.sma.gob.cl\/index.php\/wp-json\/wp\/v2\/comments?post=24780"}],"version-history":[{"count":1,"href":"https:\/\/portal.sma.gob.cl\/index.php\/wp-json\/wp\/v2\/posts\/24780\/revisions"}],"predecessor-version":[{"id":24781,"href":"https:\/\/portal.sma.gob.cl\/index.php\/wp-json\/wp\/v2\/posts\/24780\/revisions\/24781"}],"wp:featuredmedia":[{"embeddable":true,"href":"https:\/\/portal.sma.gob.cl\/index.php\/wp-json\/wp\/v2\/media\/24782"}],"wp:attachment":[{"href":"https:\/\/portal.sma.gob.cl\/index.php\/wp-json\/wp\/v2\/media?parent=24780"}],"wp:term":[{"taxonomy":"category","embeddable":true,"href":"https:\/\/portal.sma.gob.cl\/index.php\/wp-json\/wp\/v2\/categories?post=24780"},{"taxonomy":"post_tag","embeddable":true,"href":"https:\/\/portal.sma.gob.cl\/index.php\/wp-json\/wp\/v2\/tags?post=24780"}],"curies":[{"name":"wp","href":"https:\/\/api.w.org\/{rel}","templated":true}]}}