{"id":24784,"date":"2022-07-25T14:35:24","date_gmt":"2022-07-25T18:35:24","guid":{"rendered":"https:\/\/portal.sma.gob.cl\/?p=24784"},"modified":"2025-03-03T14:11:12","modified_gmt":"2025-03-03T17:11:12","slug":"webinar-redlafica-abordo-la-participacion-ciudadana-plataformas-y-su-relacion-con-el-acuerdo-de-escazu","status":"publish","type":"post","link":"https:\/\/portal.sma.gob.cl\/index.php\/webinar-redlafica-abordo-la-participacion-ciudadana-plataformas-y-su-relacion-con-el-acuerdo-de-escazu\/","title":{"rendered":"Webinar REDLAFICA abord\u00f3 la participaci\u00f3n ciudadana, plataformas y su relaci\u00f3n con el acuerdo de Escaz\u00fa"},"content":{"rendered":"<p><strong>La actividad, convocada por la Red Latinoamericana de Fiscalizaci\u00f3n y Cumplimiento Ambiental (Redlafica) y el Banco Interamericano de Desarrollo (BID) cont\u00f3 con ponencias de Cepal, Banco Mundial, Procuradur\u00eda Federal de Protecci\u00f3n Ambiental del Gobierno de M\u00e9xico, y la exposici\u00f3n de la ministra del Medio Ambiente de Chile, Maisa Rojas.<\/strong><\/p>\n<p><strong>25 de julio 2022, Santiago de Chile<\/strong>. El pasado viernes 22 de julio, y con cerca de 150 personas conectadas, se realiz\u00f3 el Webinar \u201cParticipaci\u00f3n ciudadana, plataformas y su relaci\u00f3n con el acuerdo de Escaz\u00fa\u201d. La actividad forma parte del programa anual de la Red Latinoamericana de Fiscalizaci\u00f3n y Cumplimiento Ambiental (Redlafica) 2022 y cont\u00f3 con el apoyo del Banco Interamericano de Desarrollo (BID), formando parte del Di\u00e1logo Regional de Pol\u00edticas de Fiscalizaci\u00f3n y Cumplimiento Ambiental en su versi\u00f3n 2022.<\/p>\n<p>La actividad fue iniciada por <strong>\u00d3scar Came, Jefe de la Unidad de Soluciones Ambientales y Sociales del BID,<\/strong> quien dio la bienvenida a los asistentes y resalt\u00f3 la importancia de estos eventos multilaterales que re\u00fanen a distintos pa\u00edses de la Redlafica, con la cual el BID tiene una estrecha relaci\u00f3n. Luego, este webinar fue conducido por <strong>Cristi\u00e1n P\u00e9rez, especialista del BID<\/strong>.<\/p>\n<p>Posteriormente, el <strong>Superintendente del Medio Ambiente (S) de Chile, Emanuel Ibarra<\/strong> \u2014quien es el presidente pro tempore de Redlafica\u2014 agradeci\u00f3 la instancia que permite la colaboraci\u00f3n entre distintas organizaciones de Am\u00e9rica Latina en torno al Acuerdo Regional sobre el Acceso a la Informaci\u00f3n, la Participaci\u00f3n P\u00fablica y el Acceso a la Justicia en Asuntos Ambientales en Am\u00e9rica Latina y el Caribe, tambi\u00e9n conocido como Acuerdo de Escaz\u00fa. Al respecto reflexion\u00f3 sobre la importancia de dicho acuerdo \u201cque tiene el objetivo de garantizar la participaci\u00f3n, transparencia y el acceso a la justicia ambiental, temas que tradicionalmente se han visto como un obst\u00e1culo para el desarrollo de proyectos. Pero muchos organismos p\u00fablicos hemos visto que esto, m\u00e1s que poner una traba a la econom\u00eda, permite el desarrollo de proyectos y disminuye la judicializaci\u00f3n, al tener m\u00e1s transparencia desde el inicio de la tramitaci\u00f3n de licencias ambientales hasta una adecuada fiscalizaci\u00f3n. Los invito a pensar en este desaf\u00edo en la jornada\u201d, sostuvo.<\/p>\n<p>Luego fue el turno de la exposici\u00f3n de <strong>Gabriela Burdiles, Oficial Asociada del Acuerdo Sobre el Acceso del Acuerdo de Escaz\u00fa de la CEPAL,<\/strong> quien realiz\u00f3 una exposici\u00f3n detallada de dicha instancia y sus aspectos centrales. En ese sentido, destac\u00f3 que Latinoam\u00e9rica y el Caribe est\u00e1n enfrentando fuertemente la crisis de cambio clim\u00e1tico, contaminaci\u00f3n, biodiversidad. En esta \u00faltima materia \u201cLatinoam\u00e9rica es una de las regiones que m\u00e1s biodiversidad ha perdido\u201d, explic\u00f3 la especialista, a\u00f1adiendo que en cuanto a conflictos ambientales \u2014seg\u00fan cifras del ATLAS de la Justicia Ambiental\u2014 en Am\u00e9rica Latina se concentran 1.013 casos de los 3.705 a nivel mundial, representando un 27%. \u201cEn ese sentido, Escaz\u00fa se construye sobre el concepto de democracia ambiental. En el trasfondo, permitir\u00e1 dar confianza en las decisiones, prevenir conflictos, transparencia, seguridad jur\u00eddica y Estado de derecho\u201d.<\/p>\n<p>Posteriormente fue el turno de <strong>Juan Mart\u00ednez, L\u00edder de la Practica Social, Unidad de Soluciones Ambientales y Sociales del BID<\/strong>, quien explic\u00f3 que el acuerdo de Escaz\u00fa conversa con el Marco de Pol\u00edtica Ambiental y Social del banco, el cual fue aprobado a fines del a\u00f1o 2021 y cuenta con 10 normas o est\u00e1ndares. En ese sentido, tiene complementariedad con el acuerdo, pues el \u201cRespeto de los DD.HH., la no discriminaci\u00f3n e inclusi\u00f3n de grupos vulnerables, el establecer un enfoque sistem\u00e1tico de participaci\u00f3n de las partes interesadas y un compromiso participaci\u00f3n abierto, transparente e incluyente, a lo largo del ciclo de vida de las operaciones financiadas\u201d, son sin duda normas que se entrelazan con el esp\u00edritu del acuerdo.<\/p>\n<p>Por su parte, <strong>Basti\u00e1n Gonzalo Past\u00e9n, Especialista Senior en Desarrollo Social del Banco Mundial,<\/strong> coincidi\u00f3 con la visi\u00f3n del BID: \u201cla banca multilateral est\u00e1 tendiendo a una estandarizaci\u00f3n de mecanismos de evaluaci\u00f3n y gesti\u00f3n de riesgos, d\u00e1ndole un mayor \u00e9nfasis a la dimensi\u00f3n social de los proyectos. En este sentido, el Acuerdo de Escaz\u00fa viene a fortalecer los sistemas nacionales, refuerza el multilateralismo y ayuda a la gobernanza ambiental\u201d.<\/p>\n<p>Luego, vino la presentaci\u00f3n de la <strong>Ministra de Medio Ambiente de Chile, Maisa Rojas,<\/strong> quien hizo \u00e9nfasis en que Chile se uni\u00f3 a los 24 pa\u00edses ya firmantes del Acuerdo de Escaz\u00fa \u201ccon una aprobaci\u00f3n en el Congreso que fue transversal. La democracia ambiental fue bastante bien recibida\u201d, explic\u00f3. Asimismo, destac\u00f3 que Chile tiene bastantes avances en l\u00ednea con dicho acuerdo, como la Ley 20.285 de Transparencia, la Ley Bases Generales de Medio Ambiente, la Ley Marco de Cambio Clim\u00e1tico, entre otras. En tanto, respecto a desaf\u00edos, coment\u00f3 que recientemente se comenz\u00f3 a aplicar la transmisi\u00f3n en directo de las sesiones del Consejo de Ministros para la Sustentabilidad y el Cambio Clim\u00e1tico, lo cual va en l\u00ednea con la transparencia y participaci\u00f3n ciudadana.<\/p>\n<p>A su vez, Rojas destac\u00f3 que el acuerdo de Escaz\u00fa va en l\u00ednea con el \u201cconcepto de transici\u00f3n socio-ecol\u00f3gica justa que promovemos como primer gobierno ecol\u00f3gico. Esta transici\u00f3n busca llevar adelante un proceso, donde el concepto de \u2018justo\u2019 va en l\u00ednea con dar prioridad a los territorios m\u00e1s vulnerables. Esto pensando en que los costos del desarrollo no los sigan pagando los mismos de siempre, por ello estamos comprometidos a ir sacando las energ\u00edas contaminantes y pasar a nuevas energ\u00edas limpias o verdes, con \u00e9nfasis en esos territorios que tristemente hab\u00edan sido llamados \u2018zonas de sacrificio\u2019, pero que ahora queremos nombrarlos como \u2018zonas de transici\u00f3n\u00b4\u201d, explic\u00f3.<\/p>\n<p>El taller finaliz\u00f3 con la exposici\u00f3n de la <strong>Procuradur\u00eda Federal de Protecci\u00f3n Ambiental, PROFEPA, del Gobierno de M\u00e9xico. Florisel Santiago, Directora General de Denuncias Ambientales, Quejas y Participaci\u00f3n Social<\/strong>, explic\u00f3 el procedimiento de denuncia popular y de inspecci\u00f3n como mecanismos de acceso a la justicia ambiental. Inform\u00f3 que cuentan con diversos canales para estas denuncias: telef\u00f3nica, correo, portal, presencial. Y esto, da lugar a procesos administrativos para la fiscalizaci\u00f3n y reparaci\u00f3n ambiental. \u201cEs un avance importante para nosotros. Es la base para ir implementando el Acuerdo de Escaz\u00fa que es muy importante para Am\u00e9rica Latina y avanzar en justicia ambiental\u201d, sostuvo.<\/p>\n<p>Por su parte, <strong>Maxime Le Bail, Director de \u00c1rea Cooperaci\u00f3n Internacional de PROFEPA<\/strong> coment\u00f3 un acuerdo de colaboraci\u00f3n que tienen M\u00e9xico y Argentina para intercambiar experiencias y herramientas para implementar el acuerdo de Escaz\u00fa. Este se basa en 4 ejes: dise\u00f1o y manejo de sistemas de informaci\u00f3n; mecanismos de participaci\u00f3n p\u00fablica; educaci\u00f3n, capacitaci\u00f3n, sensibilizaci\u00f3n en materia ambiental y el an\u00e1lisis comparativo de marcos institucionales. En ese sentido, explic\u00f3 que se realizar\u00e1n visitas de campo en ambos pa\u00edses para \u201cpoder entender los retos del territorio, ya que hay que reflexionar respecto a la justicia ambiental: no se puede esperar que una persona de un \u00e1rea desprotegida, que no conoce sus derechos pueda reclamarlos. En Latinoam\u00e9rica tenemos muchas comunidades ind\u00edgenas donde no todos hablan espa\u00f1ol, donde hay dificultades geogr\u00e1ficas, sociales, y todo eso debe levantarse y recogerse a la hora de generar pol\u00edticas de acceso a la justicia ambiental\u201d, reflexion\u00f3.<\/p>\n<p>Para revisar todo el Webinar ingresar al siguiente <a href=\"https:\/\/www.youtube.com\/watch?v=iDNFoRi_oos\">link<\/a><\/p>\n<div class=\"video-shortcode\"><iframe title=\"Webinar: &quot;Acuerdo de Escaz\u00fa: plataformas para la participaci\u00f3n ciudadana&quot;\" width=\"1100\" height=\"619\" src=\"https:\/\/www.youtube.com\/embed\/iDNFoRi_oos?feature=oembed\" frameborder=\"0\" allow=\"accelerometer; autoplay; clipboard-write; encrypted-media; gyroscope; picture-in-picture\" allowfullscreen title=\"Webinar: \"Acuerdo de Escaz\u00fa: plataformas para la participaci\u00f3n ciudadana\"\"><\/iframe><\/div>\n\n\t\t<style type=\"text\/css\">\n\t\t\t#gallery-1 {\n\t\t\t\tmargin: auto;\n\t\t\t}\n\t\t\t#gallery-1 .gallery-item {\n\t\t\t\tfloat: left;\n\t\t\t\tmargin-top: 10px;\n\t\t\t\ttext-align: center;\n\t\t\t\twidth: 33%;\n\t\t\t}\n\t\t\t#gallery-1 img {\n\t\t\t\tborder: 2px solid #cfcfcf;\n\t\t\t}\n\t\t\t#gallery-1 .gallery-caption {\n\t\t\t\tmargin-left: 0;\n\t\t\t}\n\t\t\t\/* see gallery_shortcode() in wp-includes\/media.php *\/\n\t\t<\/style>\n\t\t<div id='gallery-1' class='gallery galleryid-24784 gallery-columns-3 gallery-size-thumbnail'><dl class='gallery-item'>\n\t\t\t<dt class='gallery-icon landscape'>\n\t\t\t\t<a data-rel=\"iLightbox[postimages]\" data-title=\"Profepa-M\u00e9xico4\" data-caption=\"\" href='https:\/\/portal.sma.gob.cl\/index.php\/webinar-redlafica-abordo-la-participacion-ciudadana-plataformas-y-su-relacion-con-el-acuerdo-de-escazu\/profepa-mexico4\/'><img decoding=\"async\" width=\"150\" height=\"150\" src=\"https:\/\/portal.sma.gob.cl\/wp-content\/uploads\/2022\/07\/Profepa-Mexico4-150x150.jpg\" class=\"attachment-thumbnail size-thumbnail\" alt=\"\" srcset=\"https:\/\/portal.sma.gob.cl\/wp-content\/uploads\/2022\/07\/Profepa-Mexico4-66x66.jpg 66w, https:\/\/portal.sma.gob.cl\/wp-content\/uploads\/2022\/07\/Profepa-Mexico4-150x150.jpg 150w\" sizes=\"(max-width: 150px) 100vw, 150px\" \/><\/a>\n\t\t\t<\/dt><\/dl><dl class='gallery-item'>\n\t\t\t<dt class='gallery-icon landscape'>\n\t\t\t\t<a data-rel=\"iLightbox[postimages]\" data-title=\"Profepa-M\u00e9xico3\" data-caption=\"\" href='https:\/\/portal.sma.gob.cl\/index.php\/webinar-redlafica-abordo-la-participacion-ciudadana-plataformas-y-su-relacion-con-el-acuerdo-de-escazu\/profepa-mexico3\/'><img decoding=\"async\" width=\"150\" height=\"150\" src=\"https:\/\/portal.sma.gob.cl\/wp-content\/uploads\/2022\/07\/Profepa-Mexico3-150x150.jpg\" class=\"attachment-thumbnail size-thumbnail\" alt=\"\" srcset=\"https:\/\/portal.sma.gob.cl\/wp-content\/uploads\/2022\/07\/Profepa-Mexico3-66x66.jpg 66w, https:\/\/portal.sma.gob.cl\/wp-content\/uploads\/2022\/07\/Profepa-Mexico3-150x150.jpg 150w\" sizes=\"(max-width: 150px) 100vw, 150px\" \/><\/a>\n\t\t\t<\/dt><\/dl><dl class='gallery-item'>\n\t\t\t<dt class='gallery-icon landscape'>\n\t\t\t\t<a data-rel=\"iLightbox[postimages]\" data-title=\"Profepa-M\u00e9xico2\" data-caption=\"\" href='https:\/\/portal.sma.gob.cl\/index.php\/webinar-redlafica-abordo-la-participacion-ciudadana-plataformas-y-su-relacion-con-el-acuerdo-de-escazu\/profepa-mexico2\/'><img decoding=\"async\" width=\"150\" height=\"150\" src=\"https:\/\/portal.sma.gob.cl\/wp-content\/uploads\/2022\/07\/Profepa-Mexico2-150x150.jpg\" class=\"attachment-thumbnail size-thumbnail\" alt=\"\" srcset=\"https:\/\/portal.sma.gob.cl\/wp-content\/uploads\/2022\/07\/Profepa-Mexico2-66x66.jpg 66w, https:\/\/portal.sma.gob.cl\/wp-content\/uploads\/2022\/07\/Profepa-Mexico2-150x150.jpg 150w\" sizes=\"(max-width: 150px) 100vw, 150px\" \/><\/a>\n\t\t\t<\/dt><\/dl><br style=\"clear: both\" \/><dl class='gallery-item'>\n\t\t\t<dt class='gallery-icon landscape'>\n\t\t\t\t<a data-rel=\"iLightbox[postimages]\" data-title=\"Profepa-M\u00e9xico\" data-caption=\"\" href='https:\/\/portal.sma.gob.cl\/index.php\/webinar-redlafica-abordo-la-participacion-ciudadana-plataformas-y-su-relacion-con-el-acuerdo-de-escazu\/profepa-mexico\/'><img decoding=\"async\" width=\"150\" height=\"150\" src=\"https:\/\/portal.sma.gob.cl\/wp-content\/uploads\/2022\/07\/Profepa-Mexico-150x150.jpg\" class=\"attachment-thumbnail size-thumbnail\" alt=\"\" srcset=\"https:\/\/portal.sma.gob.cl\/wp-content\/uploads\/2022\/07\/Profepa-Mexico-66x66.jpg 66w, https:\/\/portal.sma.gob.cl\/wp-content\/uploads\/2022\/07\/Profepa-Mexico-150x150.jpg 150w\" sizes=\"(max-width: 150px) 100vw, 150px\" \/><\/a>\n\t\t\t<\/dt><\/dl><dl class='gallery-item'>\n\t\t\t<dt class='gallery-icon landscape'>\n\t\t\t\t<a data-rel=\"iLightbox[postimages]\" data-title=\"FYRtRRhWQAIg6G9\" data-caption=\"\" href='https:\/\/portal.sma.gob.cl\/index.php\/webinar-redlafica-abordo-la-participacion-ciudadana-plataformas-y-su-relacion-con-el-acuerdo-de-escazu\/fyrtrrhwqaig6g9\/'><img decoding=\"async\" width=\"150\" height=\"150\" src=\"https:\/\/portal.sma.gob.cl\/wp-content\/uploads\/2022\/07\/FYRtRRhWQAIg6G9-150x150.jpg\" class=\"attachment-thumbnail size-thumbnail\" alt=\"\" srcset=\"https:\/\/portal.sma.gob.cl\/wp-content\/uploads\/2022\/07\/FYRtRRhWQAIg6G9-66x66.jpg 66w, https:\/\/portal.sma.gob.cl\/wp-content\/uploads\/2022\/07\/FYRtRRhWQAIg6G9-150x150.jpg 150w\" sizes=\"(max-width: 150px) 100vw, 150px\" \/><\/a>\n\t\t\t<\/dt><\/dl><dl class='gallery-item'>\n\t\t\t<dt class='gallery-icon landscape'>\n\t\t\t\t<a data-rel=\"iLightbox[postimages]\" data-title=\"FYRtOeWWQAAL1eD\" data-caption=\"\" href='https:\/\/portal.sma.gob.cl\/index.php\/webinar-redlafica-abordo-la-participacion-ciudadana-plataformas-y-su-relacion-con-el-acuerdo-de-escazu\/fyrtoewwqaal1ed\/'><img decoding=\"async\" width=\"150\" height=\"150\" src=\"https:\/\/portal.sma.gob.cl\/wp-content\/uploads\/2022\/07\/FYRtOeWWQAAL1eD-150x150.jpg\" class=\"attachment-thumbnail size-thumbnail\" alt=\"\" srcset=\"https:\/\/portal.sma.gob.cl\/wp-content\/uploads\/2022\/07\/FYRtOeWWQAAL1eD-66x66.jpg 66w, https:\/\/portal.sma.gob.cl\/wp-content\/uploads\/2022\/07\/FYRtOeWWQAAL1eD-150x150.jpg 150w\" sizes=\"(max-width: 150px) 100vw, 150px\" \/><\/a>\n\t\t\t<\/dt><\/dl><br style=\"clear: both\" \/><dl class='gallery-item'>\n\t\t\t<dt class='gallery-icon landscape'>\n\t\t\t\t<a data-rel=\"iLightbox[postimages]\" data-title=\"FYRtKMSXkAIoBw8\" data-caption=\"\" href='https:\/\/portal.sma.gob.cl\/index.php\/webinar-redlafica-abordo-la-participacion-ciudadana-plataformas-y-su-relacion-con-el-acuerdo-de-escazu\/fyrtkmsxkaiobw8\/'><img decoding=\"async\" width=\"150\" height=\"150\" src=\"https:\/\/portal.sma.gob.cl\/wp-content\/uploads\/2022\/07\/FYRtKMSXkAIoBw8-150x150.jpg\" class=\"attachment-thumbnail size-thumbnail\" alt=\"\" srcset=\"https:\/\/portal.sma.gob.cl\/wp-content\/uploads\/2022\/07\/FYRtKMSXkAIoBw8-66x66.jpg 66w, https:\/\/portal.sma.gob.cl\/wp-content\/uploads\/2022\/07\/FYRtKMSXkAIoBw8-150x150.jpg 150w\" sizes=\"(max-width: 150px) 100vw, 150px\" \/><\/a>\n\t\t\t<\/dt><\/dl><dl class='gallery-item'>\n\t\t\t<dt class='gallery-icon landscape'>\n\t\t\t\t<a data-rel=\"iLightbox[postimages]\" data-title=\"Emanuekl\" data-caption=\"\" href='https:\/\/portal.sma.gob.cl\/index.php\/webinar-redlafica-abordo-la-participacion-ciudadana-plataformas-y-su-relacion-con-el-acuerdo-de-escazu\/emanuekl\/'><img decoding=\"async\" width=\"150\" height=\"150\" src=\"https:\/\/portal.sma.gob.cl\/wp-content\/uploads\/2022\/07\/Emanuekl-150x150.jpg\" class=\"attachment-thumbnail size-thumbnail\" alt=\"\" srcset=\"https:\/\/portal.sma.gob.cl\/wp-content\/uploads\/2022\/07\/Emanuekl-66x66.jpg 66w, https:\/\/portal.sma.gob.cl\/wp-content\/uploads\/2022\/07\/Emanuekl-150x150.jpg 150w\" sizes=\"(max-width: 150px) 100vw, 150px\" \/><\/a>\n\t\t\t<\/dt><\/dl><dl class='gallery-item'>\n\t\t\t<dt class='gallery-icon landscape'>\n\t\t\t\t<a data-rel=\"iLightbox[postimages]\" data-title=\"Clipboard31\" data-caption=\"\" href='https:\/\/portal.sma.gob.cl\/index.php\/webinar-redlafica-abordo-la-participacion-ciudadana-plataformas-y-su-relacion-con-el-acuerdo-de-escazu\/clipboard31\/'><img decoding=\"async\" width=\"150\" height=\"150\" src=\"https:\/\/portal.sma.gob.cl\/wp-content\/uploads\/2022\/07\/Clipboard31-150x150.jpg\" class=\"attachment-thumbnail size-thumbnail\" alt=\"\" srcset=\"https:\/\/portal.sma.gob.cl\/wp-content\/uploads\/2022\/07\/Clipboard31-66x66.jpg 66w, https:\/\/portal.sma.gob.cl\/wp-content\/uploads\/2022\/07\/Clipboard31-150x150.jpg 150w\" sizes=\"(max-width: 150px) 100vw, 150px\" \/><\/a>\n\t\t\t<\/dt><\/dl><br style=\"clear: both\" \/><dl class='gallery-item'>\n\t\t\t<dt class='gallery-icon landscape'>\n\t\t\t\t<a data-rel=\"iLightbox[postimages]\" data-title=\"Clipboard25\" data-caption=\"\" href='https:\/\/portal.sma.gob.cl\/index.php\/webinar-redlafica-abordo-la-participacion-ciudadana-plataformas-y-su-relacion-con-el-acuerdo-de-escazu\/clipboard25\/'><img decoding=\"async\" width=\"150\" height=\"150\" src=\"https:\/\/portal.sma.gob.cl\/wp-content\/uploads\/2022\/07\/Clipboard25-150x150.jpg\" class=\"attachment-thumbnail size-thumbnail\" alt=\"\" srcset=\"https:\/\/portal.sma.gob.cl\/wp-content\/uploads\/2022\/07\/Clipboard25-66x66.jpg 66w, https:\/\/portal.sma.gob.cl\/wp-content\/uploads\/2022\/07\/Clipboard25-150x150.jpg 150w\" sizes=\"(max-width: 150px) 100vw, 150px\" \/><\/a>\n\t\t\t<\/dt><\/dl><dl class='gallery-item'>\n\t\t\t<dt class='gallery-icon landscape'>\n\t\t\t\t<a data-rel=\"iLightbox[postimages]\" data-title=\"Clipboard20\" data-caption=\"\" href='https:\/\/portal.sma.gob.cl\/index.php\/webinar-redlafica-abordo-la-participacion-ciudadana-plataformas-y-su-relacion-con-el-acuerdo-de-escazu\/clipboard20\/'><img decoding=\"async\" width=\"150\" height=\"150\" src=\"https:\/\/portal.sma.gob.cl\/wp-content\/uploads\/2022\/07\/Clipboard20-150x150.jpg\" class=\"attachment-thumbnail size-thumbnail\" alt=\"\" srcset=\"https:\/\/portal.sma.gob.cl\/wp-content\/uploads\/2022\/07\/Clipboard20-66x66.jpg 66w, https:\/\/portal.sma.gob.cl\/wp-content\/uploads\/2022\/07\/Clipboard20-150x150.jpg 150w\" sizes=\"(max-width: 150px) 100vw, 150px\" \/><\/a>\n\t\t\t<\/dt><\/dl><dl class='gallery-item'>\n\t\t\t<dt class='gallery-icon landscape'>\n\t\t\t\t<a data-rel=\"iLightbox[postimages]\" data-title=\"Clipboard15\" data-caption=\"\" href='https:\/\/portal.sma.gob.cl\/index.php\/webinar-redlafica-abordo-la-participacion-ciudadana-plataformas-y-su-relacion-con-el-acuerdo-de-escazu\/clipboard15\/'><img decoding=\"async\" width=\"150\" height=\"150\" src=\"https:\/\/portal.sma.gob.cl\/wp-content\/uploads\/2022\/07\/Clipboard15-150x150.jpg\" class=\"attachment-thumbnail size-thumbnail\" alt=\"\" srcset=\"https:\/\/portal.sma.gob.cl\/wp-content\/uploads\/2022\/07\/Clipboard15-66x66.jpg 66w, https:\/\/portal.sma.gob.cl\/wp-content\/uploads\/2022\/07\/Clipboard15-150x150.jpg 150w\" sizes=\"(max-width: 150px) 100vw, 150px\" \/><\/a>\n\t\t\t<\/dt><\/dl><br style=\"clear: both\" \/><dl class='gallery-item'>\n\t\t\t<dt class='gallery-icon landscape'>\n\t\t\t\t<a data-rel=\"iLightbox[postimages]\" data-title=\"Clipboard01\" data-caption=\"\" href='https:\/\/portal.sma.gob.cl\/index.php\/webinar-redlafica-abordo-la-participacion-ciudadana-plataformas-y-su-relacion-con-el-acuerdo-de-escazu\/clipboard01-2\/'><img decoding=\"async\" width=\"150\" height=\"150\" src=\"https:\/\/portal.sma.gob.cl\/wp-content\/uploads\/2022\/07\/Clipboard01-150x150.jpg\" class=\"attachment-thumbnail size-thumbnail\" alt=\"\" srcset=\"https:\/\/portal.sma.gob.cl\/wp-content\/uploads\/2022\/07\/Clipboard01-66x66.jpg 66w, https:\/\/portal.sma.gob.cl\/wp-content\/uploads\/2022\/07\/Clipboard01-150x150.jpg 150w\" sizes=\"(max-width: 150px) 100vw, 150px\" \/><\/a>\n\t\t\t<\/dt><\/dl><dl class='gallery-item'>\n\t\t\t<dt class='gallery-icon landscape'>\n\t\t\t\t<a data-rel=\"iLightbox[postimages]\" data-title=\"BID-Maisa3\" data-caption=\"\" href='https:\/\/portal.sma.gob.cl\/index.php\/webinar-redlafica-abordo-la-participacion-ciudadana-plataformas-y-su-relacion-con-el-acuerdo-de-escazu\/bid-maisa3\/'><img decoding=\"async\" width=\"150\" height=\"150\" src=\"https:\/\/portal.sma.gob.cl\/wp-content\/uploads\/2022\/07\/BID-Maisa3-150x150.jpg\" class=\"attachment-thumbnail size-thumbnail\" alt=\"\" srcset=\"https:\/\/portal.sma.gob.cl\/wp-content\/uploads\/2022\/07\/BID-Maisa3-66x66.jpg 66w, https:\/\/portal.sma.gob.cl\/wp-content\/uploads\/2022\/07\/BID-Maisa3-150x150.jpg 150w\" sizes=\"(max-width: 150px) 100vw, 150px\" \/><\/a>\n\t\t\t<\/dt><\/dl><dl class='gallery-item'>\n\t\t\t<dt class='gallery-icon landscape'>\n\t\t\t\t<a data-rel=\"iLightbox[postimages]\" data-title=\"BID-Maisa2\" data-caption=\"\" href='https:\/\/portal.sma.gob.cl\/index.php\/webinar-redlafica-abordo-la-participacion-ciudadana-plataformas-y-su-relacion-con-el-acuerdo-de-escazu\/bid-maisa2\/'><img decoding=\"async\" width=\"150\" height=\"150\" src=\"https:\/\/portal.sma.gob.cl\/wp-content\/uploads\/2022\/07\/BID-Maisa2-150x150.jpg\" class=\"attachment-thumbnail size-thumbnail\" alt=\"\" srcset=\"https:\/\/portal.sma.gob.cl\/wp-content\/uploads\/2022\/07\/BID-Maisa2-66x66.jpg 66w, https:\/\/portal.sma.gob.cl\/wp-content\/uploads\/2022\/07\/BID-Maisa2-150x150.jpg 150w\" sizes=\"(max-width: 150px) 100vw, 150px\" \/><\/a>\n\t\t\t<\/dt><\/dl><br style=\"clear: both\" \/><dl class='gallery-item'>\n\t\t\t<dt class='gallery-icon landscape'>\n\t\t\t\t<a data-rel=\"iLightbox[postimages]\" data-title=\"BID-Maisa\" data-caption=\"\" href='https:\/\/portal.sma.gob.cl\/index.php\/webinar-redlafica-abordo-la-participacion-ciudadana-plataformas-y-su-relacion-con-el-acuerdo-de-escazu\/bid-maisa\/'><img decoding=\"async\" width=\"150\" height=\"150\" src=\"https:\/\/portal.sma.gob.cl\/wp-content\/uploads\/2022\/07\/BID-Maisa-150x150.jpg\" class=\"attachment-thumbnail size-thumbnail\" alt=\"\" srcset=\"https:\/\/portal.sma.gob.cl\/wp-content\/uploads\/2022\/07\/BID-Maisa-66x66.jpg 66w, https:\/\/portal.sma.gob.cl\/wp-content\/uploads\/2022\/07\/BID-Maisa-150x150.jpg 150w\" sizes=\"(max-width: 150px) 100vw, 150px\" \/><\/a>\n\t\t\t<\/dt><\/dl><dl class='gallery-item'>\n\t\t\t<dt class='gallery-icon landscape'>\n\t\t\t\t<a data-rel=\"iLightbox[postimages]\" data-title=\"bid Basti\u00e1n Gonzalo\" data-caption=\"\" href='https:\/\/portal.sma.gob.cl\/index.php\/webinar-redlafica-abordo-la-participacion-ciudadana-plataformas-y-su-relacion-con-el-acuerdo-de-escazu\/bid-bastian-gonzalo\/'><img decoding=\"async\" width=\"150\" height=\"150\" src=\"https:\/\/portal.sma.gob.cl\/wp-content\/uploads\/2022\/07\/bid-Bastian-Gonzalo-150x150.jpg\" class=\"attachment-thumbnail size-thumbnail\" alt=\"\" srcset=\"https:\/\/portal.sma.gob.cl\/wp-content\/uploads\/2022\/07\/bid-Bastian-Gonzalo-66x66.jpg 66w, https:\/\/portal.sma.gob.cl\/wp-content\/uploads\/2022\/07\/bid-Bastian-Gonzalo-150x150.jpg 150w\" sizes=\"(max-width: 150px) 100vw, 150px\" \/><\/a>\n\t\t\t<\/dt><\/dl><dl class='gallery-item'>\n\t\t\t<dt class='gallery-icon landscape'>\n\t\t\t\t<a data-rel=\"iLightbox[postimages]\" data-title=\"Agenda ESG Word (640 \u00d7 200 px) (1000 \u00d7 600 px) (4)\" data-caption=\"\" href='https:\/\/portal.sma.gob.cl\/index.php\/webinar-redlafica-abordo-la-participacion-ciudadana-plataformas-y-su-relacion-con-el-acuerdo-de-escazu\/agenda-esg-word-640-x-200-px-1000-x-600-px-4\/'><img decoding=\"async\" width=\"150\" height=\"150\" src=\"https:\/\/portal.sma.gob.cl\/wp-content\/uploads\/2022\/07\/Agenda-ESG-Word-640-\u00d7-200-px-1000-\u00d7-600-px-4-150x150.png\" class=\"attachment-thumbnail size-thumbnail\" alt=\"\" srcset=\"https:\/\/portal.sma.gob.cl\/wp-content\/uploads\/2022\/07\/Agenda-ESG-Word-640-\u00d7-200-px-1000-\u00d7-600-px-4-66x66.png 66w, https:\/\/portal.sma.gob.cl\/wp-content\/uploads\/2022\/07\/Agenda-ESG-Word-640-\u00d7-200-px-1000-\u00d7-600-px-4-150x150.png 150w\" sizes=\"(max-width: 150px) 100vw, 150px\" \/><\/a>\n\t\t\t<\/dt><\/dl><br style=\"clear: both\" \/>\n\t\t<\/div>\n\n","protected":false},"excerpt":{"rendered":"<p>La actividad, convocada por la Red Latinoamericana de Fiscalizaci\u00f3n y Cumplimiento Ambiental (Redlafica) y el Banco Interamericano de Desarrollo (BID) cont\u00f3 con ponencias de Cepal, Banco Mundial, Procuradur\u00eda Federal de Protecci\u00f3n Ambiental del Gobierno de M\u00e9xico, y la exposici\u00f3n de la ministra del Medio Ambiente de Chile, Maisa Rojas. 25 de julio 2022, Santiago de Chile. <a href=\"https:\/\/portal.sma.gob.cl\/index.php\/webinar-redlafica-abordo-la-participacion-ciudadana-plataformas-y-su-relacion-con-el-acuerdo-de-escazu\/\">Leer m\u00e1s<\/a><\/p>\n","protected":false},"author":9,"featured_media":24786,"comment_status":"open","ping_status":"open","sticky":false,"template":"","format":"standard","meta":{"footnotes":""},"categories":[90,107,279,225,232],"tags":[],"class_list":["post-24784","post","type-post","status-publish","format-standard","has-post-thumbnail","hentry","category-comunicados-noticias","category-destacado","category-escazu","category-macrozona-centro","category-metropolitana"],"_links":{"self":[{"href":"https:\/\/portal.sma.gob.cl\/index.php\/wp-json\/wp\/v2\/posts\/24784","targetHints":{"allow":["GET"]}}],"collection":[{"href":"https:\/\/portal.sma.gob.cl\/index.php\/wp-json\/wp\/v2\/posts"}],"about":[{"href":"https:\/\/portal.sma.gob.cl\/index.php\/wp-json\/wp\/v2\/types\/post"}],"author":[{"embeddable":true,"href":"https:\/\/portal.sma.gob.cl\/index.php\/wp-json\/wp\/v2\/users\/9"}],"replies":[{"embeddable":true,"href":"https:\/\/portal.sma.gob.cl\/index.php\/wp-json\/wp\/v2\/comments?post=24784"}],"version-history":[{"count":5,"href":"https:\/\/portal.sma.gob.cl\/index.php\/wp-json\/wp\/v2\/posts\/24784\/revisions"}],"predecessor-version":[{"id":24818,"href":"https:\/\/portal.sma.gob.cl\/index.php\/wp-json\/wp\/v2\/posts\/24784\/revisions\/24818"}],"wp:featuredmedia":[{"embeddable":true,"href":"https:\/\/portal.sma.gob.cl\/index.php\/wp-json\/wp\/v2\/media\/24786"}],"wp:attachment":[{"href":"https:\/\/portal.sma.gob.cl\/index.php\/wp-json\/wp\/v2\/media?parent=24784"}],"wp:term":[{"taxonomy":"category","embeddable":true,"href":"https:\/\/portal.sma.gob.cl\/index.php\/wp-json\/wp\/v2\/categories?post=24784"},{"taxonomy":"post_tag","embeddable":true,"href":"https:\/\/portal.sma.gob.cl\/index.php\/wp-json\/wp\/v2\/tags?post=24784"}],"curies":[{"name":"wp","href":"https:\/\/api.w.org\/{rel}","templated":true}]}}