{"id":24840,"date":"2022-07-28T17:45:13","date_gmt":"2022-07-28T21:45:13","guid":{"rendered":"https:\/\/portal.sma.gob.cl\/?p=24840"},"modified":"2022-08-17T16:42:29","modified_gmt":"2022-08-17T20:42:29","slug":"sma-solicita-al-tercer-tribunal-ambiental-detencion-parcial-de-proyecto-inmobiliario-de-pocuro-sur-tras-constatar-afectacion-del-humedal-valle-volcanes","status":"publish","type":"post","link":"https:\/\/portal.sma.gob.cl\/index.php\/sma-solicita-al-tercer-tribunal-ambiental-detencion-parcial-de-proyecto-inmobiliario-de-pocuro-sur-tras-constatar-afectacion-del-humedal-valle-volcanes\/","title":{"rendered":"SMA solicita al Tercer Tribunal Ambiental detenci\u00f3n parcial de proyecto inmobiliario de Pocuro Sur tras constatar afectaci\u00f3n del Humedal Valle Volcanes"},"content":{"rendered":"<p><strong>Este caso tiene <\/strong><strong>como origen una serie de denuncias ciudadanas que evidenciaron que las obras de la inmobiliaria no cuentan con permiso ambiental, lo cual ha generado una alteraci\u00f3n en la flora y fauna que habita en este ecosistema de Puerto Montt, en el que existen especies como el Sapito de cuatro ojos \u2014especie casi amenazada\u2014 y el Alerce \u2014especie en peligro\u2014.<\/strong><\/p>\n<p><strong>Puerto Montt, 28 de julio de 2022.\u00a0<\/strong>La Superintendencia del Medio Ambiente solicit\u00f3 al Tercer Tribunal Ambiental de forma urgente la autorizaci\u00f3n para adoptar la medida provisional pre procedimental del art\u00edculo 48 letra d) de la LOSMA, esto es, la detenci\u00f3n parcial de las obras en los lotes 3-b-2, 3-b-1 y 3-c, correspondiente a las Etapas III y IV del proyecto Vista Cordillera, que integran la Unidad Fiscalizable \u201cInmobiliaria Pocuro Sur \u2013 Sector Valle Volcanes\u201d, llevado adelante por Inmobiliaria Pocuro Sur SpA, ubicado en la ciudad de ciudad de Puerto Montt, Provincia de Llanquihue, Regi\u00f3n de Los Lagos; luego de constatar que las obras del proyecto, que no cuenta con resoluci\u00f3n de calificaci\u00f3n ambiental (RCA), han intervenido el Humedal Valle Volcanes, declarado como Humedal Urbano por el Ministerio del Medio Ambiente.<\/p>\n<p>Este caso tiene como origen a 2 denuncias que hacen referencia a \u201cdrenajes y obras no autorizadas que destruyen humedal, y por las alteraciones sobre el gran humedal 5 lagunas de Valle volcanes, y posible elusi\u00f3n a someterse a evaluaci\u00f3n de impacto ambiental\u201d. A lo anterior, se suman seis denuncias m\u00e1s que dan cuenta de la afectaci\u00f3n del Humedal Valle Volcanes. A ra\u00edz de estos antecedentes se realizaron tres actividades de fiscalizaci\u00f3n a cargo de la Oficina Regional SMA Los Lagos donde se constat\u00f3 principalmente movimientos de tierra, canalizaci\u00f3n de aguas lluvias, excavaciones, remoci\u00f3n de tierra, escarpe y despeje de vegetaci\u00f3n dentro del \u00e1rea del humedal.<\/p>\n<p>Al respecto, el Superintendente del Medio Ambiente (S), Emanuel Ibarra se\u00f1al\u00f3 que \u201cla ejecuci\u00f3n de las obras de este proyecto inmobiliario, como movimientos de tierra, escarpe, corte de vegetaci\u00f3n, excavaciones, y drenajes entre otros, efectuadas en \u00e1rea del humedal, han significado una alteraci\u00f3n f\u00edsica a los componentes bi\u00f3ticos, a sus interacciones o a los flujos ecosist\u00e9micos del humedal Valle Volcanes. De aqu\u00ed la relevancia de las medidas que estamos ordenando y que buscan mitigar estos impactos negativos a este ecosistema\u201d, enfatiz\u00f3 la autoridad.<\/p>\n<p>Por su parte, Ivonne Mansilla, jefa de la Oficina Regional SMA de Los Lagos relev\u00f3 que \u201cdurante las tres actividades de fiscalizaci\u00f3n que realizamos pudimos evidenciar el riesgo ambiental que ha generado este proyecto inmobiliario al Humedal Valle Volcanes donde cohabitan aves y anfibios, sumada a una importante presencia de vegetaci\u00f3n hidr\u00f3fila\u201d, indic\u00f3.<\/p>\n<p>En cuanto a la medida provisional de detenci\u00f3n parcial de funcionamiento constituye una medida destinada a impedir la continuidad de la afectaci\u00f3n al medio ambiente, causado por las actividades desarrolladas por la empresa. La medida tiene como plazo 15 (quince) d\u00edas h\u00e1biles, contados desde la notificaci\u00f3n de la resoluci\u00f3n que ordene la adopci\u00f3n de la medida.<\/p>\n<p><strong>Rol de la SMA:<\/strong> en el contexto de la institucionalidad ambiental actual en Chile, la Superintendencia del Medio Ambiente cumple un rol fiscalizador y de sanci\u00f3n sobre los instrumentos de gesti\u00f3n ambiental vigentes en el pa\u00eds (Ley 19.300): Resoluciones de Calificaci\u00f3n (RCA), Normas de Emisi\u00f3n, Normas de Calidad y Planes de Prevenci\u00f3n y\/o de Descontaminaci\u00f3n Ambiental, entre otros.<\/p>\n","protected":false},"excerpt":{"rendered":"<p>Este caso tiene como origen una serie de denuncias ciudadanas que evidenciaron que las obras de la inmobiliaria no cuentan con permiso ambiental, lo cual ha generado una alteraci\u00f3n en la flora y fauna que habita en este ecosistema de Puerto Montt, en el que existen especies como el Sapito de cuatro ojos \u2014especie casi amenazada\u2014 <a href=\"https:\/\/portal.sma.gob.cl\/index.php\/sma-solicita-al-tercer-tribunal-ambiental-detencion-parcial-de-proyecto-inmobiliario-de-pocuro-sur-tras-constatar-afectacion-del-humedal-valle-volcanes\/\">Leer m\u00e1s<\/a><\/p>\n","protected":false},"author":8,"featured_media":24842,"comment_status":"open","ping_status":"open","sticky":false,"template":"","format":"standard","meta":{"footnotes":""},"categories":[90,107,239,226],"tags":[],"class_list":["post-24840","post","type-post","status-publish","format-standard","has-post-thumbnail","hentry","category-comunicados-noticias","category-destacado","category-los-lagos","category-macrozona-sur"],"_links":{"self":[{"href":"https:\/\/portal.sma.gob.cl\/index.php\/wp-json\/wp\/v2\/posts\/24840","targetHints":{"allow":["GET"]}}],"collection":[{"href":"https:\/\/portal.sma.gob.cl\/index.php\/wp-json\/wp\/v2\/posts"}],"about":[{"href":"https:\/\/portal.sma.gob.cl\/index.php\/wp-json\/wp\/v2\/types\/post"}],"author":[{"embeddable":true,"href":"https:\/\/portal.sma.gob.cl\/index.php\/wp-json\/wp\/v2\/users\/8"}],"replies":[{"embeddable":true,"href":"https:\/\/portal.sma.gob.cl\/index.php\/wp-json\/wp\/v2\/comments?post=24840"}],"version-history":[{"count":1,"href":"https:\/\/portal.sma.gob.cl\/index.php\/wp-json\/wp\/v2\/posts\/24840\/revisions"}],"predecessor-version":[{"id":24841,"href":"https:\/\/portal.sma.gob.cl\/index.php\/wp-json\/wp\/v2\/posts\/24840\/revisions\/24841"}],"wp:featuredmedia":[{"embeddable":true,"href":"https:\/\/portal.sma.gob.cl\/index.php\/wp-json\/wp\/v2\/media\/24842"}],"wp:attachment":[{"href":"https:\/\/portal.sma.gob.cl\/index.php\/wp-json\/wp\/v2\/media?parent=24840"}],"wp:term":[{"taxonomy":"category","embeddable":true,"href":"https:\/\/portal.sma.gob.cl\/index.php\/wp-json\/wp\/v2\/categories?post=24840"},{"taxonomy":"post_tag","embeddable":true,"href":"https:\/\/portal.sma.gob.cl\/index.php\/wp-json\/wp\/v2\/tags?post=24840"}],"curies":[{"name":"wp","href":"https:\/\/api.w.org\/{rel}","templated":true}]}}