{"id":24868,"date":"2022-08-02T12:06:57","date_gmt":"2022-08-02T16:06:57","guid":{"rendered":"https:\/\/portal.sma.gob.cl\/?p=24868"},"modified":"2022-08-02T12:40:33","modified_gmt":"2022-08-02T16:40:33","slug":"sma-participa-en-el-seminario-movilizacion-de-datos-abiertos-de-biodiversidad-en-chile-necesidades-y-oportunidades","status":"publish","type":"post","link":"https:\/\/portal.sma.gob.cl\/index.php\/sma-participa-en-el-seminario-movilizacion-de-datos-abiertos-de-biodiversidad-en-chile-necesidades-y-oportunidades\/","title":{"rendered":"SMA participa en el seminario \u201cMovilizaci\u00f3n de datos abiertos de biodiversidad en Chile: necesidades y oportunidades\u201d"},"content":{"rendered":"<p><strong>La actividad, organizada por el Ministerio del Medio Ambiente y la Subsecretar\u00eda de Pesca y Acuicultura, tiene como objetivos resaltar la importancia de las bases de datos de biodiversidad, las experiencias y aprendizajes de diversos equipos que han incorporado en sus flujos de trabajo la gesti\u00f3n de los datos primarios de biodiversidad, entre otros.<\/strong><\/p>\n<p><strong>Santiago, 28 de julio de 2022.<\/strong> Esta ma\u00f1ana se llev\u00f3 a cabo de forma virtual el seminario \u201cMovilizaci\u00f3n de datos abiertos de biodiversidad en Chile: necesidades y oportunidades\u201d, organizado por el Ministerio del Medio Ambiente y la Subsecretar\u00eda de Pesca y Acuicultura.<\/p>\n<p>La instancia tiene el objetivo de resaltar la importancia de las bases de datos de biodiversidad, las experiencias y aprendizajes de diversos equipos que han incorporado en sus flujos de trabajo la gesti\u00f3n de los datos primarios de biodiversidad, as\u00ed como discutir acerca de las proyecciones y beneficios que se obtendr\u00edan localmente al consolidar el uso de est\u00e1ndares y centralizaci\u00f3n de la informaci\u00f3n de los datos en repositorios de acceso abierto.<\/p>\n<p>La actividad se inici\u00f3 con una bienvenida del Subsecretario de Pesca, Julio Salas Guti\u00e9rrez, quien dio cuenta del valor que tiene la estandarizaci\u00f3n de datos de biodiversidad para la transparencia y la gesti\u00f3n p\u00fablica, donde la Subsecretar\u00eda invierte tiempo y recursos, los cuales se estiman en $20.000 millones anuales, entre los estudios propios, m\u00e1s las transferencias que se efect\u00faan a instituciones como el IFOP.<\/p>\n<p>A continuaci\u00f3n, la Ministra de Medio Ambiente, Mar\u00eda Helo\u00edsa Rojas, destac\u00f3 el valor y el resultado de una forma de trabajo articulada entre el Estado, privados y la academia para la producci\u00f3n y disponibilidad de datos de biodiversidad. Adem\u00e1s, en base al mandato legal del Ministerio de \u201ctener una base de datos de biodiversidad\u201d, la Ministra destac\u00f3 que est\u00e1n sentando las bases para un sistema de informaci\u00f3n y monitoreo de biodiversidad del pa\u00eds para contribuir a la gesti\u00f3n y a la toma de decisiones. A trav\u00e9s de GBIF se est\u00e1 construyendo una red para gestionar y disponibilizar informaci\u00f3n de biodiversidad. Finalmente, la Ministra relev\u00f3 el trabajo de la SMA en la materia, materializado hasta ahora en la publicaci\u00f3n de la<a href=\"https:\/\/www.diariooficial.interior.gob.cl\/publicaciones\/2022\/04\/05\/43221\/01\/2109532.pdf\"> Res. Ex. 343 de la SMA.<\/a><\/p>\n<p>Posteriormente fue el turno de Alejandro Maass, de la Universidad de Chile y asesor del Comit\u00e9 de Datos de Inter\u00e9s P\u00fablico Ministerio de Ciencias, quien expuso sobre \u201cDatos de biodiversidad y desaf\u00edos en pol\u00edticas p\u00fablicas: El informe para la COP25\u201d.<\/p>\n<p>Luego expuso Leisy Amaya Montano, del Ministerio del Medio Ambiente, sobre el rol de GBIF Chile como nodo nacional y las bases de datos para la investigaci\u00f3n y la conservaci\u00f3n de la biodiversidad. Al respecto, Leisy se\u00f1al\u00f3 que \u201cel trabajo coordinado y la construcci\u00f3n de redes de informaci\u00f3n han demostrado ser la mejor estrategia para tender puentes entre la ciencia, la pol\u00edtica, y la toma de decisiones. En todos nosotros est\u00e1 la responsabilidad y capacidad de implementar acciones para la movilizaci\u00f3n de datos de biodiversidad\u201d.<\/p>\n<h3>La experiencia en gesti\u00f3n y publicaci\u00f3n de informaci\u00f3n de Biodiversidad<\/h3>\n<p>En el segundo m\u00f3dulo, donde se destacaron experiencias de gesti\u00f3n y publicaci\u00f3n de informaci\u00f3n y datos primarios biodiversidad, participaron profesionales de Subpesca y del Instituto de Fomento Pesquero (IFOP), CONAF y por parte de la SMA, particip\u00f3 Francisco Donoso, encargado de la oficina de Inteligencia Ambiental, y Gloria Gallegos, profesional de la Secci\u00f3n de Mejoramiento Continuo, ambos de la Divisi\u00f3n de Seguimiento e Informaci\u00f3n Ambiental (DSI).<\/p>\n<p>Por otra parte, Alejandra Oyanedel, investigadora del Departamento de Medio Ambiente del Instituto de Fomento Pesquero (IFOP), quien es responsable de la ejecuci\u00f3n del programa de Monitoreo de la especie plaga <em>Didymosphenia geminata<\/em> (Didymo), se refiri\u00f3 a la importancia de trabajar en formatos estandarizados para almacenar y compartir datos que provengan de programas financiados con recursos p\u00fablicos, destacando la mayor celeridad en los an\u00e1lisis que en este caso permiten asesorar al Estado en materias de plagas hidrobiol\u00f3gicas. Adem\u00e1s, se\u00f1al\u00f3 que la aplicaci\u00f3n de est\u00e1ndares como Darwin Core permite que los datos tengan un ciclo de vida muy din\u00e1mico donde se integra la optimizaci\u00f3n de recursos, la interoperabilidad de las bases de datos, la contribuci\u00f3n a nuevas investigaciones y al conocimiento local de los ecosistemas dulceacu\u00edcolas, junto con dar respuesta oportuna a consultas ciudadanas. Finalmente, hizo referencia a que la \u201cpublicaci\u00f3n realizada en GBIF, que corresponde al primer a\u00f1o de ejecuci\u00f3n del Monitoreo de <em>D. Geminata,<\/em> cuenta con un DOI que proporciona el debido reconocimiento a nuestro grupo de trabajo como autores de esta base de datos\u201d.<\/p>\n<p>En su exposici\u00f3n, Donoso explic\u00f3 que, como a la SMA tiene por atribuci\u00f3n legal realizar el seguimiento ambiental de las Resoluciones de Calificaci\u00f3n Ambiental (RCA), y en el marco de las atribuciones que la ley le confiere a la instituci\u00f3n, <a href=\"https:\/\/portal.sma.gob.cl\/index.php\/2022\/04\/05\/sma-dicta-instruccion-para-reporte-estandarizado-de-componente-de-biodiversidad\/\">se dict\u00f3 la Resoluci\u00f3n Exenta N\u00b0 343\/2022, la cual obliga a las empresas a reportar los datos de biodiversidad en la forma y modo que la Superintendencia establece.<\/a><br \/>\nEn ese sentido, explica que dicha resoluci\u00f3n tiene como objetivo consolidar esta informaci\u00f3n para la toma de decisiones. Es decir, \u201cintegrar, depurar, analizar, mapear d\u00f3nde est\u00e1n ubicados, para tomar acciones. Hoy recibimos esos datos, pero est\u00e1n en PDF, en distintos formatos, y a la SMA no le interesa ser s\u00f3lo un receptor de datos, sino tomar acciones para generar cumplimiento. Por ejemplo, generar alertas tempranas cuando una variable tiene un cambio\u201d, explic\u00f3.<\/p>\n<p>Destac\u00f3 adem\u00e1s que, dada la reciente publicaci\u00f3n de la RE 1174\/2022, todos los reportes de biodiversidad deber\u00e1n cumplir el nuevo formato a contar del 01 de octubre de 2022. En tanto, a partir del 01 de abril de 2023, deber\u00e1n remitir la informaci\u00f3n hist\u00f3rica en el nuevo formato, es decir, los datos de biodiversidad desde el inicio del proyecto hasta el 01 de octubre del presente a\u00f1o. Finalmente, la informaci\u00f3n de l\u00ednea base deber\u00e1 ser remitida a m\u00e1s tardar el 1 de septiembre del 2023 para RCA aprobadas antes del 2023, mientras que las RCA aprobadas el a\u00f1o 2023 y sucesivos, tendr\u00e1n 20 d\u00edas h\u00e1biles desde su fecha de aprobaci\u00f3n para remitirla a la SMA.<\/p>\n<p>Finalmente, Donoso resalt\u00f3: \u201cLa estrategia de Inteligencia Ambiental de la SMA fue lanzada el a\u00f1o pasado, y \u00e9sta tiene como objetivo que a trav\u00e9s de la ciencia de datos podemos facilitar procesos de la SMA y la protecci\u00f3n ambiental\u201d.<\/p>\n<p>&nbsp;<\/p>\n","protected":false},"excerpt":{"rendered":"<p>La actividad, organizada por el Ministerio del Medio Ambiente y la Subsecretar\u00eda de Pesca y Acuicultura, tiene como objetivos resaltar la importancia de las bases de datos de biodiversidad, las experiencias y aprendizajes de diversos equipos que han incorporado en sus flujos de trabajo la gesti\u00f3n de los datos primarios de biodiversidad, entre otros. Santiago, 28 <a href=\"https:\/\/portal.sma.gob.cl\/index.php\/sma-participa-en-el-seminario-movilizacion-de-datos-abiertos-de-biodiversidad-en-chile-necesidades-y-oportunidades\/\">Leer m\u00e1s<\/a><\/p>\n","protected":false},"author":9,"featured_media":24871,"comment_status":"open","ping_status":"open","sticky":false,"template":"","format":"standard","meta":{"footnotes":""},"categories":[90,107,225,232],"tags":[],"class_list":["post-24868","post","type-post","status-publish","format-standard","has-post-thumbnail","hentry","category-comunicados-noticias","category-destacado","category-macrozona-centro","category-metropolitana"],"_links":{"self":[{"href":"https:\/\/portal.sma.gob.cl\/index.php\/wp-json\/wp\/v2\/posts\/24868","targetHints":{"allow":["GET"]}}],"collection":[{"href":"https:\/\/portal.sma.gob.cl\/index.php\/wp-json\/wp\/v2\/posts"}],"about":[{"href":"https:\/\/portal.sma.gob.cl\/index.php\/wp-json\/wp\/v2\/types\/post"}],"author":[{"embeddable":true,"href":"https:\/\/portal.sma.gob.cl\/index.php\/wp-json\/wp\/v2\/users\/9"}],"replies":[{"embeddable":true,"href":"https:\/\/portal.sma.gob.cl\/index.php\/wp-json\/wp\/v2\/comments?post=24868"}],"version-history":[{"count":3,"href":"https:\/\/portal.sma.gob.cl\/index.php\/wp-json\/wp\/v2\/posts\/24868\/revisions"}],"predecessor-version":[{"id":24884,"href":"https:\/\/portal.sma.gob.cl\/index.php\/wp-json\/wp\/v2\/posts\/24868\/revisions\/24884"}],"wp:featuredmedia":[{"embeddable":true,"href":"https:\/\/portal.sma.gob.cl\/index.php\/wp-json\/wp\/v2\/media\/24871"}],"wp:attachment":[{"href":"https:\/\/portal.sma.gob.cl\/index.php\/wp-json\/wp\/v2\/media?parent=24868"}],"wp:term":[{"taxonomy":"category","embeddable":true,"href":"https:\/\/portal.sma.gob.cl\/index.php\/wp-json\/wp\/v2\/categories?post=24868"},{"taxonomy":"post_tag","embeddable":true,"href":"https:\/\/portal.sma.gob.cl\/index.php\/wp-json\/wp\/v2\/tags?post=24868"}],"curies":[{"name":"wp","href":"https:\/\/api.w.org\/{rel}","templated":true}]}}