{"id":24902,"date":"2022-08-05T17:51:02","date_gmt":"2022-08-05T21:51:02","guid":{"rendered":"https:\/\/portal.sma.gob.cl\/?p=24902"},"modified":"2022-08-17T16:41:53","modified_gmt":"2022-08-17T20:41:53","slug":"presidencia-pro-tempore-coordina-sesion-extraordinaria-de-trabajo-con-paises-miembros-de-redlafica","status":"publish","type":"post","link":"https:\/\/portal.sma.gob.cl\/index.php\/presidencia-pro-tempore-coordina-sesion-extraordinaria-de-trabajo-con-paises-miembros-de-redlafica\/","title":{"rendered":"Presidencia Pro Tempore coordina sesi\u00f3n extraordinaria de trabajo con pa\u00edses miembros de Redlafica"},"content":{"rendered":"<p><strong>Durante el encuentro se revis\u00f3 el estatus del Plan Estrat\u00e9gico de la Red comprometida para el periodo 2019-2021 y se comprometi\u00f3 una reuni\u00f3n que se realizar\u00e1 durante el mes septiembre con la finalidad de trazar la hoja de ruta de la organizaci\u00f3n para el periodo 2022-2025.<\/strong><\/p>\n<p><strong>Santiago, 05 de agosto de 2022.<\/strong>\u00a0El Superintendente del Medio Ambiente (S) de Chile, Emanuel Ibarra y Presidente Pro Tempore de la <a href=\"http:\/\/www.redlafica.org\/\">Red Latinoamericana de Fiscalizaci\u00f3n y Cumplimiento Ambiental (REDLAFICA)<\/a> lider\u00f3 esta ma\u00f1ana una sesi\u00f3n extraordinaria de trabajo con representantes de pa\u00edses miembros de la Red, con el objetivo de revisar los avances de los compromisos de este a\u00f1o e ir visualizando los tareas pendientes del 2022. La actividad se realiz\u00f3 v\u00eda video llamada y cont\u00f3 con la participaci\u00f3n de representantes del el Instituto Brasilero de Medio Ambiente y Recursos Naturales Renovables (IBAMA); la Autoridad Nacional de Licencias Ambientales (ANLA) de Colombia; el Ministerio del Ambiente y Agua de Ecuador; la Procuradur\u00eda Federal de Protecci\u00f3n al Ambiente (PROFEPA) de M\u00e9xico; la Secretaria del Ambiente (SEAM) de Paraguay; el Organismo de Evaluaci\u00f3n y Fiscalizaci\u00f3n Ambiental (OEFA) de Per\u00fa; el Ministerio de Ambiente de Panam\u00e1 (MiAmbiente) y el Ministerio de Medio Ambiente y Recursos Naturales de Rep\u00fablica Dominicana.<\/p>\n<p>Durante la actividad, se revisaron los resultados del Plan Estrat\u00e9gico de Redlafica 2019-2021, que se ha focalizado en contribuir a la soluci\u00f3n progresiva de problemas ambientales comunes; promoci\u00f3n del cumplimiento ambiental a trav\u00e9s de una fiscalizaci\u00f3n efectiva y eficiente; y la articulaci\u00f3n y sostenibilidad de la Red. A lo anterior, tambi\u00e9n se plante\u00f3 la necesidad de ir visualizando un Plan de Trabajo para la definici\u00f3n de la Estrategia 2022-2025 del organismo, y que estar\u00e1 centrado en trabajar en base a los objetivos y estrategias del plan anterior; mejorar el plan de acci\u00f3n en base a un diagn\u00f3stico levantado e ir detallando para cada producto, plazos, responsables y recursos; organizar una mesa de trabajo donde cada pa\u00eds propone comisiones y grupos de trabajo, seg\u00fan definiciones del Estatuto de la Red;\u00a0 y analizar la posibilidad de poder realizar reuni\u00f3n anual de manera presencial, instancia que producto de la Pandemia del Covid se ha tenido que desarrollar de forma virtual.<\/p>\n<p>Al respecto, el Presidente Pro Tempore de Redlafica, Emanuel Ibarra sostuvo que \u201ces muy relevante seguir potenciando el trabajo, actividades e intercambio de experiencias que realiza nuestra red, que tienen por finalidad hacer sinergias entre todos los pa\u00edses miembros con el fin de promover el cumplimiento ambiental en la regi\u00f3n, junto con identificar mejoras en nuestros procesos de fiscalizaci\u00f3n. De aqu\u00ed la importancia de convocar una pr\u00f3xima reuni\u00f3n de trabajo para el mes de septiembre, donde juntos trazaremos la Estrategia 2022-2025 del organismo, actividad que esperamos contar con el apoyo de todas las entidades que forman parte de Redlafica\u201d, indic\u00f3 la autoridad.<\/p>\n<p>REDLAFICA es una organizaci\u00f3n integrada por instituciones p\u00fablicas que ejercen funciones de car\u00e1cter ambiental en los pa\u00edses de Argentina, Brasil, Bolivia, Colombia, Costa Rica, Chile, Ecuador, El Salvador, Guatemala, Honduras, M\u00e9xico, Panam\u00e1, Paraguay, Per\u00fa y Rep\u00fablica Dominicana, que surge con el objetivo de mejorar la fiscalizaci\u00f3n y el cumplimiento ambiental de toda la regi\u00f3n de Latinoam\u00e9rica.<\/p>\n<p>&nbsp;<\/p>\n","protected":false},"excerpt":{"rendered":"<p>Durante el encuentro se revis\u00f3 el estatus del Plan Estrat\u00e9gico de la Red comprometida para el periodo 2019-2021 y se comprometi\u00f3 una reuni\u00f3n que se realizar\u00e1 durante el mes septiembre con la finalidad de trazar la hoja de ruta de la organizaci\u00f3n para el periodo 2022-2025. Santiago, 05 de agosto de 2022.\u00a0El Superintendente del Medio Ambiente <a href=\"https:\/\/portal.sma.gob.cl\/index.php\/presidencia-pro-tempore-coordina-sesion-extraordinaria-de-trabajo-con-paises-miembros-de-redlafica\/\">Leer m\u00e1s<\/a><\/p>\n","protected":false},"author":8,"featured_media":24904,"comment_status":"open","ping_status":"open","sticky":false,"template":"","format":"standard","meta":{"footnotes":""},"categories":[90,107,225,232],"tags":[],"class_list":["post-24902","post","type-post","status-publish","format-standard","has-post-thumbnail","hentry","category-comunicados-noticias","category-destacado","category-macrozona-centro","category-metropolitana"],"_links":{"self":[{"href":"https:\/\/portal.sma.gob.cl\/index.php\/wp-json\/wp\/v2\/posts\/24902","targetHints":{"allow":["GET"]}}],"collection":[{"href":"https:\/\/portal.sma.gob.cl\/index.php\/wp-json\/wp\/v2\/posts"}],"about":[{"href":"https:\/\/portal.sma.gob.cl\/index.php\/wp-json\/wp\/v2\/types\/post"}],"author":[{"embeddable":true,"href":"https:\/\/portal.sma.gob.cl\/index.php\/wp-json\/wp\/v2\/users\/8"}],"replies":[{"embeddable":true,"href":"https:\/\/portal.sma.gob.cl\/index.php\/wp-json\/wp\/v2\/comments?post=24902"}],"version-history":[{"count":4,"href":"https:\/\/portal.sma.gob.cl\/index.php\/wp-json\/wp\/v2\/posts\/24902\/revisions"}],"predecessor-version":[{"id":24983,"href":"https:\/\/portal.sma.gob.cl\/index.php\/wp-json\/wp\/v2\/posts\/24902\/revisions\/24983"}],"wp:featuredmedia":[{"embeddable":true,"href":"https:\/\/portal.sma.gob.cl\/index.php\/wp-json\/wp\/v2\/media\/24904"}],"wp:attachment":[{"href":"https:\/\/portal.sma.gob.cl\/index.php\/wp-json\/wp\/v2\/media?parent=24902"}],"wp:term":[{"taxonomy":"category","embeddable":true,"href":"https:\/\/portal.sma.gob.cl\/index.php\/wp-json\/wp\/v2\/categories?post=24902"},{"taxonomy":"post_tag","embeddable":true,"href":"https:\/\/portal.sma.gob.cl\/index.php\/wp-json\/wp\/v2\/tags?post=24902"}],"curies":[{"name":"wp","href":"https:\/\/api.w.org\/{rel}","templated":true}]}}