{"id":24927,"date":"2022-08-12T14:16:54","date_gmt":"2022-08-12T18:16:54","guid":{"rendered":"https:\/\/portal.sma.gob.cl\/?p=24927"},"modified":"2022-08-12T14:27:41","modified_gmt":"2022-08-12T18:27:41","slug":"sma-inaugura-delegacion-exclusiva-de-osorno","status":"publish","type":"post","link":"https:\/\/portal.sma.gob.cl\/index.php\/sma-inaugura-delegacion-exclusiva-de-osorno\/","title":{"rendered":"SMA inaugura delegaci\u00f3n exclusiva de Osorno  \u00a0"},"content":{"rendered":"<p><strong>La oficina se encuentra ubicada en el tercer piso Edificio Delegaci\u00f3n Presidencial Provincial de Osorno y tendr\u00e1 como foco la fiscalizaci\u00f3n del Plan de Descontaminaci\u00f3n de la zona, como tambi\u00e9n el an\u00e1lisis de denuncias y la inspecci\u00f3n de proyectos ambientales.<\/strong><!--more--><\/p>\n<p><strong>Osorno, 12 de agosto de 2022.<\/strong> La Superintendencia del Medio Ambiente inaugur\u00f3 este mediod\u00eda su Delegaci\u00f3n Exclusiva de Osorno, la cual permitir\u00e1 una gesti\u00f3n integrada en el territorio de la zona para la fiscalizaci\u00f3n del Plan de Descontaminaci\u00f3n de Osorno, junto a una atenci\u00f3n m\u00e1s \u00e1gil de las denuncias ciudadanas que se presentan en la regi\u00f3n. La actividad cont\u00f3 con la presencia del Subsecretario del Medio Ambiente, Maximiliano Proa\u00f1o y el Superintendente del Medio Ambiente (S), Emanuel Ibarra.<\/p>\n<p>El Subsecretario Proa\u00f1o sostuvo: &#8220;Estamos trabajando por ser el primer gobierno ecol\u00f3gico de Chile. Para eso es fundamental contar con una efectiva fiscalizaci\u00f3n, que entregue tranquilidad a la ciudadan\u00eda. Tambi\u00e9n es un pilar de este gobierno avanzar en una descentralizaci\u00f3n efectiva. Por eso la inauguraci\u00f3n de una delegaci\u00f3n exclusiva de la Superintendencia del Medio Ambiente en Osorno es un gran paso, porque significa avanzar en equidad territorial&#8221;<\/p>\n<p>\u201cComo Superintendencia, estamos muy felices de poder inaugurar esta Delegaci\u00f3n Exclusiva. Sabemos que hay muchos territorios en el pa\u00eds, alejados de las capitales regionales que requieren una presencia m\u00e1s permanente de nuestra instituci\u00f3n. Para nosotros, este tipo de delegaciones permite acercar la SMA al territorio, descentralizar y poder hacer una gesti\u00f3n m\u00e1s r\u00e1pida y eficaz\u201d, afirm\u00f3 el Superintendente del Medio Ambiente (S), Emanuel Ibarra.<\/p>\n<p>Con esta nueva dependencia, la Superintendencia del Medio Ambiente suma un total de 8 delegaciones a lo largo del pa\u00eds y que se suma a las ya operativas en Calama, Quintero, Puchuncav\u00ed, Catemu, San Antonio, Coronel y Chilo\u00e9, las cuales permiten a la Instituci\u00f3n priorizar territorios que requieren atenci\u00f3n en fiscalizaci\u00f3n y acciones de correcci\u00f3n por su vulnerabilidad ambiental. Estas instalaciones se suman a la presencia de las 16 Oficinas Regionales de la SMA ubicadas en todas las capitales del territorio nacional.<\/p>\n<p>La delegaci\u00f3n exclusiva de Osorno se ubicar\u00e1 en el tercer piso del Edificio Delegaci\u00f3n Presidencial Provincial, ubicado en Calle O\u00b4Higgins S\/N, Osorno. El fiscalizador de la zona es Sebasti\u00e1n Albarr\u00e1n Bahamonde, ingeniero en Recursos Naturales, de la Universidad de la Frontera de Temuco (UFRO), quien antes de ingresar a la SMA, se desempe\u00f1\u00f3 en el Programa Servicio Pa\u00eds en la comuna de Teodoro Schmidt, en la regi\u00f3n de La Araucan\u00eda.<\/p>\n<p>El profesional ser\u00e1 apoyado por el equipo de la Oficina Regional de Los Lagos, cuya jefa, Ivonne Mansilla, comenta: \u201cSebasti\u00e1n lleva algunos meses, donde hemos podido acompa\u00f1arlo en fiscalizaciones, se han ido entregando conocimientos y metodolog\u00edas. Toda la oficina estar\u00e1 atenta a sus gestiones y necesidades, ya que cuando haya casos que son m\u00e1s grandes, o por su complejidad requieran de apoyo, viajaremos para estar en terreno en conjunto\u201d.<\/p>\n<p>&nbsp;<\/p>\n<p><strong>Plan de Descontaminaci\u00f3n<\/strong><\/p>\n<p>Desde el a\u00f1o 2017, la SMA establece un Programa Anual de Fiscalizaci\u00f3n del Plan de Descontaminaci\u00f3n de Osorno (PDAO), intensificando inspecciones durante el periodo Gesti\u00f3n de Episodios Cr\u00edticos (GEC) comprendido entre el 1\u00b0 de abril al 30 de septiembre, de cada a\u00f1o. Las actividades que se realizan var\u00edan, seg\u00fan el n\u00famero de d\u00edas con preemergencia y emergencia, declaratoria que realiza la Delegaci\u00f3n Presidencial, en base a los datos aportados por la Seremi de Medio Ambiente.<\/p>\n<p><a href=\"https:\/\/portal.sma.gob.cl\/wp-content\/uploads\/2022\/08\/Grafico-PDAO.png\"><img decoding=\"async\" class=\"aligncenter wp-image-24931 size-full\" src=\"https:\/\/portal.sma.gob.cl\/wp-content\/uploads\/2022\/08\/Grafico-PDAO.png\" alt=\"\" width=\"500\" height=\"207\" srcset=\"https:\/\/portal.sma.gob.cl\/wp-content\/uploads\/2022\/08\/Grafico-PDAO-200x83.png 200w, https:\/\/portal.sma.gob.cl\/wp-content\/uploads\/2022\/08\/Grafico-PDAO-300x124.png 300w, https:\/\/portal.sma.gob.cl\/wp-content\/uploads\/2022\/08\/Grafico-PDAO-400x166.png 400w, https:\/\/portal.sma.gob.cl\/wp-content\/uploads\/2022\/08\/Grafico-PDAO.png 500w\" sizes=\"(max-width: 500px) 100vw, 500px\" \/><\/a><\/p>\n<p>Este a\u00f1o, a julio, se han realizado casi 40 actividades en esta materia. Entre las principales medidas que se fiscalizan, est\u00e1n: Control de Emisiones al Aire de Calderas de Uso Residencial, Industrial y Comercial; uso de artefactos a le\u00f1a en \u00d3rganos de Administraci\u00f3n del Estado y en los edificios municipales, lo mismo en establecimientos comerciales. Tambi\u00e9n se fiscaliza el comercio de le\u00f1a seca.<\/p>\n<p>Tras cinco a\u00f1os de aplicaci\u00f3n, ahora el PDAO entra en un proceso de revisi\u00f3n y actualizaci\u00f3n. La SMA forma parte del Comit\u00e9 Operativo para la revisi\u00f3n de dicho plan.<\/p>\n<h3>Galer\u00eda de im\u00e1genes de la inauguraci\u00f3n<\/h3>\n\n\t\t<style type=\"text\/css\">\n\t\t\t#gallery-1 {\n\t\t\t\tmargin: auto;\n\t\t\t}\n\t\t\t#gallery-1 .gallery-item {\n\t\t\t\tfloat: left;\n\t\t\t\tmargin-top: 10px;\n\t\t\t\ttext-align: center;\n\t\t\t\twidth: 33%;\n\t\t\t}\n\t\t\t#gallery-1 img {\n\t\t\t\tborder: 2px solid #cfcfcf;\n\t\t\t}\n\t\t\t#gallery-1 .gallery-caption {\n\t\t\t\tmargin-left: 0;\n\t\t\t}\n\t\t\t\/* see gallery_shortcode() in wp-includes\/media.php *\/\n\t\t<\/style>\n\t\t<div id='gallery-1' class='gallery galleryid-24927 gallery-columns-3 gallery-size-thumbnail'><dl class='gallery-item'>\n\t\t\t<dt class='gallery-icon portrait'>\n\t\t\t\t<a data-rel=\"iLightbox[postimages]\" data-title=\"WhatsApp Image 2022-08-12 at 12.37.13 PM\" data-caption=\"\" href='https:\/\/portal.sma.gob.cl\/whatsapp-image-2022-08-12-at-12-37-13-pm\/'><img decoding=\"async\" width=\"150\" height=\"150\" src=\"https:\/\/portal.sma.gob.cl\/wp-content\/uploads\/2022\/08\/WhatsApp-Image-2022-08-12-at-12.37.13-PM-150x150.jpeg\" class=\"attachment-thumbnail size-thumbnail\" alt=\"\" srcset=\"https:\/\/portal.sma.gob.cl\/wp-content\/uploads\/2022\/08\/WhatsApp-Image-2022-08-12-at-12.37.13-PM-66x66.jpeg 66w, https:\/\/portal.sma.gob.cl\/wp-content\/uploads\/2022\/08\/WhatsApp-Image-2022-08-12-at-12.37.13-PM-150x150.jpeg 150w\" sizes=\"(max-width: 150px) 100vw, 150px\" \/><\/a>\n\t\t\t<\/dt><\/dl><dl class='gallery-item'>\n\t\t\t<dt class='gallery-icon portrait'>\n\t\t\t\t<a data-rel=\"iLightbox[postimages]\" data-title=\"WhatsApp Image 2022-08-12 at 12.37.22 PM\" data-caption=\"\" href='https:\/\/portal.sma.gob.cl\/whatsapp-image-2022-08-12-at-12-37-22-pm\/'><img decoding=\"async\" width=\"150\" height=\"150\" src=\"https:\/\/portal.sma.gob.cl\/wp-content\/uploads\/2022\/08\/WhatsApp-Image-2022-08-12-at-12.37.22-PM-e1660328200378-150x150.jpeg\" class=\"attachment-thumbnail size-thumbnail\" alt=\"\" srcset=\"https:\/\/portal.sma.gob.cl\/wp-content\/uploads\/2022\/08\/WhatsApp-Image-2022-08-12-at-12.37.22-PM-e1660328200378-66x66.jpeg 66w, https:\/\/portal.sma.gob.cl\/wp-content\/uploads\/2022\/08\/WhatsApp-Image-2022-08-12-at-12.37.22-PM-e1660328200378-150x150.jpeg 150w\" sizes=\"(max-width: 150px) 100vw, 150px\" \/><\/a>\n\t\t\t<\/dt><\/dl><dl class='gallery-item'>\n\t\t\t<dt class='gallery-icon portrait'>\n\t\t\t\t<a data-rel=\"iLightbox[postimages]\" data-title=\"WhatsApp Image 2022-08-12 at 12.37.20 PM\" data-caption=\"\" href='https:\/\/portal.sma.gob.cl\/whatsapp-image-2022-08-12-at-12-37-20-pm\/'><img decoding=\"async\" width=\"150\" height=\"150\" src=\"https:\/\/portal.sma.gob.cl\/wp-content\/uploads\/2022\/08\/WhatsApp-Image-2022-08-12-at-12.37.20-PM-150x150.jpeg\" class=\"attachment-thumbnail size-thumbnail\" alt=\"\" srcset=\"https:\/\/portal.sma.gob.cl\/wp-content\/uploads\/2022\/08\/WhatsApp-Image-2022-08-12-at-12.37.20-PM-66x66.jpeg 66w, https:\/\/portal.sma.gob.cl\/wp-content\/uploads\/2022\/08\/WhatsApp-Image-2022-08-12-at-12.37.20-PM-150x150.jpeg 150w\" sizes=\"(max-width: 150px) 100vw, 150px\" \/><\/a>\n\t\t\t<\/dt><\/dl><br style=\"clear: both\" \/><dl class='gallery-item'>\n\t\t\t<dt class='gallery-icon landscape'>\n\t\t\t\t<a data-rel=\"iLightbox[postimages]\" data-title=\"WhatsApp Image 2022-08-12 at 12.37.29 PM\" data-caption=\"\" href='https:\/\/portal.sma.gob.cl\/whatsapp-image-2022-08-12-at-12-37-29-pm\/'><img decoding=\"async\" width=\"150\" height=\"150\" src=\"https:\/\/portal.sma.gob.cl\/wp-content\/uploads\/2022\/08\/WhatsApp-Image-2022-08-12-at-12.37.29-PM-150x150.jpeg\" class=\"attachment-thumbnail size-thumbnail\" alt=\"\" srcset=\"https:\/\/portal.sma.gob.cl\/wp-content\/uploads\/2022\/08\/WhatsApp-Image-2022-08-12-at-12.37.29-PM-66x66.jpeg 66w, https:\/\/portal.sma.gob.cl\/wp-content\/uploads\/2022\/08\/WhatsApp-Image-2022-08-12-at-12.37.29-PM-150x150.jpeg 150w\" sizes=\"(max-width: 150px) 100vw, 150px\" \/><\/a>\n\t\t\t<\/dt><\/dl><dl class='gallery-item'>\n\t\t\t<dt class='gallery-icon landscape'>\n\t\t\t\t<a data-rel=\"iLightbox[postimages]\" data-title=\"WhatsApp Image 2022-08-12 at 12.37.30 PM\" data-caption=\"\" href='https:\/\/portal.sma.gob.cl\/whatsapp-image-2022-08-12-at-12-37-30-pm\/'><img decoding=\"async\" width=\"150\" height=\"150\" src=\"https:\/\/portal.sma.gob.cl\/wp-content\/uploads\/2022\/08\/WhatsApp-Image-2022-08-12-at-12.37.30-PM-e1660328106222-150x150.jpeg\" class=\"attachment-thumbnail size-thumbnail\" alt=\"\" srcset=\"https:\/\/portal.sma.gob.cl\/wp-content\/uploads\/2022\/08\/WhatsApp-Image-2022-08-12-at-12.37.30-PM-e1660328106222-66x66.jpeg 66w, https:\/\/portal.sma.gob.cl\/wp-content\/uploads\/2022\/08\/WhatsApp-Image-2022-08-12-at-12.37.30-PM-e1660328106222-150x150.jpeg 150w\" sizes=\"(max-width: 150px) 100vw, 150px\" \/><\/a>\n\t\t\t<\/dt><\/dl><dl class='gallery-item'>\n\t\t\t<dt class='gallery-icon landscape'>\n\t\t\t\t<a data-rel=\"iLightbox[postimages]\" data-title=\"WhatsApp Image 2022-08-12 at 1.47.29 PM\" data-caption=\"\" href='https:\/\/portal.sma.gob.cl\/whatsapp-image-2022-08-12-at-1-47-29-pm\/'><img decoding=\"async\" width=\"150\" height=\"150\" src=\"https:\/\/portal.sma.gob.cl\/wp-content\/uploads\/2022\/08\/WhatsApp-Image-2022-08-12-at-1.47.29-PM-e1660328135948-150x150.jpeg\" class=\"attachment-thumbnail size-thumbnail\" alt=\"\" srcset=\"https:\/\/portal.sma.gob.cl\/wp-content\/uploads\/2022\/08\/WhatsApp-Image-2022-08-12-at-1.47.29-PM-e1660328135948-66x66.jpeg 66w, https:\/\/portal.sma.gob.cl\/wp-content\/uploads\/2022\/08\/WhatsApp-Image-2022-08-12-at-1.47.29-PM-e1660328135948-150x150.jpeg 150w\" sizes=\"(max-width: 150px) 100vw, 150px\" \/><\/a>\n\t\t\t<\/dt><\/dl><br style=\"clear: both\" \/><dl class='gallery-item'>\n\t\t\t<dt class='gallery-icon landscape'>\n\t\t\t\t<a data-rel=\"iLightbox[postimages]\" data-title=\"WhatsApp Image 2022-08-12 at 1.47.30 PM\" data-caption=\"\" href='https:\/\/portal.sma.gob.cl\/whatsapp-image-2022-08-12-at-1-47-30-pm\/'><img decoding=\"async\" width=\"150\" height=\"150\" src=\"https:\/\/portal.sma.gob.cl\/wp-content\/uploads\/2022\/08\/WhatsApp-Image-2022-08-12-at-1.47.30-PM-150x150.jpeg\" class=\"attachment-thumbnail size-thumbnail\" alt=\"\" srcset=\"https:\/\/portal.sma.gob.cl\/wp-content\/uploads\/2022\/08\/WhatsApp-Image-2022-08-12-at-1.47.30-PM-66x66.jpeg 66w, https:\/\/portal.sma.gob.cl\/wp-content\/uploads\/2022\/08\/WhatsApp-Image-2022-08-12-at-1.47.30-PM-150x150.jpeg 150w\" sizes=\"(max-width: 150px) 100vw, 150px\" \/><\/a>\n\t\t\t<\/dt><\/dl>\n\t\t\t<br style='clear: both' \/>\n\t\t<\/div>\n\n","protected":false},"excerpt":{"rendered":"<p>La oficina se encuentra ubicada en el tercer piso Edificio Delegaci\u00f3n Presidencial Provincial de Osorno y tendr\u00e1 como foco la fiscalizaci\u00f3n del Plan de Descontaminaci\u00f3n de la zona, como tambi\u00e9n el an\u00e1lisis de denuncias y la inspecci\u00f3n de proyectos ambientales.<\/p>\n","protected":false},"author":9,"featured_media":24922,"comment_status":"open","ping_status":"open","sticky":false,"template":"","format":"standard","meta":{"footnotes":""},"categories":[90,107,239,226],"tags":[],"class_list":["post-24927","post","type-post","status-publish","format-standard","has-post-thumbnail","hentry","category-comunicados-noticias","category-destacado","category-los-lagos","category-macrozona-sur"],"_links":{"self":[{"href":"https:\/\/portal.sma.gob.cl\/index.php\/wp-json\/wp\/v2\/posts\/24927","targetHints":{"allow":["GET"]}}],"collection":[{"href":"https:\/\/portal.sma.gob.cl\/index.php\/wp-json\/wp\/v2\/posts"}],"about":[{"href":"https:\/\/portal.sma.gob.cl\/index.php\/wp-json\/wp\/v2\/types\/post"}],"author":[{"embeddable":true,"href":"https:\/\/portal.sma.gob.cl\/index.php\/wp-json\/wp\/v2\/users\/9"}],"replies":[{"embeddable":true,"href":"https:\/\/portal.sma.gob.cl\/index.php\/wp-json\/wp\/v2\/comments?post=24927"}],"version-history":[{"count":4,"href":"https:\/\/portal.sma.gob.cl\/index.php\/wp-json\/wp\/v2\/posts\/24927\/revisions"}],"predecessor-version":[{"id":24932,"href":"https:\/\/portal.sma.gob.cl\/index.php\/wp-json\/wp\/v2\/posts\/24927\/revisions\/24932"}],"wp:featuredmedia":[{"embeddable":true,"href":"https:\/\/portal.sma.gob.cl\/index.php\/wp-json\/wp\/v2\/media\/24922"}],"wp:attachment":[{"href":"https:\/\/portal.sma.gob.cl\/index.php\/wp-json\/wp\/v2\/media?parent=24927"}],"wp:term":[{"taxonomy":"category","embeddable":true,"href":"https:\/\/portal.sma.gob.cl\/index.php\/wp-json\/wp\/v2\/categories?post=24927"},{"taxonomy":"post_tag","embeddable":true,"href":"https:\/\/portal.sma.gob.cl\/index.php\/wp-json\/wp\/v2\/tags?post=24927"}],"curies":[{"name":"wp","href":"https:\/\/api.w.org\/{rel}","templated":true}]}}